{"id":10096,"date":"2025-04-26T09:56:45","date_gmt":"2025-04-26T07:56:45","guid":{"rendered":"https:\/\/erhardt-stiefel.de\/?p=10096"},"modified":"2025-04-26T09:56:45","modified_gmt":"2025-04-26T07:56:45","slug":"gegen-das-vergessen","status":"publish","type":"post","link":"https:\/\/erhardt-stiefel.de\/index.php\/2025\/04\/26\/gegen-das-vergessen\/","title":{"rendered":"Gegen das Vergessen"},"content":{"rendered":"<p><img loading=\"lazy\" decoding=\"async\" class=\"aligncenter size-full wp-image-4697\" src=\"https:\/\/erhardt-stiefel.de\/wp-content\/uploads\/2021\/04\/26.jpg\" alt=\"\" width=\"793\" height=\"882\" srcset=\"https:\/\/erhardt-stiefel.de\/wp-content\/uploads\/2021\/04\/26.jpg 793w, https:\/\/erhardt-stiefel.de\/wp-content\/uploads\/2021\/04\/26-270x300.jpg 270w, https:\/\/erhardt-stiefel.de\/wp-content\/uploads\/2021\/04\/26-768x854.jpg 768w\" sizes=\"auto, (max-width: 767px) 89vw, (max-width: 1000px) 54vw, (max-width: 1071px) 543px, 580px\" \/><\/p>\n<p><strong>Lobe den Herrn, meine Seele und vergiss nicht, was er dir Gutes getan hat.<span style=\"color: #0000ff;\"><a style=\"color: #0000ff;\" href=\"https:\/\/www.bibleserver.com\/LUT\/Psalm103%2C2\" target=\"_blank\" rel=\"noopener noreferrer nofollow\"> Psalm 103, 2<\/a><\/span><\/strong><\/p>\n<p>Gro\u00dfartige und bedeutende Erfahrungen haben ihren Wert verloren, sobald sie vergessen werden. Darum hei\u00dft es: Vergiss nicht, was der Herr dir Gutes getan hat.<\/p>\n<p>Als David gegen Goliath k\u00e4mpfen wollte, sah die Situation hoffnungslos aus. Die M\u00e4nner Sauls zitterten vor Furcht und hatten sich verkrochen. Goliath strotzte vor Kraft und \u00dcbermut und war sicher, den Kampf zu gewinnen. David \u00fcberlegte, was er bereits mit Gott erleben durfte. Da fiel ihm ein, dass er bereits zwei K\u00e4mpfe gewonnen hatte. Er hatte einen L\u00f6wen und einen B\u00e4ren besiegt. Diese Erfahrungen machten sein Herz stark, er gewann Mut, die Herausforderung anzunehmen und er gewann. <a href=\"https:\/\/www.bibleserver.com\/LUT\/1.Samuel17\" target=\"_blank\" rel=\"noopener noreferrer nofollow\"><span style=\"color: #0000ff;\">1. Sam. 17<\/span><\/a>.<\/p>\n<p>Das Leben besteht aus einer Summe von Erfahrungen und jeden Tag kommen neue hinzu. Erfahrungen sind von Gott geschenkte Lektionen. Sie machen weise, wenn wir verstehen, was wir daraus lernen k\u00f6nnen; sie machen mutig, wenn wir K\u00e4mpfe und Siege richtig einordnen; sie machen zu guten Ratgebern, wenn wir verstanden haben, was Gott damit sagen wollte.<!--more--><\/p>\n<p>Das Alter steht in der Bibel hoch im Kurs. Alte Menschen sollten nach biblischem Verst\u00e4ndnis weise sein. Sie haben den \u00dcberblick gewonnen und erkennen die Gefahr rechtzeitig. Fragt man sie nach etwas, k\u00f6nnen sie antworten. Das Leben war ihr Lehrmeister und sie haben ihre Lektionen gelernt wie Hiob, der in der Stadt unter dem Tor seinen Platz eingenommen hatte und zu antworten wusste, wenn man ihn fragte. <span style=\"color: #0000ff;\"><a style=\"color: #0000ff;\" href=\"https:\/\/www.bibleserver.com\/LUT\/Hiob29\" target=\"_blank\" rel=\"noopener noreferrer nofollow\">Hiob 29<\/a><\/span>.<\/p>\n<p>Wer aber vergisst, was er mit Gott erlebt hat, dessen Mund muss stumm bleiben. Er f\u00fchlt sich arm, obwohl er unendlich reich sein k\u00f6nnte. Er hat aber seinen Reichtum vergessen. Was kann er ihm nun n\u00fctzen? Er hat nichts zu sagen, weil das Leben an ihm vor\u00fcbergegangen ist, ohne wirklich dabei gewesen zu sein.<\/p>\n<p>Notizen helfen gegen das Vergessen. Ich lernte ein Ehepaar kennen, das sich jede besondere Erfahrung aufschrieb und in ein K\u00e4stchen legte. In Zeiten der Anfechtung holten sie alle Notizen hervor, legten sie auf den Tisch und begannen laut vorzulesen, was Gott an ihnen bereits Gutes getan hatte. Sie sagten: So wie David an den Bach ging, um sich seine Schleudersteine zu suchen, so \u00f6ffnen wir das K\u00e4stchen. Hier liegen sie in gro\u00dfer F\u00fclle und oft gen\u00fcgt schon einer, um in der Anfechtung stark zu bleiben.<\/p>\n<p>Gott verordnete Israel einige besondere Feiertage f\u00fcr einen ganz bestimmten Zweck. Sie sollten nicht vergessen, was der Herr ihnen in der Vergangenheit Gutes getan hatte.<\/p>\n<p>In meiner Bibel befindet sich eine Liste mit \u00fcber einhundert Geschichten, Erfahrungen, Illustrationen oder Weisheitsreden. Ich habe sie im Laufe der Jahre gesammelt. Wie oft schaute ich schon hinein, weil meine Predigt einen guten Einstieg als Augen\u00f6ffner brauchte.<\/p>\n<p>Ich habe gelernt, dass die ersten drei Minuten dar\u00fcber entscheiden, ob der H\u00f6rer weiterhin zuh\u00f6ren will oder nicht. Ich will meine H\u00f6rer fesseln und niemanden langweilen. Ich will, dass sie wieder kommen und andere mitbringen.<\/p>\n","protected":false},"excerpt":{"rendered":"<p>Lobe den Herrn, meine Seele und vergiss nicht, was er dir Gutes getan hat. Psalm 103, 2 Gro\u00dfartige und bedeutende Erfahrungen haben ihren Wert verloren, sobald sie vergessen werden. Darum hei\u00dft es: Vergiss nicht, was der Herr dir Gutes getan hat. Als David gegen Goliath k\u00e4mpfen wollte, sah die Situation hoffnungslos aus. Die M\u00e4nner Sauls &hellip; <\/p>\n<p class=\"link-more\"><a href=\"https:\/\/erhardt-stiefel.de\/index.php\/2025\/04\/26\/gegen-das-vergessen\/\" class=\"more-link\"><span class=\"screen-reader-text\">\u201eGegen das Vergessen\u201c<\/span> weiterlesen<\/a><\/p>\n","protected":false},"author":1,"featured_media":0,"comment_status":"open","ping_status":"closed","sticky":false,"template":"","format":"standard","meta":{"_exactmetrics_skip_tracking":false,"_exactmetrics_sitenote_active":false,"_exactmetrics_sitenote_note":"","_exactmetrics_sitenote_category":0,"ngg_post_thumbnail":0,"jetpack_post_was_ever_published":false,"_jetpack_newsletter_access":"","_jetpack_dont_email_post_to_subs":false,"_jetpack_newsletter_tier_id":0,"_jetpack_memberships_contains_paywalled_content":false,"_jetpack_memberships_contains_paid_content":false,"footnotes":"","jetpack_publicize_message":"","jetpack_publicize_feature_enabled":true,"jetpack_social_post_already_shared":true,"jetpack_social_options":{"image_generator_settings":{"template":"highway","default_image_id":0,"font":"","enabled":false},"version":2}},"categories":[319,311],"tags":[317,377,331],"class_list":["post-10096","post","type-post","status-publish","format-standard","hentry","category-adlerbotschaft","category-predigten","tag-adler","tag-april","tag-psalm"],"yoast_head":"<!-- This site is optimized with the Yoast SEO plugin v27.4 - https:\/\/yoast.com\/product\/yoast-seo-wordpress\/ -->\n<title>Gegen das Vergessen - Erhardt Stiefel&#039;s Fundgrube<\/title>\n<meta name=\"robots\" content=\"index, follow, max-snippet:-1, max-image-preview:large, max-video-preview:-1\" \/>\n<link rel=\"canonical\" href=\"https:\/\/erhardt-stiefel.de\/index.php\/2025\/04\/26\/gegen-das-vergessen\/\" \/>\n<meta property=\"og:locale\" content=\"de_DE\" \/>\n<meta property=\"og:type\" content=\"article\" \/>\n<meta property=\"og:title\" content=\"Gegen das Vergessen - Erhardt Stiefel&#039;s Fundgrube\" \/>\n<meta property=\"og:description\" content=\"Lobe den Herrn, meine Seele und vergiss nicht, was er dir Gutes getan hat. Psalm 103, 2 Gro\u00dfartige und bedeutende Erfahrungen haben ihren Wert verloren, sobald sie vergessen werden. Darum hei\u00dft es: Vergiss nicht, was der Herr dir Gutes getan hat. Als David gegen Goliath k\u00e4mpfen wollte, sah die Situation hoffnungslos aus. Die M\u00e4nner Sauls &hellip; \u201eGegen das Vergessen\u201c weiterlesen\" \/>\n<meta property=\"og:url\" content=\"https:\/\/erhardt-stiefel.de\/index.php\/2025\/04\/26\/gegen-das-vergessen\/\" \/>\n<meta property=\"og:site_name\" content=\"Erhardt Stiefel&#039;s Fundgrube\" \/>\n<meta property=\"article:published_time\" content=\"2025-04-26T07:56:45+00:00\" \/>\n<meta property=\"og:image\" content=\"https:\/\/erhardt-stiefel.de\/wp-content\/uploads\/2021\/04\/26.jpg\" \/>\n\t<meta property=\"og:image:width\" content=\"793\" \/>\n\t<meta property=\"og:image:height\" content=\"882\" \/>\n\t<meta property=\"og:image:type\" content=\"image\/jpeg\" \/>\n<meta name=\"author\" content=\"Erhardt\" \/>\n<meta name=\"twitter:card\" content=\"summary_large_image\" \/>\n<meta name=\"twitter:creator\" content=\"@erhardtstiefel77\" \/>\n<meta name=\"twitter:label1\" content=\"Geschrieben von\" \/>\n\t<meta name=\"twitter:data1\" content=\"Erhardt\" \/>\n\t<meta name=\"twitter:label2\" content=\"Gesch\u00e4tzte Lesezeit\" \/>\n\t<meta name=\"twitter:data2\" content=\"3\u00a0Minuten\" \/>\n<script type=\"application\/ld+json\" class=\"yoast-schema-graph\">{\"@context\":\"https:\\\/\\\/schema.org\",\"@graph\":[{\"@type\":\"Article\",\"@id\":\"https:\\\/\\\/erhardt-stiefel.de\\\/index.php\\\/2025\\\/04\\\/26\\\/gegen-das-vergessen\\\/#article\",\"isPartOf\":{\"@id\":\"https:\\\/\\\/erhardt-stiefel.de\\\/index.php\\\/2025\\\/04\\\/26\\\/gegen-das-vergessen\\\/\"},\"author\":{\"name\":\"Erhardt\",\"@id\":\"https:\\\/\\\/erhardt-stiefel.de\\\/#\\\/schema\\\/person\\\/623af879bb14c4ae6622ece81ec006ef\"},\"headline\":\"Gegen das Vergessen\",\"datePublished\":\"2025-04-26T07:56:45+00:00\",\"mainEntityOfPage\":{\"@id\":\"https:\\\/\\\/erhardt-stiefel.de\\\/index.php\\\/2025\\\/04\\\/26\\\/gegen-das-vergessen\\\/\"},\"wordCount\":506,\"commentCount\":0,\"image\":{\"@id\":\"https:\\\/\\\/erhardt-stiefel.de\\\/index.php\\\/2025\\\/04\\\/26\\\/gegen-das-vergessen\\\/#primaryimage\"},\"thumbnailUrl\":\"https:\\\/\\\/erhardt-stiefel.de\\\/wp-content\\\/uploads\\\/2021\\\/04\\\/26.jpg\",\"keywords\":[\"Adler\",\"April\",\"Psalm\"],\"articleSection\":[\"Adlerbotschaft\",\"Predigten\"],\"inLanguage\":\"de\",\"potentialAction\":[{\"@type\":\"CommentAction\",\"name\":\"Comment\",\"target\":[\"https:\\\/\\\/erhardt-stiefel.de\\\/index.php\\\/2025\\\/04\\\/26\\\/gegen-das-vergessen\\\/#respond\"]}]},{\"@type\":\"WebPage\",\"@id\":\"https:\\\/\\\/erhardt-stiefel.de\\\/index.php\\\/2025\\\/04\\\/26\\\/gegen-das-vergessen\\\/\",\"url\":\"https:\\\/\\\/erhardt-stiefel.de\\\/index.php\\\/2025\\\/04\\\/26\\\/gegen-das-vergessen\\\/\",\"name\":\"Gegen das Vergessen - Erhardt Stiefel&#039;s Fundgrube\",\"isPartOf\":{\"@id\":\"https:\\\/\\\/erhardt-stiefel.de\\\/#website\"},\"primaryImageOfPage\":{\"@id\":\"https:\\\/\\\/erhardt-stiefel.de\\\/index.php\\\/2025\\\/04\\\/26\\\/gegen-das-vergessen\\\/#primaryimage\"},\"image\":{\"@id\":\"https:\\\/\\\/erhardt-stiefel.de\\\/index.php\\\/2025\\\/04\\\/26\\\/gegen-das-vergessen\\\/#primaryimage\"},\"thumbnailUrl\":\"https:\\\/\\\/erhardt-stiefel.de\\\/wp-content\\\/uploads\\\/2021\\\/04\\\/26.jpg\",\"datePublished\":\"2025-04-26T07:56:45+00:00\",\"author\":{\"@id\":\"https:\\\/\\\/erhardt-stiefel.de\\\/#\\\/schema\\\/person\\\/623af879bb14c4ae6622ece81ec006ef\"},\"breadcrumb\":{\"@id\":\"https:\\\/\\\/erhardt-stiefel.de\\\/index.php\\\/2025\\\/04\\\/26\\\/gegen-das-vergessen\\\/#breadcrumb\"},\"inLanguage\":\"de\",\"potentialAction\":[{\"@type\":\"ReadAction\",\"target\":[\"https:\\\/\\\/erhardt-stiefel.de\\\/index.php\\\/2025\\\/04\\\/26\\\/gegen-das-vergessen\\\/\"]}]},{\"@type\":\"ImageObject\",\"inLanguage\":\"de\",\"@id\":\"https:\\\/\\\/erhardt-stiefel.de\\\/index.php\\\/2025\\\/04\\\/26\\\/gegen-das-vergessen\\\/#primaryimage\",\"url\":\"https:\\\/\\\/erhardt-stiefel.de\\\/wp-content\\\/uploads\\\/2021\\\/04\\\/26.jpg\",\"contentUrl\":\"https:\\\/\\\/erhardt-stiefel.de\\\/wp-content\\\/uploads\\\/2021\\\/04\\\/26.jpg\",\"width\":793,\"height\":882},{\"@type\":\"BreadcrumbList\",\"@id\":\"https:\\\/\\\/erhardt-stiefel.de\\\/index.php\\\/2025\\\/04\\\/26\\\/gegen-das-vergessen\\\/#breadcrumb\",\"itemListElement\":[{\"@type\":\"ListItem\",\"position\":1,\"name\":\"Home\",\"item\":\"https:\\\/\\\/erhardt-stiefel.de\\\/\"},{\"@type\":\"ListItem\",\"position\":2,\"name\":\"Gegen das Vergessen\"}]},{\"@type\":\"WebSite\",\"@id\":\"https:\\\/\\\/erhardt-stiefel.de\\\/#website\",\"url\":\"https:\\\/\\\/erhardt-stiefel.de\\\/\",\"name\":\"Erhardt Stiefel&#039;s Fundgrube\",\"description\":\"Erfahrungen mit CMS, Genealogie, Gott und der Welt - die ich sehr gerne mit dir teilen w\u00fcrde\",\"potentialAction\":[{\"@type\":\"SearchAction\",\"target\":{\"@type\":\"EntryPoint\",\"urlTemplate\":\"https:\\\/\\\/erhardt-stiefel.de\\\/?s={search_term_string}\"},\"query-input\":{\"@type\":\"PropertyValueSpecification\",\"valueRequired\":true,\"valueName\":\"search_term_string\"}}],\"inLanguage\":\"de\"},{\"@type\":\"Person\",\"@id\":\"https:\\\/\\\/erhardt-stiefel.de\\\/#\\\/schema\\\/person\\\/623af879bb14c4ae6622ece81ec006ef\",\"name\":\"Erhardt\",\"image\":{\"@type\":\"ImageObject\",\"inLanguage\":\"de\",\"@id\":\"https:\\\/\\\/secure.gravatar.com\\\/avatar\\\/086c9cb068fa330c15ed0aabfea0b66ecfa387fd1d6eb1a1a3b0a963becd7f74?s=96&d=mm&r=g\",\"url\":\"https:\\\/\\\/secure.gravatar.com\\\/avatar\\\/086c9cb068fa330c15ed0aabfea0b66ecfa387fd1d6eb1a1a3b0a963becd7f74?s=96&d=mm&r=g\",\"contentUrl\":\"https:\\\/\\\/secure.gravatar.com\\\/avatar\\\/086c9cb068fa330c15ed0aabfea0b66ecfa387fd1d6eb1a1a3b0a963becd7f74?s=96&d=mm&r=g\",\"caption\":\"Erhardt\"},\"sameAs\":[\"https:\\\/\\\/erhardt-stiefel.de\",\"https:\\\/\\\/x.com\\\/erhardtstiefel77\"],\"url\":\"https:\\\/\\\/erhardt-stiefel.de\\\/index.php\\\/author\\\/erhardt_stiefel\\\/\"}]}<\/script>\n<!-- \/ Yoast SEO plugin. -->","yoast_head_json":{"title":"Gegen das Vergessen - Erhardt Stiefel&#039;s Fundgrube","robots":{"index":"index","follow":"follow","max-snippet":"max-snippet:-1","max-image-preview":"max-image-preview:large","max-video-preview":"max-video-preview:-1"},"canonical":"https:\/\/erhardt-stiefel.de\/index.php\/2025\/04\/26\/gegen-das-vergessen\/","og_locale":"de_DE","og_type":"article","og_title":"Gegen das Vergessen - Erhardt Stiefel&#039;s Fundgrube","og_description":"Lobe den Herrn, meine Seele und vergiss nicht, was er dir Gutes getan hat. Psalm 103, 2 Gro\u00dfartige und bedeutende Erfahrungen haben ihren Wert verloren, sobald sie vergessen werden. Darum hei\u00dft es: Vergiss nicht, was der Herr dir Gutes getan hat. Als David gegen Goliath k\u00e4mpfen wollte, sah die Situation hoffnungslos aus. Die M\u00e4nner Sauls &hellip; \u201eGegen das Vergessen\u201c weiterlesen","og_url":"https:\/\/erhardt-stiefel.de\/index.php\/2025\/04\/26\/gegen-das-vergessen\/","og_site_name":"Erhardt Stiefel&#039;s Fundgrube","article_published_time":"2025-04-26T07:56:45+00:00","og_image":[{"width":793,"height":882,"url":"https:\/\/erhardt-stiefel.de\/wp-content\/uploads\/2021\/04\/26.jpg","type":"image\/jpeg"}],"author":"Erhardt","twitter_card":"summary_large_image","twitter_creator":"@erhardtstiefel77","twitter_misc":{"Geschrieben von":"Erhardt","Gesch\u00e4tzte Lesezeit":"3\u00a0Minuten"},"schema":{"@context":"https:\/\/schema.org","@graph":[{"@type":"Article","@id":"https:\/\/erhardt-stiefel.de\/index.php\/2025\/04\/26\/gegen-das-vergessen\/#article","isPartOf":{"@id":"https:\/\/erhardt-stiefel.de\/index.php\/2025\/04\/26\/gegen-das-vergessen\/"},"author":{"name":"Erhardt","@id":"https:\/\/erhardt-stiefel.de\/#\/schema\/person\/623af879bb14c4ae6622ece81ec006ef"},"headline":"Gegen das Vergessen","datePublished":"2025-04-26T07:56:45+00:00","mainEntityOfPage":{"@id":"https:\/\/erhardt-stiefel.de\/index.php\/2025\/04\/26\/gegen-das-vergessen\/"},"wordCount":506,"commentCount":0,"image":{"@id":"https:\/\/erhardt-stiefel.de\/index.php\/2025\/04\/26\/gegen-das-vergessen\/#primaryimage"},"thumbnailUrl":"https:\/\/erhardt-stiefel.de\/wp-content\/uploads\/2021\/04\/26.jpg","keywords":["Adler","April","Psalm"],"articleSection":["Adlerbotschaft","Predigten"],"inLanguage":"de","potentialAction":[{"@type":"CommentAction","name":"Comment","target":["https:\/\/erhardt-stiefel.de\/index.php\/2025\/04\/26\/gegen-das-vergessen\/#respond"]}]},{"@type":"WebPage","@id":"https:\/\/erhardt-stiefel.de\/index.php\/2025\/04\/26\/gegen-das-vergessen\/","url":"https:\/\/erhardt-stiefel.de\/index.php\/2025\/04\/26\/gegen-das-vergessen\/","name":"Gegen das Vergessen - Erhardt Stiefel&#039;s Fundgrube","isPartOf":{"@id":"https:\/\/erhardt-stiefel.de\/#website"},"primaryImageOfPage":{"@id":"https:\/\/erhardt-stiefel.de\/index.php\/2025\/04\/26\/gegen-das-vergessen\/#primaryimage"},"image":{"@id":"https:\/\/erhardt-stiefel.de\/index.php\/2025\/04\/26\/gegen-das-vergessen\/#primaryimage"},"thumbnailUrl":"https:\/\/erhardt-stiefel.de\/wp-content\/uploads\/2021\/04\/26.jpg","datePublished":"2025-04-26T07:56:45+00:00","author":{"@id":"https:\/\/erhardt-stiefel.de\/#\/schema\/person\/623af879bb14c4ae6622ece81ec006ef"},"breadcrumb":{"@id":"https:\/\/erhardt-stiefel.de\/index.php\/2025\/04\/26\/gegen-das-vergessen\/#breadcrumb"},"inLanguage":"de","potentialAction":[{"@type":"ReadAction","target":["https:\/\/erhardt-stiefel.de\/index.php\/2025\/04\/26\/gegen-das-vergessen\/"]}]},{"@type":"ImageObject","inLanguage":"de","@id":"https:\/\/erhardt-stiefel.de\/index.php\/2025\/04\/26\/gegen-das-vergessen\/#primaryimage","url":"https:\/\/erhardt-stiefel.de\/wp-content\/uploads\/2021\/04\/26.jpg","contentUrl":"https:\/\/erhardt-stiefel.de\/wp-content\/uploads\/2021\/04\/26.jpg","width":793,"height":882},{"@type":"BreadcrumbList","@id":"https:\/\/erhardt-stiefel.de\/index.php\/2025\/04\/26\/gegen-das-vergessen\/#breadcrumb","itemListElement":[{"@type":"ListItem","position":1,"name":"Home","item":"https:\/\/erhardt-stiefel.de\/"},{"@type":"ListItem","position":2,"name":"Gegen das Vergessen"}]},{"@type":"WebSite","@id":"https:\/\/erhardt-stiefel.de\/#website","url":"https:\/\/erhardt-stiefel.de\/","name":"Erhardt Stiefel&#039;s Fundgrube","description":"Erfahrungen mit CMS, Genealogie, Gott und der Welt - die ich sehr gerne mit dir teilen w\u00fcrde","potentialAction":[{"@type":"SearchAction","target":{"@type":"EntryPoint","urlTemplate":"https:\/\/erhardt-stiefel.de\/?s={search_term_string}"},"query-input":{"@type":"PropertyValueSpecification","valueRequired":true,"valueName":"search_term_string"}}],"inLanguage":"de"},{"@type":"Person","@id":"https:\/\/erhardt-stiefel.de\/#\/schema\/person\/623af879bb14c4ae6622ece81ec006ef","name":"Erhardt","image":{"@type":"ImageObject","inLanguage":"de","@id":"https:\/\/secure.gravatar.com\/avatar\/086c9cb068fa330c15ed0aabfea0b66ecfa387fd1d6eb1a1a3b0a963becd7f74?s=96&d=mm&r=g","url":"https:\/\/secure.gravatar.com\/avatar\/086c9cb068fa330c15ed0aabfea0b66ecfa387fd1d6eb1a1a3b0a963becd7f74?s=96&d=mm&r=g","contentUrl":"https:\/\/secure.gravatar.com\/avatar\/086c9cb068fa330c15ed0aabfea0b66ecfa387fd1d6eb1a1a3b0a963becd7f74?s=96&d=mm&r=g","caption":"Erhardt"},"sameAs":["https:\/\/erhardt-stiefel.de","https:\/\/x.com\/erhardtstiefel77"],"url":"https:\/\/erhardt-stiefel.de\/index.php\/author\/erhardt_stiefel\/"}]}},"jetpack_publicize_connections":[],"jetpack_featured_media_url":"","jetpack_sharing_enabled":true,"jetpack_shortlink":"https:\/\/wp.me\/paRlFh-2CQ","_links":{"self":[{"href":"https:\/\/erhardt-stiefel.de\/index.php\/wp-json\/wp\/v2\/posts\/10096","targetHints":{"allow":["GET"]}}],"collection":[{"href":"https:\/\/erhardt-stiefel.de\/index.php\/wp-json\/wp\/v2\/posts"}],"about":[{"href":"https:\/\/erhardt-stiefel.de\/index.php\/wp-json\/wp\/v2\/types\/post"}],"author":[{"embeddable":true,"href":"https:\/\/erhardt-stiefel.de\/index.php\/wp-json\/wp\/v2\/users\/1"}],"replies":[{"embeddable":true,"href":"https:\/\/erhardt-stiefel.de\/index.php\/wp-json\/wp\/v2\/comments?post=10096"}],"version-history":[{"count":1,"href":"https:\/\/erhardt-stiefel.de\/index.php\/wp-json\/wp\/v2\/posts\/10096\/revisions"}],"predecessor-version":[{"id":10097,"href":"https:\/\/erhardt-stiefel.de\/index.php\/wp-json\/wp\/v2\/posts\/10096\/revisions\/10097"}],"wp:attachment":[{"href":"https:\/\/erhardt-stiefel.de\/index.php\/wp-json\/wp\/v2\/media?parent=10096"}],"wp:term":[{"taxonomy":"category","embeddable":true,"href":"https:\/\/erhardt-stiefel.de\/index.php\/wp-json\/wp\/v2\/categories?post=10096"},{"taxonomy":"post_tag","embeddable":true,"href":"https:\/\/erhardt-stiefel.de\/index.php\/wp-json\/wp\/v2\/tags?post=10096"}],"curies":[{"name":"wp","href":"https:\/\/api.w.org\/{rel}","templated":true}]}}