{"id":10162,"date":"2025-05-17T10:43:18","date_gmt":"2025-05-17T08:43:18","guid":{"rendered":"https:\/\/erhardt-stiefel.de\/?p=10162"},"modified":"2025-05-17T10:43:18","modified_gmt":"2025-05-17T08:43:18","slug":"taten-sprechen-lauter-als-worte","status":"publish","type":"post","link":"https:\/\/erhardt-stiefel.de\/index.php\/2025\/05\/17\/taten-sprechen-lauter-als-worte\/","title":{"rendered":"Taten sprechen lauter als Worte"},"content":{"rendered":"<p><img loading=\"lazy\" decoding=\"async\" class=\"aligncenter size-full wp-image-4830\" src=\"https:\/\/erhardt-stiefel.de\/wp-content\/uploads\/2021\/05\/17.jpg\" alt=\"\" width=\"796\" height=\"887\" srcset=\"https:\/\/erhardt-stiefel.de\/wp-content\/uploads\/2021\/05\/17.jpg 796w, https:\/\/erhardt-stiefel.de\/wp-content\/uploads\/2021\/05\/17-269x300.jpg 269w, https:\/\/erhardt-stiefel.de\/wp-content\/uploads\/2021\/05\/17-768x856.jpg 768w\" sizes=\"auto, (max-width: 767px) 89vw, (max-width: 1000px) 54vw, (max-width: 1071px) 543px, 580px\" \/><\/p>\n<p><strong>Du sollst deinen N\u00e4chsten lieben wie dich selbst.<span style=\"color: #0000ff;\"><a style=\"color: #0000ff;\" href=\"https:\/\/www.bibleserver.com\/LUT\/Matth%C3%A4us22%2C39\" target=\"_blank\" rel=\"noopener noreferrer nofollow\"> Matth\u00e4us 22, 39<\/a><\/span><\/strong><\/p>\n<p>Die vielen Verordnungen, die Gott seinem Volk im Alten Testament gab, hatten eine zentrale Botschaft: Alle Bereiche des Lebens sollten auf N\u00e4chstenliebe gegr\u00fcndet sein. Jesus geht noch weiter, wenn er von der Liebe zu den Feinden spricht. <em>Ich aber sage euch: Liebet eure Feinde; segnet, die euch fluchen, tut wohl denen, die euch hassen; bittet f\u00fcr die, so euch beleidigen und verfolgen.<\/em> <span style=\"color: #0000ff;\"><a style=\"color: #0000ff;\" href=\"https:\/\/www.bibleserver.com\/LUT\/Matth%C3%A4us5%2C44\" target=\"_blank\" rel=\"noopener noreferrer nofollow\">Matth. 5,44<\/a><\/span>.<\/p>\n<p>Sicher ist eine solche Botschaft eine \u00dcberforderung f\u00fcr den nat\u00fcrlichen Menschen. Sein Gerechtigkeitsempfinden sinnt auf Vergeltung und \u00fcbt Rache. In der moslemischen Welt wird das in vielen Facetten in erschreckender Weise immer wieder sichtbar. So werden Nachbarn zu Feinden und werden umgebracht, nur weil man glaubt, die eigene Ehre sei gesch\u00e4ndet worden.<!--more--><\/p>\n<p>Jesus fordert nicht, dass wir unsere Feinde lieben sollen, er bef\u00e4higt uns aber dazu. Findet ein Mensch zu Christus, schenkt er ihm seinen Heiligen Geist. So wird der einst von Gott Entfernte und Ungeliebte von innen her erneuert und zur wahren Liebe bef\u00e4higt. Jetzt kann er mit neuen Perspektiven leben und seine Mitmenschen mit den Augen Gottes sehen. Er empfindet Mitleid und m\u00f6chte Gutes tun. Aus Verordnungen durch Gesetze ist ein dynamisches Bed\u00fcrfnis geworden.<\/p>\n<p>Der N\u00e4chstenliebe sind keine Grenzen gesetzt. Gott \u00fcberl\u00e4sst es unserer Phantasie, wie wir sie zum Ausdruck bringen wollen. Jedenfalls wird jede gute Tat Zeichen setzen und dazu beitragen, anderen die Augen zu \u00f6ffnen.<\/p>\n<p>Ich fand in der Zeitung folgenden Bericht:<br \/>\n\u201eWeitere 100 \u20ac f\u00fcr den Baby-Notarztwagen wurden gestern der Redaktion der Kreiszeitung \u00fcbergeben, \u201aAbsender\u2019 war der Sch\u00fclerkreis des kaufm\u00e4nnischen Schulzentrums B., der auf Anregung von Rektor L. den Erl\u00f6s einer Musikveranstaltung dem Baby-Notarztwagen zudachte. Am vergangenen Samstag hatten etwa 250 Jugendliche den Weg in die Turnhalle des Berufsschulzentrums gefunden. Dort spielten die \u201aLiving Stones\u2019, deren Musik sich aus einer Mischung von Blues, Rock und Folk zusammensetzte. In ihren Texten vermittelte die Gruppe eigene Erfahrungen mit Jesus. Die Reaktion des Publikums war durchgehend positiv.\u201c<\/p>\n<p>Das hat Jesus gemeint, wenn er sagt: <em>Lasset euer Licht leuchten vor den Leuten, dass sie eure guten Werke sehen und euren Vater im Himmel preisen.<\/em>&nbsp; <a href=\"https:\/\/www.bibleserver.com\/LUT\/Matth%C3%A4us5%2C16\" target=\"_blank\" rel=\"noopener noreferrer nofollow\"><span style=\"color: #0000ff;\">Matth. 5, 16<\/span><\/a>. Was Tausend Worte nicht zu sagen vermochten, konnte hier eine einzige Tat bewirken und das Ergebnis war \u00fcberw\u00e4ltigend: 250 Jugendliche wurden erreicht, die sonst nie gekommen w\u00e4ren, und sie h\u00f6rten das Evangelium. Ein \u00f6ffentliches Anliegen wurde unterst\u00fctzt und die Medien begannen sich daf\u00fcr zu interessieren. Dazu bekamen die Christen einen guten Ruf und jeder ging gl\u00fccklich nach Hause. Sympathie und Vertrauen sind ein unverzichtbares Kapital zur Ausbreitung des Evangeliums.<\/p>\n","protected":false},"excerpt":{"rendered":"<p>Du sollst deinen N\u00e4chsten lieben wie dich selbst. Matth\u00e4us 22, 39 Die vielen Verordnungen, die Gott seinem Volk im Alten Testament gab, hatten eine zentrale Botschaft: Alle Bereiche des Lebens sollten auf N\u00e4chstenliebe gegr\u00fcndet sein. Jesus geht noch weiter, wenn er von der Liebe zu den Feinden spricht. Ich aber sage euch: Liebet eure Feinde; &hellip; <\/p>\n<p class=\"link-more\"><a href=\"https:\/\/erhardt-stiefel.de\/index.php\/2025\/05\/17\/taten-sprechen-lauter-als-worte\/\" class=\"more-link\"><span class=\"screen-reader-text\">\u201eTaten sprechen lauter als Worte\u201c<\/span> weiterlesen<\/a><\/p>\n","protected":false},"author":1,"featured_media":0,"comment_status":"open","ping_status":"closed","sticky":false,"template":"","format":"standard","meta":{"_exactmetrics_skip_tracking":false,"_exactmetrics_sitenote_active":false,"_exactmetrics_sitenote_note":"","_exactmetrics_sitenote_category":0,"ngg_post_thumbnail":0,"jetpack_post_was_ever_published":false,"_jetpack_newsletter_access":"","_jetpack_dont_email_post_to_subs":false,"_jetpack_newsletter_tier_id":0,"_jetpack_memberships_contains_paywalled_content":false,"_jetpack_memberships_contains_paid_content":false,"footnotes":"","jetpack_publicize_message":"","jetpack_publicize_feature_enabled":true,"jetpack_social_post_already_shared":true,"jetpack_social_options":{"image_generator_settings":{"template":"highway","default_image_id":0,"font":"","enabled":false},"version":2}},"categories":[319,311],"tags":[348,317,387,338],"class_list":["post-10162","post","type-post","status-publish","format-standard","hentry","category-adlerbotschaft","category-predigten","tag-348","tag-adler","tag-mai","tag-matthaeus"],"yoast_head":"<!-- This site is optimized with the Yoast SEO plugin v27.5 - https:\/\/yoast.com\/product\/yoast-seo-wordpress\/ -->\n<title>Taten sprechen lauter als Worte - Erhardt Stiefel&#039;s Fundgrube<\/title>\n<meta name=\"robots\" content=\"index, follow, max-snippet:-1, max-image-preview:large, max-video-preview:-1\" \/>\n<link rel=\"canonical\" href=\"https:\/\/erhardt-stiefel.de\/index.php\/2025\/05\/17\/taten-sprechen-lauter-als-worte\/\" \/>\n<meta property=\"og:locale\" content=\"de_DE\" \/>\n<meta property=\"og:type\" content=\"article\" \/>\n<meta property=\"og:title\" content=\"Taten sprechen lauter als Worte - Erhardt Stiefel&#039;s Fundgrube\" \/>\n<meta property=\"og:description\" content=\"Du sollst deinen N\u00e4chsten lieben wie dich selbst. Matth\u00e4us 22, 39 Die vielen Verordnungen, die Gott seinem Volk im Alten Testament gab, hatten eine zentrale Botschaft: Alle Bereiche des Lebens sollten auf N\u00e4chstenliebe gegr\u00fcndet sein. Jesus geht noch weiter, wenn er von der Liebe zu den Feinden spricht. Ich aber sage euch: Liebet eure Feinde; &hellip; \u201eTaten sprechen lauter als Worte\u201c weiterlesen\" \/>\n<meta property=\"og:url\" content=\"https:\/\/erhardt-stiefel.de\/index.php\/2025\/05\/17\/taten-sprechen-lauter-als-worte\/\" \/>\n<meta property=\"og:site_name\" content=\"Erhardt Stiefel&#039;s Fundgrube\" \/>\n<meta property=\"article:published_time\" content=\"2025-05-17T08:43:18+00:00\" \/>\n<meta property=\"og:image\" content=\"https:\/\/erhardt-stiefel.de\/wp-content\/uploads\/2021\/05\/17.jpg\" \/>\n\t<meta property=\"og:image:width\" content=\"796\" \/>\n\t<meta property=\"og:image:height\" content=\"887\" \/>\n\t<meta property=\"og:image:type\" content=\"image\/jpeg\" \/>\n<meta name=\"author\" content=\"Erhardt\" \/>\n<meta name=\"twitter:card\" content=\"summary_large_image\" \/>\n<meta name=\"twitter:creator\" content=\"@erhardtstiefel77\" \/>\n<meta name=\"twitter:label1\" content=\"Geschrieben von\" \/>\n\t<meta name=\"twitter:data1\" content=\"Erhardt\" \/>\n\t<meta name=\"twitter:label2\" content=\"Gesch\u00e4tzte Lesezeit\" \/>\n\t<meta name=\"twitter:data2\" content=\"3\u00a0Minuten\" \/>\n<script type=\"application\/ld+json\" class=\"yoast-schema-graph\">{\"@context\":\"https:\\\/\\\/schema.org\",\"@graph\":[{\"@type\":\"Article\",\"@id\":\"https:\\\/\\\/erhardt-stiefel.de\\\/index.php\\\/2025\\\/05\\\/17\\\/taten-sprechen-lauter-als-worte\\\/#article\",\"isPartOf\":{\"@id\":\"https:\\\/\\\/erhardt-stiefel.de\\\/index.php\\\/2025\\\/05\\\/17\\\/taten-sprechen-lauter-als-worte\\\/\"},\"author\":{\"name\":\"Erhardt\",\"@id\":\"https:\\\/\\\/erhardt-stiefel.de\\\/#\\\/schema\\\/person\\\/623af879bb14c4ae6622ece81ec006ef\"},\"headline\":\"Taten sprechen lauter als Worte\",\"datePublished\":\"2025-05-17T08:43:18+00:00\",\"mainEntityOfPage\":{\"@id\":\"https:\\\/\\\/erhardt-stiefel.de\\\/index.php\\\/2025\\\/05\\\/17\\\/taten-sprechen-lauter-als-worte\\\/\"},\"wordCount\":443,\"commentCount\":0,\"image\":{\"@id\":\"https:\\\/\\\/erhardt-stiefel.de\\\/index.php\\\/2025\\\/05\\\/17\\\/taten-sprechen-lauter-als-worte\\\/#primaryimage\"},\"thumbnailUrl\":\"https:\\\/\\\/erhardt-stiefel.de\\\/wp-content\\\/uploads\\\/2021\\\/05\\\/17.jpg\",\"keywords\":[\"***\",\"Adler\",\"Mai\",\"Matth\u00e4us\"],\"articleSection\":[\"Adlerbotschaft\",\"Predigten\"],\"inLanguage\":\"de\",\"potentialAction\":[{\"@type\":\"CommentAction\",\"name\":\"Comment\",\"target\":[\"https:\\\/\\\/erhardt-stiefel.de\\\/index.php\\\/2025\\\/05\\\/17\\\/taten-sprechen-lauter-als-worte\\\/#respond\"]}]},{\"@type\":\"WebPage\",\"@id\":\"https:\\\/\\\/erhardt-stiefel.de\\\/index.php\\\/2025\\\/05\\\/17\\\/taten-sprechen-lauter-als-worte\\\/\",\"url\":\"https:\\\/\\\/erhardt-stiefel.de\\\/index.php\\\/2025\\\/05\\\/17\\\/taten-sprechen-lauter-als-worte\\\/\",\"name\":\"Taten sprechen lauter als Worte - Erhardt Stiefel&#039;s Fundgrube\",\"isPartOf\":{\"@id\":\"https:\\\/\\\/erhardt-stiefel.de\\\/#website\"},\"primaryImageOfPage\":{\"@id\":\"https:\\\/\\\/erhardt-stiefel.de\\\/index.php\\\/2025\\\/05\\\/17\\\/taten-sprechen-lauter-als-worte\\\/#primaryimage\"},\"image\":{\"@id\":\"https:\\\/\\\/erhardt-stiefel.de\\\/index.php\\\/2025\\\/05\\\/17\\\/taten-sprechen-lauter-als-worte\\\/#primaryimage\"},\"thumbnailUrl\":\"https:\\\/\\\/erhardt-stiefel.de\\\/wp-content\\\/uploads\\\/2021\\\/05\\\/17.jpg\",\"datePublished\":\"2025-05-17T08:43:18+00:00\",\"author\":{\"@id\":\"https:\\\/\\\/erhardt-stiefel.de\\\/#\\\/schema\\\/person\\\/623af879bb14c4ae6622ece81ec006ef\"},\"breadcrumb\":{\"@id\":\"https:\\\/\\\/erhardt-stiefel.de\\\/index.php\\\/2025\\\/05\\\/17\\\/taten-sprechen-lauter-als-worte\\\/#breadcrumb\"},\"inLanguage\":\"de\",\"potentialAction\":[{\"@type\":\"ReadAction\",\"target\":[\"https:\\\/\\\/erhardt-stiefel.de\\\/index.php\\\/2025\\\/05\\\/17\\\/taten-sprechen-lauter-als-worte\\\/\"]}]},{\"@type\":\"ImageObject\",\"inLanguage\":\"de\",\"@id\":\"https:\\\/\\\/erhardt-stiefel.de\\\/index.php\\\/2025\\\/05\\\/17\\\/taten-sprechen-lauter-als-worte\\\/#primaryimage\",\"url\":\"https:\\\/\\\/erhardt-stiefel.de\\\/wp-content\\\/uploads\\\/2021\\\/05\\\/17.jpg\",\"contentUrl\":\"https:\\\/\\\/erhardt-stiefel.de\\\/wp-content\\\/uploads\\\/2021\\\/05\\\/17.jpg\",\"width\":796,\"height\":887},{\"@type\":\"BreadcrumbList\",\"@id\":\"https:\\\/\\\/erhardt-stiefel.de\\\/index.php\\\/2025\\\/05\\\/17\\\/taten-sprechen-lauter-als-worte\\\/#breadcrumb\",\"itemListElement\":[{\"@type\":\"ListItem\",\"position\":1,\"name\":\"Home\",\"item\":\"https:\\\/\\\/erhardt-stiefel.de\\\/\"},{\"@type\":\"ListItem\",\"position\":2,\"name\":\"Taten sprechen lauter als Worte\"}]},{\"@type\":\"WebSite\",\"@id\":\"https:\\\/\\\/erhardt-stiefel.de\\\/#website\",\"url\":\"https:\\\/\\\/erhardt-stiefel.de\\\/\",\"name\":\"Erhardt Stiefel&#039;s Fundgrube\",\"description\":\"Erfahrungen mit CMS, Genealogie, Gott und der Welt - die ich sehr gerne mit dir teilen w\u00fcrde\",\"potentialAction\":[{\"@type\":\"SearchAction\",\"target\":{\"@type\":\"EntryPoint\",\"urlTemplate\":\"https:\\\/\\\/erhardt-stiefel.de\\\/?s={search_term_string}\"},\"query-input\":{\"@type\":\"PropertyValueSpecification\",\"valueRequired\":true,\"valueName\":\"search_term_string\"}}],\"inLanguage\":\"de\"},{\"@type\":\"Person\",\"@id\":\"https:\\\/\\\/erhardt-stiefel.de\\\/#\\\/schema\\\/person\\\/623af879bb14c4ae6622ece81ec006ef\",\"name\":\"Erhardt\",\"image\":{\"@type\":\"ImageObject\",\"inLanguage\":\"de\",\"@id\":\"https:\\\/\\\/secure.gravatar.com\\\/avatar\\\/086c9cb068fa330c15ed0aabfea0b66ecfa387fd1d6eb1a1a3b0a963becd7f74?s=96&d=mm&r=g\",\"url\":\"https:\\\/\\\/secure.gravatar.com\\\/avatar\\\/086c9cb068fa330c15ed0aabfea0b66ecfa387fd1d6eb1a1a3b0a963becd7f74?s=96&d=mm&r=g\",\"contentUrl\":\"https:\\\/\\\/secure.gravatar.com\\\/avatar\\\/086c9cb068fa330c15ed0aabfea0b66ecfa387fd1d6eb1a1a3b0a963becd7f74?s=96&d=mm&r=g\",\"caption\":\"Erhardt\"},\"sameAs\":[\"https:\\\/\\\/erhardt-stiefel.de\",\"https:\\\/\\\/x.com\\\/erhardtstiefel77\"],\"url\":\"https:\\\/\\\/erhardt-stiefel.de\\\/index.php\\\/author\\\/erhardt_stiefel\\\/\"}]}<\/script>\n<!-- \/ Yoast SEO plugin. -->","yoast_head_json":{"title":"Taten sprechen lauter als Worte - Erhardt Stiefel&#039;s Fundgrube","robots":{"index":"index","follow":"follow","max-snippet":"max-snippet:-1","max-image-preview":"max-image-preview:large","max-video-preview":"max-video-preview:-1"},"canonical":"https:\/\/erhardt-stiefel.de\/index.php\/2025\/05\/17\/taten-sprechen-lauter-als-worte\/","og_locale":"de_DE","og_type":"article","og_title":"Taten sprechen lauter als Worte - Erhardt Stiefel&#039;s Fundgrube","og_description":"Du sollst deinen N\u00e4chsten lieben wie dich selbst. Matth\u00e4us 22, 39 Die vielen Verordnungen, die Gott seinem Volk im Alten Testament gab, hatten eine zentrale Botschaft: Alle Bereiche des Lebens sollten auf N\u00e4chstenliebe gegr\u00fcndet sein. Jesus geht noch weiter, wenn er von der Liebe zu den Feinden spricht. Ich aber sage euch: Liebet eure Feinde; &hellip; \u201eTaten sprechen lauter als Worte\u201c weiterlesen","og_url":"https:\/\/erhardt-stiefel.de\/index.php\/2025\/05\/17\/taten-sprechen-lauter-als-worte\/","og_site_name":"Erhardt Stiefel&#039;s Fundgrube","article_published_time":"2025-05-17T08:43:18+00:00","og_image":[{"width":796,"height":887,"url":"https:\/\/erhardt-stiefel.de\/wp-content\/uploads\/2021\/05\/17.jpg","type":"image\/jpeg"}],"author":"Erhardt","twitter_card":"summary_large_image","twitter_creator":"@erhardtstiefel77","twitter_misc":{"Geschrieben von":"Erhardt","Gesch\u00e4tzte Lesezeit":"3\u00a0Minuten"},"schema":{"@context":"https:\/\/schema.org","@graph":[{"@type":"Article","@id":"https:\/\/erhardt-stiefel.de\/index.php\/2025\/05\/17\/taten-sprechen-lauter-als-worte\/#article","isPartOf":{"@id":"https:\/\/erhardt-stiefel.de\/index.php\/2025\/05\/17\/taten-sprechen-lauter-als-worte\/"},"author":{"name":"Erhardt","@id":"https:\/\/erhardt-stiefel.de\/#\/schema\/person\/623af879bb14c4ae6622ece81ec006ef"},"headline":"Taten sprechen lauter als Worte","datePublished":"2025-05-17T08:43:18+00:00","mainEntityOfPage":{"@id":"https:\/\/erhardt-stiefel.de\/index.php\/2025\/05\/17\/taten-sprechen-lauter-als-worte\/"},"wordCount":443,"commentCount":0,"image":{"@id":"https:\/\/erhardt-stiefel.de\/index.php\/2025\/05\/17\/taten-sprechen-lauter-als-worte\/#primaryimage"},"thumbnailUrl":"https:\/\/erhardt-stiefel.de\/wp-content\/uploads\/2021\/05\/17.jpg","keywords":["***","Adler","Mai","Matth\u00e4us"],"articleSection":["Adlerbotschaft","Predigten"],"inLanguage":"de","potentialAction":[{"@type":"CommentAction","name":"Comment","target":["https:\/\/erhardt-stiefel.de\/index.php\/2025\/05\/17\/taten-sprechen-lauter-als-worte\/#respond"]}]},{"@type":"WebPage","@id":"https:\/\/erhardt-stiefel.de\/index.php\/2025\/05\/17\/taten-sprechen-lauter-als-worte\/","url":"https:\/\/erhardt-stiefel.de\/index.php\/2025\/05\/17\/taten-sprechen-lauter-als-worte\/","name":"Taten sprechen lauter als Worte - Erhardt Stiefel&#039;s Fundgrube","isPartOf":{"@id":"https:\/\/erhardt-stiefel.de\/#website"},"primaryImageOfPage":{"@id":"https:\/\/erhardt-stiefel.de\/index.php\/2025\/05\/17\/taten-sprechen-lauter-als-worte\/#primaryimage"},"image":{"@id":"https:\/\/erhardt-stiefel.de\/index.php\/2025\/05\/17\/taten-sprechen-lauter-als-worte\/#primaryimage"},"thumbnailUrl":"https:\/\/erhardt-stiefel.de\/wp-content\/uploads\/2021\/05\/17.jpg","datePublished":"2025-05-17T08:43:18+00:00","author":{"@id":"https:\/\/erhardt-stiefel.de\/#\/schema\/person\/623af879bb14c4ae6622ece81ec006ef"},"breadcrumb":{"@id":"https:\/\/erhardt-stiefel.de\/index.php\/2025\/05\/17\/taten-sprechen-lauter-als-worte\/#breadcrumb"},"inLanguage":"de","potentialAction":[{"@type":"ReadAction","target":["https:\/\/erhardt-stiefel.de\/index.php\/2025\/05\/17\/taten-sprechen-lauter-als-worte\/"]}]},{"@type":"ImageObject","inLanguage":"de","@id":"https:\/\/erhardt-stiefel.de\/index.php\/2025\/05\/17\/taten-sprechen-lauter-als-worte\/#primaryimage","url":"https:\/\/erhardt-stiefel.de\/wp-content\/uploads\/2021\/05\/17.jpg","contentUrl":"https:\/\/erhardt-stiefel.de\/wp-content\/uploads\/2021\/05\/17.jpg","width":796,"height":887},{"@type":"BreadcrumbList","@id":"https:\/\/erhardt-stiefel.de\/index.php\/2025\/05\/17\/taten-sprechen-lauter-als-worte\/#breadcrumb","itemListElement":[{"@type":"ListItem","position":1,"name":"Home","item":"https:\/\/erhardt-stiefel.de\/"},{"@type":"ListItem","position":2,"name":"Taten sprechen lauter als Worte"}]},{"@type":"WebSite","@id":"https:\/\/erhardt-stiefel.de\/#website","url":"https:\/\/erhardt-stiefel.de\/","name":"Erhardt Stiefel&#039;s Fundgrube","description":"Erfahrungen mit CMS, Genealogie, Gott und der Welt - die ich sehr gerne mit dir teilen w\u00fcrde","potentialAction":[{"@type":"SearchAction","target":{"@type":"EntryPoint","urlTemplate":"https:\/\/erhardt-stiefel.de\/?s={search_term_string}"},"query-input":{"@type":"PropertyValueSpecification","valueRequired":true,"valueName":"search_term_string"}}],"inLanguage":"de"},{"@type":"Person","@id":"https:\/\/erhardt-stiefel.de\/#\/schema\/person\/623af879bb14c4ae6622ece81ec006ef","name":"Erhardt","image":{"@type":"ImageObject","inLanguage":"de","@id":"https:\/\/secure.gravatar.com\/avatar\/086c9cb068fa330c15ed0aabfea0b66ecfa387fd1d6eb1a1a3b0a963becd7f74?s=96&d=mm&r=g","url":"https:\/\/secure.gravatar.com\/avatar\/086c9cb068fa330c15ed0aabfea0b66ecfa387fd1d6eb1a1a3b0a963becd7f74?s=96&d=mm&r=g","contentUrl":"https:\/\/secure.gravatar.com\/avatar\/086c9cb068fa330c15ed0aabfea0b66ecfa387fd1d6eb1a1a3b0a963becd7f74?s=96&d=mm&r=g","caption":"Erhardt"},"sameAs":["https:\/\/erhardt-stiefel.de","https:\/\/x.com\/erhardtstiefel77"],"url":"https:\/\/erhardt-stiefel.de\/index.php\/author\/erhardt_stiefel\/"}]}},"jetpack_publicize_connections":[],"jetpack_featured_media_url":"","jetpack_sharing_enabled":true,"jetpack_shortlink":"https:\/\/wp.me\/paRlFh-2DU","_links":{"self":[{"href":"https:\/\/erhardt-stiefel.de\/index.php\/wp-json\/wp\/v2\/posts\/10162","targetHints":{"allow":["GET"]}}],"collection":[{"href":"https:\/\/erhardt-stiefel.de\/index.php\/wp-json\/wp\/v2\/posts"}],"about":[{"href":"https:\/\/erhardt-stiefel.de\/index.php\/wp-json\/wp\/v2\/types\/post"}],"author":[{"embeddable":true,"href":"https:\/\/erhardt-stiefel.de\/index.php\/wp-json\/wp\/v2\/users\/1"}],"replies":[{"embeddable":true,"href":"https:\/\/erhardt-stiefel.de\/index.php\/wp-json\/wp\/v2\/comments?post=10162"}],"version-history":[{"count":1,"href":"https:\/\/erhardt-stiefel.de\/index.php\/wp-json\/wp\/v2\/posts\/10162\/revisions"}],"predecessor-version":[{"id":10163,"href":"https:\/\/erhardt-stiefel.de\/index.php\/wp-json\/wp\/v2\/posts\/10162\/revisions\/10163"}],"wp:attachment":[{"href":"https:\/\/erhardt-stiefel.de\/index.php\/wp-json\/wp\/v2\/media?parent=10162"}],"wp:term":[{"taxonomy":"category","embeddable":true,"href":"https:\/\/erhardt-stiefel.de\/index.php\/wp-json\/wp\/v2\/categories?post=10162"},{"taxonomy":"post_tag","embeddable":true,"href":"https:\/\/erhardt-stiefel.de\/index.php\/wp-json\/wp\/v2\/tags?post=10162"}],"curies":[{"name":"wp","href":"https:\/\/api.w.org\/{rel}","templated":true}]}}