{"id":10165,"date":"2025-05-18T08:07:49","date_gmt":"2025-05-18T06:07:49","guid":{"rendered":"https:\/\/erhardt-stiefel.de\/?p=10165"},"modified":"2025-05-18T08:07:49","modified_gmt":"2025-05-18T06:07:49","slug":"vaeter-gesucht","status":"publish","type":"post","link":"https:\/\/erhardt-stiefel.de\/index.php\/2025\/05\/18\/vaeter-gesucht\/","title":{"rendered":"V\u00e4ter gesucht"},"content":{"rendered":"<p><img loading=\"lazy\" decoding=\"async\" class=\"aligncenter size-full wp-image-4834\" src=\"https:\/\/erhardt-stiefel.de\/wp-content\/uploads\/2021\/05\/18.jpg\" alt=\"\" width=\"790\" height=\"887\" srcset=\"https:\/\/erhardt-stiefel.de\/wp-content\/uploads\/2021\/05\/18.jpg 790w, https:\/\/erhardt-stiefel.de\/wp-content\/uploads\/2021\/05\/18-267x300.jpg 267w, https:\/\/erhardt-stiefel.de\/wp-content\/uploads\/2021\/05\/18-768x862.jpg 768w\" sizes=\"auto, (max-width: 767px) 89vw, (max-width: 1000px) 54vw, (max-width: 1071px) 543px, 580px\" \/><\/p>\n<p><strong>Selbst wenn ihr zehntausend Erzieher h\u00e4ttet, die euch im Glauben unterweisen, so habt ihr doch nicht viele V\u00e4ter. Denn ich habe euch die rettende Botschaft von Jesus Christus gebracht, und dadurch habt ihr das Leben empfangen. Darum bitte ich euch: Folgt meinem Beispiel. <a href=\"https:\/\/www.bibleserver.com\/LUT\/1.Korinther4%2C15-16\" target=\"_blank\" rel=\"noopener noreferrer nofollow\"><span style=\"color: #0000ff;\">1. Korinther 4, 15-16<\/span><\/a><\/strong><\/p>\n<p>Gelehrsamkeit stand bei den Korinthern hoch im Kurs, sie waren mehrheitlich Griechen. Vielleicht reihte sich hier ein Seminar an das andere. Paulus hatte diese Gemeinde gegr\u00fcndet. Er kannte jeden Einzelnen und war um sie besorgt. Er schreibt: <em>Selbst wenn ihr zehntausend Erzieher h\u00e4ttet, die euch im Glauben unterweisen, so habt ihr doch nicht viele V\u00e4ter<\/em>.&nbsp;<\/p>\n<p>Aus Erfahrung wei\u00df ich, dass junge Gemeinden aus Gl\u00e4ubigen bestehen, die zwar begeistert sind, aber niemanden haben der sich wirklich um sie k\u00fcmmert. Es fehlen Menschen, die Zeit haben zuzuh\u00f6ren, zu tr\u00f6sten, zu motivieren und Rat zu geben. Das hat nichts mit dem Alter zu tun. Geistliche Vaterschaft mu\u00df man annehmen, ebenso wie der Mann sein Kind annimmt, welches seine Frau geboren hat.<!--more--><\/p>\n<p>Ich w\u00fcnsche mir M\u00e4nner und Frauen in unseren Gemeinden, die gerne Verantwortung \u00fcbernehmen wollen, die nicht nur einen Gottesdienst besuchen, um sich eine Predigt anzuh\u00f6ren, sondern f\u00fcr andere da sein m\u00f6chten. Der ist ein Segen, der bereit ist, sein Gl\u00fcck mit anderen zu teilen.<\/p>\n<p>Wenn ich an geistliche V\u00e4ter denke, erinnere ich mich an Opa, er war der Prinzipal unserer Bibelschule. Als ich ihm zum ersten Mal begegnete, war ich ein junger Student, gerade 25 Jahre alt. Wir Studenten nannten ihn Opa. Das geschah keineswegs aus Respektlosigkeit. Nein, Opa war sein Ehrenname. Unsere Generation hatte keine V\u00e4ter. Unz\u00e4hlige waren im Krieg gefallen. Kein Wunder also, dass wir in unserem Lehrer den fehlenden Vater sahen. Er nannte uns \u201eJungens\u201c und das tr\u00f6stete nicht nur, es machte uns richtig stolz.<\/p>\n<p>Einmal sprach Opa \u00fcber die Opferung des Isaak. Ehe wir uns versahen, hatte er sein Lehrerpult zu einem Altar umfunktioniert. Mit dramatischen Gesten beschrieb er Abraham, der seinen Sohn Gott als Opfer darbringen wollte. Dabei legte er sich selbst auf den \u201eAltar\u201c und \u00fcbernahm die Rolle des Isaak: \u201eVater, ich bin bereit das Opfer zu sein, das Gott von dir verlangt.\u201c \u2013 Wir waren sprachlos. Niemand hatte bisher diese Geschichte so gelesen. Dann erhob er sich, streckte uns seine raue Hand entgegen und fragte, ob wir bereit seien, unser Leben f\u00fcr andere hinzugeben. \u201eNiemand von euch kann Gott dienen, wenn er nicht bereit ist, f\u00fcr andere leben zu wollen.\u201c Was er gesagt hatte, war sein Leben. Zusammen mit seiner Frau lebte er es uns jeden Tag auf Ber\u00f6a vor.<\/p>\n<p>Eines Tages mussten wir \u201eJungens\u201c uns von Opa trennen. Opa, eigentlich J. P. Kolenda, ging mit 80 als Missionar noch einmal zur\u00fcck in die Urw\u00e4lder Brasiliens, um dort eine Pionierarbeit zu beginnen. Immer noch f\u00fchle ich seine Arme um meine Schultern gelegt, wenn ich wieder einmal Trost und Ermutigung brauche und h\u00f6re seine Worte: \u201eHabe auch du den Wunsch, selbst einmal ein geistlicher Vater sein zu wollen\u201c. Ja, das habe ich angenommen, ich habe mich immer wieder bem\u00fcht, anderen Trost und Ermutigung zuzusprechen und mit diesem Minimutmacher einen weiteren Beitrag geleistet.<\/p>\n","protected":false},"excerpt":{"rendered":"<p>Selbst wenn ihr zehntausend Erzieher h\u00e4ttet, die euch im Glauben unterweisen, so habt ihr doch nicht viele V\u00e4ter. Denn ich habe euch die rettende Botschaft von Jesus Christus gebracht, und dadurch habt ihr das Leben empfangen. Darum bitte ich euch: Folgt meinem Beispiel. 1. Korinther 4, 15-16 Gelehrsamkeit stand bei den Korinthern hoch im Kurs, &hellip; <\/p>\n<p class=\"link-more\"><a href=\"https:\/\/erhardt-stiefel.de\/index.php\/2025\/05\/18\/vaeter-gesucht\/\" class=\"more-link\"><span class=\"screen-reader-text\">\u201eV\u00e4ter gesucht\u201c<\/span> weiterlesen<\/a><\/p>\n","protected":false},"author":1,"featured_media":0,"comment_status":"open","ping_status":"closed","sticky":false,"template":"","format":"standard","meta":{"_exactmetrics_skip_tracking":false,"_exactmetrics_sitenote_active":false,"_exactmetrics_sitenote_note":"","_exactmetrics_sitenote_category":0,"ngg_post_thumbnail":0,"jetpack_post_was_ever_published":false,"_jetpack_newsletter_access":"","_jetpack_dont_email_post_to_subs":false,"_jetpack_newsletter_tier_id":0,"_jetpack_memberships_contains_paywalled_content":false,"_jetpack_memberships_contains_paid_content":false,"footnotes":"","jetpack_publicize_message":"","jetpack_publicize_feature_enabled":true,"jetpack_social_post_already_shared":true,"jetpack_social_options":{"image_generator_settings":{"template":"highway","default_image_id":0,"font":"","enabled":false},"version":2}},"categories":[319,311],"tags":[348,317,330,387,392],"class_list":["post-10165","post","type-post","status-publish","format-standard","hentry","category-adlerbotschaft","category-predigten","tag-348","tag-adler","tag-korinther","tag-mai","tag-opa"],"yoast_head":"<!-- This site is optimized with the Yoast SEO plugin v27.5 - https:\/\/yoast.com\/product\/yoast-seo-wordpress\/ -->\n<title>V\u00e4ter gesucht - Erhardt Stiefel&#039;s Fundgrube<\/title>\n<meta name=\"robots\" content=\"index, follow, max-snippet:-1, max-image-preview:large, max-video-preview:-1\" \/>\n<link rel=\"canonical\" href=\"https:\/\/erhardt-stiefel.de\/index.php\/2025\/05\/18\/vaeter-gesucht\/\" \/>\n<meta property=\"og:locale\" content=\"de_DE\" \/>\n<meta property=\"og:type\" content=\"article\" \/>\n<meta property=\"og:title\" content=\"V\u00e4ter gesucht - Erhardt Stiefel&#039;s Fundgrube\" \/>\n<meta property=\"og:description\" content=\"Selbst wenn ihr zehntausend Erzieher h\u00e4ttet, die euch im Glauben unterweisen, so habt ihr doch nicht viele V\u00e4ter. Denn ich habe euch die rettende Botschaft von Jesus Christus gebracht, und dadurch habt ihr das Leben empfangen. Darum bitte ich euch: Folgt meinem Beispiel. 1. Korinther 4, 15-16 Gelehrsamkeit stand bei den Korinthern hoch im Kurs, &hellip; \u201eV\u00e4ter gesucht\u201c weiterlesen\" \/>\n<meta property=\"og:url\" content=\"https:\/\/erhardt-stiefel.de\/index.php\/2025\/05\/18\/vaeter-gesucht\/\" \/>\n<meta property=\"og:site_name\" content=\"Erhardt Stiefel&#039;s Fundgrube\" \/>\n<meta property=\"article:published_time\" content=\"2025-05-18T06:07:49+00:00\" \/>\n<meta property=\"og:image\" content=\"https:\/\/erhardt-stiefel.de\/wp-content\/uploads\/2021\/05\/18.jpg\" \/>\n\t<meta property=\"og:image:width\" content=\"790\" \/>\n\t<meta property=\"og:image:height\" content=\"887\" \/>\n\t<meta property=\"og:image:type\" content=\"image\/jpeg\" \/>\n<meta name=\"author\" content=\"Erhardt\" \/>\n<meta name=\"twitter:card\" content=\"summary_large_image\" \/>\n<meta name=\"twitter:creator\" content=\"@erhardtstiefel77\" \/>\n<meta name=\"twitter:label1\" content=\"Geschrieben von\" \/>\n\t<meta name=\"twitter:data1\" content=\"Erhardt\" \/>\n\t<meta name=\"twitter:label2\" content=\"Gesch\u00e4tzte Lesezeit\" \/>\n\t<meta name=\"twitter:data2\" content=\"4\u00a0Minuten\" \/>\n<script type=\"application\/ld+json\" class=\"yoast-schema-graph\">{\"@context\":\"https:\\\/\\\/schema.org\",\"@graph\":[{\"@type\":\"Article\",\"@id\":\"https:\\\/\\\/erhardt-stiefel.de\\\/index.php\\\/2025\\\/05\\\/18\\\/vaeter-gesucht\\\/#article\",\"isPartOf\":{\"@id\":\"https:\\\/\\\/erhardt-stiefel.de\\\/index.php\\\/2025\\\/05\\\/18\\\/vaeter-gesucht\\\/\"},\"author\":{\"name\":\"Erhardt\",\"@id\":\"https:\\\/\\\/erhardt-stiefel.de\\\/#\\\/schema\\\/person\\\/623af879bb14c4ae6622ece81ec006ef\"},\"headline\":\"V\u00e4ter gesucht\",\"datePublished\":\"2025-05-18T06:07:49+00:00\",\"mainEntityOfPage\":{\"@id\":\"https:\\\/\\\/erhardt-stiefel.de\\\/index.php\\\/2025\\\/05\\\/18\\\/vaeter-gesucht\\\/\"},\"wordCount\":539,\"commentCount\":0,\"image\":{\"@id\":\"https:\\\/\\\/erhardt-stiefel.de\\\/index.php\\\/2025\\\/05\\\/18\\\/vaeter-gesucht\\\/#primaryimage\"},\"thumbnailUrl\":\"https:\\\/\\\/erhardt-stiefel.de\\\/wp-content\\\/uploads\\\/2021\\\/05\\\/18.jpg\",\"keywords\":[\"***\",\"Adler\",\"Korinther\",\"Mai\",\"Opa\"],\"articleSection\":[\"Adlerbotschaft\",\"Predigten\"],\"inLanguage\":\"de\",\"potentialAction\":[{\"@type\":\"CommentAction\",\"name\":\"Comment\",\"target\":[\"https:\\\/\\\/erhardt-stiefel.de\\\/index.php\\\/2025\\\/05\\\/18\\\/vaeter-gesucht\\\/#respond\"]}]},{\"@type\":\"WebPage\",\"@id\":\"https:\\\/\\\/erhardt-stiefel.de\\\/index.php\\\/2025\\\/05\\\/18\\\/vaeter-gesucht\\\/\",\"url\":\"https:\\\/\\\/erhardt-stiefel.de\\\/index.php\\\/2025\\\/05\\\/18\\\/vaeter-gesucht\\\/\",\"name\":\"V\u00e4ter gesucht - Erhardt Stiefel&#039;s Fundgrube\",\"isPartOf\":{\"@id\":\"https:\\\/\\\/erhardt-stiefel.de\\\/#website\"},\"primaryImageOfPage\":{\"@id\":\"https:\\\/\\\/erhardt-stiefel.de\\\/index.php\\\/2025\\\/05\\\/18\\\/vaeter-gesucht\\\/#primaryimage\"},\"image\":{\"@id\":\"https:\\\/\\\/erhardt-stiefel.de\\\/index.php\\\/2025\\\/05\\\/18\\\/vaeter-gesucht\\\/#primaryimage\"},\"thumbnailUrl\":\"https:\\\/\\\/erhardt-stiefel.de\\\/wp-content\\\/uploads\\\/2021\\\/05\\\/18.jpg\",\"datePublished\":\"2025-05-18T06:07:49+00:00\",\"author\":{\"@id\":\"https:\\\/\\\/erhardt-stiefel.de\\\/#\\\/schema\\\/person\\\/623af879bb14c4ae6622ece81ec006ef\"},\"breadcrumb\":{\"@id\":\"https:\\\/\\\/erhardt-stiefel.de\\\/index.php\\\/2025\\\/05\\\/18\\\/vaeter-gesucht\\\/#breadcrumb\"},\"inLanguage\":\"de\",\"potentialAction\":[{\"@type\":\"ReadAction\",\"target\":[\"https:\\\/\\\/erhardt-stiefel.de\\\/index.php\\\/2025\\\/05\\\/18\\\/vaeter-gesucht\\\/\"]}]},{\"@type\":\"ImageObject\",\"inLanguage\":\"de\",\"@id\":\"https:\\\/\\\/erhardt-stiefel.de\\\/index.php\\\/2025\\\/05\\\/18\\\/vaeter-gesucht\\\/#primaryimage\",\"url\":\"https:\\\/\\\/erhardt-stiefel.de\\\/wp-content\\\/uploads\\\/2021\\\/05\\\/18.jpg\",\"contentUrl\":\"https:\\\/\\\/erhardt-stiefel.de\\\/wp-content\\\/uploads\\\/2021\\\/05\\\/18.jpg\",\"width\":790,\"height\":887},{\"@type\":\"BreadcrumbList\",\"@id\":\"https:\\\/\\\/erhardt-stiefel.de\\\/index.php\\\/2025\\\/05\\\/18\\\/vaeter-gesucht\\\/#breadcrumb\",\"itemListElement\":[{\"@type\":\"ListItem\",\"position\":1,\"name\":\"Home\",\"item\":\"https:\\\/\\\/erhardt-stiefel.de\\\/\"},{\"@type\":\"ListItem\",\"position\":2,\"name\":\"V\u00e4ter gesucht\"}]},{\"@type\":\"WebSite\",\"@id\":\"https:\\\/\\\/erhardt-stiefel.de\\\/#website\",\"url\":\"https:\\\/\\\/erhardt-stiefel.de\\\/\",\"name\":\"Erhardt Stiefel&#039;s Fundgrube\",\"description\":\"Erfahrungen mit CMS, Genealogie, Gott und der Welt - die ich sehr gerne mit dir teilen w\u00fcrde\",\"potentialAction\":[{\"@type\":\"SearchAction\",\"target\":{\"@type\":\"EntryPoint\",\"urlTemplate\":\"https:\\\/\\\/erhardt-stiefel.de\\\/?s={search_term_string}\"},\"query-input\":{\"@type\":\"PropertyValueSpecification\",\"valueRequired\":true,\"valueName\":\"search_term_string\"}}],\"inLanguage\":\"de\"},{\"@type\":\"Person\",\"@id\":\"https:\\\/\\\/erhardt-stiefel.de\\\/#\\\/schema\\\/person\\\/623af879bb14c4ae6622ece81ec006ef\",\"name\":\"Erhardt\",\"image\":{\"@type\":\"ImageObject\",\"inLanguage\":\"de\",\"@id\":\"https:\\\/\\\/secure.gravatar.com\\\/avatar\\\/086c9cb068fa330c15ed0aabfea0b66ecfa387fd1d6eb1a1a3b0a963becd7f74?s=96&d=mm&r=g\",\"url\":\"https:\\\/\\\/secure.gravatar.com\\\/avatar\\\/086c9cb068fa330c15ed0aabfea0b66ecfa387fd1d6eb1a1a3b0a963becd7f74?s=96&d=mm&r=g\",\"contentUrl\":\"https:\\\/\\\/secure.gravatar.com\\\/avatar\\\/086c9cb068fa330c15ed0aabfea0b66ecfa387fd1d6eb1a1a3b0a963becd7f74?s=96&d=mm&r=g\",\"caption\":\"Erhardt\"},\"sameAs\":[\"https:\\\/\\\/erhardt-stiefel.de\",\"https:\\\/\\\/x.com\\\/erhardtstiefel77\"],\"url\":\"https:\\\/\\\/erhardt-stiefel.de\\\/index.php\\\/author\\\/erhardt_stiefel\\\/\"}]}<\/script>\n<!-- \/ Yoast SEO plugin. -->","yoast_head_json":{"title":"V\u00e4ter gesucht - Erhardt Stiefel&#039;s Fundgrube","robots":{"index":"index","follow":"follow","max-snippet":"max-snippet:-1","max-image-preview":"max-image-preview:large","max-video-preview":"max-video-preview:-1"},"canonical":"https:\/\/erhardt-stiefel.de\/index.php\/2025\/05\/18\/vaeter-gesucht\/","og_locale":"de_DE","og_type":"article","og_title":"V\u00e4ter gesucht - Erhardt Stiefel&#039;s Fundgrube","og_description":"Selbst wenn ihr zehntausend Erzieher h\u00e4ttet, die euch im Glauben unterweisen, so habt ihr doch nicht viele V\u00e4ter. Denn ich habe euch die rettende Botschaft von Jesus Christus gebracht, und dadurch habt ihr das Leben empfangen. Darum bitte ich euch: Folgt meinem Beispiel. 1. Korinther 4, 15-16 Gelehrsamkeit stand bei den Korinthern hoch im Kurs, &hellip; \u201eV\u00e4ter gesucht\u201c weiterlesen","og_url":"https:\/\/erhardt-stiefel.de\/index.php\/2025\/05\/18\/vaeter-gesucht\/","og_site_name":"Erhardt Stiefel&#039;s Fundgrube","article_published_time":"2025-05-18T06:07:49+00:00","og_image":[{"width":790,"height":887,"url":"https:\/\/erhardt-stiefel.de\/wp-content\/uploads\/2021\/05\/18.jpg","type":"image\/jpeg"}],"author":"Erhardt","twitter_card":"summary_large_image","twitter_creator":"@erhardtstiefel77","twitter_misc":{"Geschrieben von":"Erhardt","Gesch\u00e4tzte Lesezeit":"4\u00a0Minuten"},"schema":{"@context":"https:\/\/schema.org","@graph":[{"@type":"Article","@id":"https:\/\/erhardt-stiefel.de\/index.php\/2025\/05\/18\/vaeter-gesucht\/#article","isPartOf":{"@id":"https:\/\/erhardt-stiefel.de\/index.php\/2025\/05\/18\/vaeter-gesucht\/"},"author":{"name":"Erhardt","@id":"https:\/\/erhardt-stiefel.de\/#\/schema\/person\/623af879bb14c4ae6622ece81ec006ef"},"headline":"V\u00e4ter gesucht","datePublished":"2025-05-18T06:07:49+00:00","mainEntityOfPage":{"@id":"https:\/\/erhardt-stiefel.de\/index.php\/2025\/05\/18\/vaeter-gesucht\/"},"wordCount":539,"commentCount":0,"image":{"@id":"https:\/\/erhardt-stiefel.de\/index.php\/2025\/05\/18\/vaeter-gesucht\/#primaryimage"},"thumbnailUrl":"https:\/\/erhardt-stiefel.de\/wp-content\/uploads\/2021\/05\/18.jpg","keywords":["***","Adler","Korinther","Mai","Opa"],"articleSection":["Adlerbotschaft","Predigten"],"inLanguage":"de","potentialAction":[{"@type":"CommentAction","name":"Comment","target":["https:\/\/erhardt-stiefel.de\/index.php\/2025\/05\/18\/vaeter-gesucht\/#respond"]}]},{"@type":"WebPage","@id":"https:\/\/erhardt-stiefel.de\/index.php\/2025\/05\/18\/vaeter-gesucht\/","url":"https:\/\/erhardt-stiefel.de\/index.php\/2025\/05\/18\/vaeter-gesucht\/","name":"V\u00e4ter gesucht - Erhardt Stiefel&#039;s Fundgrube","isPartOf":{"@id":"https:\/\/erhardt-stiefel.de\/#website"},"primaryImageOfPage":{"@id":"https:\/\/erhardt-stiefel.de\/index.php\/2025\/05\/18\/vaeter-gesucht\/#primaryimage"},"image":{"@id":"https:\/\/erhardt-stiefel.de\/index.php\/2025\/05\/18\/vaeter-gesucht\/#primaryimage"},"thumbnailUrl":"https:\/\/erhardt-stiefel.de\/wp-content\/uploads\/2021\/05\/18.jpg","datePublished":"2025-05-18T06:07:49+00:00","author":{"@id":"https:\/\/erhardt-stiefel.de\/#\/schema\/person\/623af879bb14c4ae6622ece81ec006ef"},"breadcrumb":{"@id":"https:\/\/erhardt-stiefel.de\/index.php\/2025\/05\/18\/vaeter-gesucht\/#breadcrumb"},"inLanguage":"de","potentialAction":[{"@type":"ReadAction","target":["https:\/\/erhardt-stiefel.de\/index.php\/2025\/05\/18\/vaeter-gesucht\/"]}]},{"@type":"ImageObject","inLanguage":"de","@id":"https:\/\/erhardt-stiefel.de\/index.php\/2025\/05\/18\/vaeter-gesucht\/#primaryimage","url":"https:\/\/erhardt-stiefel.de\/wp-content\/uploads\/2021\/05\/18.jpg","contentUrl":"https:\/\/erhardt-stiefel.de\/wp-content\/uploads\/2021\/05\/18.jpg","width":790,"height":887},{"@type":"BreadcrumbList","@id":"https:\/\/erhardt-stiefel.de\/index.php\/2025\/05\/18\/vaeter-gesucht\/#breadcrumb","itemListElement":[{"@type":"ListItem","position":1,"name":"Home","item":"https:\/\/erhardt-stiefel.de\/"},{"@type":"ListItem","position":2,"name":"V\u00e4ter gesucht"}]},{"@type":"WebSite","@id":"https:\/\/erhardt-stiefel.de\/#website","url":"https:\/\/erhardt-stiefel.de\/","name":"Erhardt Stiefel&#039;s Fundgrube","description":"Erfahrungen mit CMS, Genealogie, Gott und der Welt - die ich sehr gerne mit dir teilen w\u00fcrde","potentialAction":[{"@type":"SearchAction","target":{"@type":"EntryPoint","urlTemplate":"https:\/\/erhardt-stiefel.de\/?s={search_term_string}"},"query-input":{"@type":"PropertyValueSpecification","valueRequired":true,"valueName":"search_term_string"}}],"inLanguage":"de"},{"@type":"Person","@id":"https:\/\/erhardt-stiefel.de\/#\/schema\/person\/623af879bb14c4ae6622ece81ec006ef","name":"Erhardt","image":{"@type":"ImageObject","inLanguage":"de","@id":"https:\/\/secure.gravatar.com\/avatar\/086c9cb068fa330c15ed0aabfea0b66ecfa387fd1d6eb1a1a3b0a963becd7f74?s=96&d=mm&r=g","url":"https:\/\/secure.gravatar.com\/avatar\/086c9cb068fa330c15ed0aabfea0b66ecfa387fd1d6eb1a1a3b0a963becd7f74?s=96&d=mm&r=g","contentUrl":"https:\/\/secure.gravatar.com\/avatar\/086c9cb068fa330c15ed0aabfea0b66ecfa387fd1d6eb1a1a3b0a963becd7f74?s=96&d=mm&r=g","caption":"Erhardt"},"sameAs":["https:\/\/erhardt-stiefel.de","https:\/\/x.com\/erhardtstiefel77"],"url":"https:\/\/erhardt-stiefel.de\/index.php\/author\/erhardt_stiefel\/"}]}},"jetpack_publicize_connections":[],"jetpack_featured_media_url":"","jetpack_sharing_enabled":true,"jetpack_shortlink":"https:\/\/wp.me\/paRlFh-2DX","_links":{"self":[{"href":"https:\/\/erhardt-stiefel.de\/index.php\/wp-json\/wp\/v2\/posts\/10165","targetHints":{"allow":["GET"]}}],"collection":[{"href":"https:\/\/erhardt-stiefel.de\/index.php\/wp-json\/wp\/v2\/posts"}],"about":[{"href":"https:\/\/erhardt-stiefel.de\/index.php\/wp-json\/wp\/v2\/types\/post"}],"author":[{"embeddable":true,"href":"https:\/\/erhardt-stiefel.de\/index.php\/wp-json\/wp\/v2\/users\/1"}],"replies":[{"embeddable":true,"href":"https:\/\/erhardt-stiefel.de\/index.php\/wp-json\/wp\/v2\/comments?post=10165"}],"version-history":[{"count":1,"href":"https:\/\/erhardt-stiefel.de\/index.php\/wp-json\/wp\/v2\/posts\/10165\/revisions"}],"predecessor-version":[{"id":10166,"href":"https:\/\/erhardt-stiefel.de\/index.php\/wp-json\/wp\/v2\/posts\/10165\/revisions\/10166"}],"wp:attachment":[{"href":"https:\/\/erhardt-stiefel.de\/index.php\/wp-json\/wp\/v2\/media?parent=10165"}],"wp:term":[{"taxonomy":"category","embeddable":true,"href":"https:\/\/erhardt-stiefel.de\/index.php\/wp-json\/wp\/v2\/categories?post=10165"},{"taxonomy":"post_tag","embeddable":true,"href":"https:\/\/erhardt-stiefel.de\/index.php\/wp-json\/wp\/v2\/tags?post=10165"}],"curies":[{"name":"wp","href":"https:\/\/api.w.org\/{rel}","templated":true}]}}