{"id":10203,"date":"2025-06-06T09:32:23","date_gmt":"2025-06-06T07:32:23","guid":{"rendered":"https:\/\/erhardt-stiefel.de\/?p=10203"},"modified":"2025-06-06T09:32:23","modified_gmt":"2025-06-06T07:32:23","slug":"auf-einen-guten-start-kommt-es-an","status":"publish","type":"post","link":"https:\/\/erhardt-stiefel.de\/index.php\/2025\/06\/06\/auf-einen-guten-start-kommt-es-an\/","title":{"rendered":"Auf einen guten Start kommt es an"},"content":{"rendered":"<p><img loading=\"lazy\" decoding=\"async\" class=\"aligncenter size-full wp-image-4925\" src=\"https:\/\/erhardt-stiefel.de\/wp-content\/uploads\/2021\/06\/06.jpg\" alt=\"\" width=\"789\" height=\"887\" srcset=\"https:\/\/erhardt-stiefel.de\/wp-content\/uploads\/2021\/06\/06.jpg 789w, https:\/\/erhardt-stiefel.de\/wp-content\/uploads\/2021\/06\/06-267x300.jpg 267w, https:\/\/erhardt-stiefel.de\/wp-content\/uploads\/2021\/06\/06-768x863.jpg 768w\" sizes=\"auto, (max-width: 767px) 89vw, (max-width: 1000px) 54vw, (max-width: 1071px) 543px, 580px\" \/><\/p>\n<p><strong>Aber dann haben wir Gottes Liebe und G\u00fcte erfahren durch unseren Erl\u00f6ser und Retter Jesus Christus. Nicht, weil wir etwas geleistet h\u00e4tten, womit wir diese Liebe verdienten, nein, seine Barmherzigkeit war es, die uns durch eine neue Geburt zu neuen Menschen gemacht hat. Das war ein Werk des Heiligen Geistes, den Gott uns durch unsern Erl\u00f6ser Jesus Christus in reichem Ma\u00dfe geschenkt hat. So sind wir allein durch seine unverdiente G\u00fcte von aller Schuld befreit und warten voller Hoffnung auf sein himmlisches Reich, das wir als seine Kinder erben werden. <span style=\"color: #0000ff;\"><a style=\"color: #0000ff;\" href=\"https:\/\/www.bibleserver.com\/LUT\/Titus3%2C4-7\" target=\"_blank\" rel=\"noopener noreferrer nofollow\">Titus 3, 4-7<\/a><\/span><\/strong><\/p>\n<p>Sicher hatte es einen Grund, dass Paulus so etwas schreibt. Er dachte an Abraham. Als Abraham auf den Ruf Gottes hin seine Verwandtschaft verlie\u00df, zog sein Neffe Lot mit ihm. Lot war ein Abenteurer und Trittbrettfahrer, entsprechend benahm er sich. W\u00e4hrend Abraham Alt\u00e4re baute und Gott anbetete, schaute Lot nach den l\u00e4ngeren Grashalmen f\u00fcr seine Herden. Als es deswegen zu einer Trennung kam, w\u00e4hlte Lot Sodom und wohnte dort. <span style=\"color: #0000ff;\"><a style=\"color: #0000ff;\" href=\"https:\/\/www.bibleserver.com\/LUT\/1.Mose13%2C6-13\" target=\"_blank\" rel=\"noopener noreferrer nofollow\">1. Mos.13, 6-13<\/a><\/span>.<!--more--><\/p>\n<p>Vielleicht dachte Paulus auch an den Auszug Israels aus \u00c4gypten. W\u00e4hrend Israel das Passah hielt und sich unter der starken Hand Gottes auf den Weg machte, gab es viele Abenteurer, die mit ihnen zogen. Diese waren es, die unterwegs nur Schwierigkeiten bereiteten. Sie beklagten sich, dass es nur Manna gab und kein Fleisch und verf\u00fchrten das Volk zur Rebellion. <a href=\"https:\/\/www.bibleserver.com\/LUT\/4.Mose11%2C4\" target=\"_blank\" rel=\"noopener noreferrer nofollow\"><span style=\"color: #0000ff;\">4. Mos. 11, 4<\/span><\/a><\/p>\n<p>Ob sich das bis heute ge\u00e4ndert hat? Besteht nicht die Gefahr, dass Menschen den Glauben annehmen, sich taufen lassen, aber nie wiedergeboren wurden? Dass zum Beispiel Kinder gl\u00e4ubiger Eltern deren Glauben \u00fcbernommen haben, aber selbst nie wiedergeboren wurden? Dass Menschen sogar Theologie studiert haben und ein geistliches Amt bekleiden, ohne je wiedergeboren zu sein?<\/p>\n<p>Ist das der Grund, dass Pastoren mit ihren Gemeinden Probleme haben, weil Menschen, die nie wiedergeboren wurden, mitbestimmen d\u00fcrfen? Sicher ist es nicht einfach zu pr\u00fcfen, ob jemand wiedergeboren ist oder nicht. Deshalb schreibt Paulus, Titus m\u00f6ge diese Botschaft mit Nachdruck lehren, damit niemand einen Fehlstart habe.<\/p>\n<p>Die Wiedergeburt kann mit einer nat\u00fcrlichen Geburt verglichen werden. Leben mu\u00df zun\u00e4chst gezeugt werden, wenn es zu einer Geburt kommen soll. Der Same, der das bewirkt, ist Gottes Wort. Deshalb kommt der Glaube aus der Predigt, das Predigen aber durch das Wort Christi. <a href=\"https:\/\/www.bibleserver.com\/LUT\/R%C3%B6mer10%2C17\" target=\"_blank\" rel=\"noopener noreferrer nofollow\"><span style=\"color: #0000ff;\">R\u00f6m. 10, 17<\/span><\/a>.<\/p>\n<p>Gute Predigten wecken Glauben, \u00f6ffnen Herzen und geben Gott Gelegenheit, Menschen zu ber\u00fchren und zu ver\u00e4ndern, so k\u00f6nnen sie wiedergeboren werden. Ich kann verstehen, dass Paulus diese Wahrheit Titus besonders ans Herz legt. Mitl\u00e4ufer und Trittbrettfahrer gab es auch schon damals, er wollte aber Nachfolger: Menschen, die mit einem guten Start in eine herrliche Zukunft ihre Reise antreten. Mit solchen Menschen kann Gott sein Reich bauen, weil sie eine Erneuerung empfangen haben, die von innen kommt \u2013 sie haben ein neues Herz und einen neuen Geist empfangen. <a href=\"https:\/\/www.bibleserver.com\/LUT\/Hesekiel36%2C26-27\" target=\"_blank\" rel=\"noopener noreferrer nofollow\"><span style=\"color: #0000ff;\">Hes. 36, 26-27<\/span><\/a><\/p>\n","protected":false},"excerpt":{"rendered":"<p>Aber dann haben wir Gottes Liebe und G\u00fcte erfahren durch unseren Erl\u00f6ser und Retter Jesus Christus. Nicht, weil wir etwas geleistet h\u00e4tten, womit wir diese Liebe verdienten, nein, seine Barmherzigkeit war es, die uns durch eine neue Geburt zu neuen Menschen gemacht hat. Das war ein Werk des Heiligen Geistes, den Gott uns durch unsern &hellip; <\/p>\n<p class=\"link-more\"><a href=\"https:\/\/erhardt-stiefel.de\/index.php\/2025\/06\/06\/auf-einen-guten-start-kommt-es-an\/\" class=\"more-link\"><span class=\"screen-reader-text\">\u201eAuf einen guten Start kommt es an\u201c<\/span> weiterlesen<\/a><\/p>\n","protected":false},"author":1,"featured_media":0,"comment_status":"open","ping_status":"closed","sticky":false,"template":"","format":"standard","meta":{"_exactmetrics_skip_tracking":false,"_exactmetrics_sitenote_active":false,"_exactmetrics_sitenote_note":"","_exactmetrics_sitenote_category":0,"ngg_post_thumbnail":0,"jetpack_post_was_ever_published":false,"_jetpack_newsletter_access":"","_jetpack_dont_email_post_to_subs":false,"_jetpack_newsletter_tier_id":0,"_jetpack_memberships_contains_paywalled_content":false,"_jetpack_memberships_contains_paid_content":false,"footnotes":"","jetpack_publicize_message":"","jetpack_publicize_feature_enabled":true,"jetpack_social_post_already_shared":true,"jetpack_social_options":{"image_generator_settings":{"template":"highway","default_image_id":0,"font":"","enabled":false},"version":2}},"categories":[319,311],"tags":[348,394,396,429],"class_list":["post-10203","post","type-post","status-publish","format-standard","hentry","category-adlerbotschaft","category-predigten","tag-348","tag-juni","tag-titus","tag-trittbrettfahrer"],"yoast_head":"<!-- This site is optimized with the Yoast SEO plugin v27.5 - https:\/\/yoast.com\/product\/yoast-seo-wordpress\/ -->\n<title>Auf einen guten Start kommt es an - Erhardt Stiefel&#039;s Fundgrube<\/title>\n<meta name=\"robots\" content=\"index, follow, max-snippet:-1, max-image-preview:large, max-video-preview:-1\" \/>\n<link rel=\"canonical\" href=\"https:\/\/erhardt-stiefel.de\/index.php\/2025\/06\/06\/auf-einen-guten-start-kommt-es-an\/\" \/>\n<meta property=\"og:locale\" content=\"de_DE\" \/>\n<meta property=\"og:type\" content=\"article\" \/>\n<meta property=\"og:title\" content=\"Auf einen guten Start kommt es an - Erhardt Stiefel&#039;s Fundgrube\" \/>\n<meta property=\"og:description\" content=\"Aber dann haben wir Gottes Liebe und G\u00fcte erfahren durch unseren Erl\u00f6ser und Retter Jesus Christus. Nicht, weil wir etwas geleistet h\u00e4tten, womit wir diese Liebe verdienten, nein, seine Barmherzigkeit war es, die uns durch eine neue Geburt zu neuen Menschen gemacht hat. Das war ein Werk des Heiligen Geistes, den Gott uns durch unsern &hellip; \u201eAuf einen guten Start kommt es an\u201c weiterlesen\" \/>\n<meta property=\"og:url\" content=\"https:\/\/erhardt-stiefel.de\/index.php\/2025\/06\/06\/auf-einen-guten-start-kommt-es-an\/\" \/>\n<meta property=\"og:site_name\" content=\"Erhardt Stiefel&#039;s Fundgrube\" \/>\n<meta property=\"article:published_time\" content=\"2025-06-06T07:32:23+00:00\" \/>\n<meta property=\"og:image\" content=\"https:\/\/erhardt-stiefel.de\/wp-content\/uploads\/2021\/06\/06.jpg\" \/>\n\t<meta property=\"og:image:width\" content=\"789\" \/>\n\t<meta property=\"og:image:height\" content=\"887\" \/>\n\t<meta property=\"og:image:type\" content=\"image\/jpeg\" \/>\n<meta name=\"author\" content=\"Erhardt\" \/>\n<meta name=\"twitter:card\" content=\"summary_large_image\" \/>\n<meta name=\"twitter:creator\" content=\"@erhardtstiefel77\" \/>\n<meta name=\"twitter:label1\" content=\"Geschrieben von\" \/>\n\t<meta name=\"twitter:data1\" content=\"Erhardt\" \/>\n\t<meta name=\"twitter:label2\" content=\"Gesch\u00e4tzte Lesezeit\" \/>\n\t<meta name=\"twitter:data2\" content=\"3\u00a0Minuten\" \/>\n<script type=\"application\/ld+json\" class=\"yoast-schema-graph\">{\"@context\":\"https:\\\/\\\/schema.org\",\"@graph\":[{\"@type\":\"Article\",\"@id\":\"https:\\\/\\\/erhardt-stiefel.de\\\/index.php\\\/2025\\\/06\\\/06\\\/auf-einen-guten-start-kommt-es-an\\\/#article\",\"isPartOf\":{\"@id\":\"https:\\\/\\\/erhardt-stiefel.de\\\/index.php\\\/2025\\\/06\\\/06\\\/auf-einen-guten-start-kommt-es-an\\\/\"},\"author\":{\"name\":\"Erhardt\",\"@id\":\"https:\\\/\\\/erhardt-stiefel.de\\\/#\\\/schema\\\/person\\\/623af879bb14c4ae6622ece81ec006ef\"},\"headline\":\"Auf einen guten Start kommt es an\",\"datePublished\":\"2025-06-06T07:32:23+00:00\",\"mainEntityOfPage\":{\"@id\":\"https:\\\/\\\/erhardt-stiefel.de\\\/index.php\\\/2025\\\/06\\\/06\\\/auf-einen-guten-start-kommt-es-an\\\/\"},\"wordCount\":488,\"commentCount\":0,\"image\":{\"@id\":\"https:\\\/\\\/erhardt-stiefel.de\\\/index.php\\\/2025\\\/06\\\/06\\\/auf-einen-guten-start-kommt-es-an\\\/#primaryimage\"},\"thumbnailUrl\":\"https:\\\/\\\/erhardt-stiefel.de\\\/wp-content\\\/uploads\\\/2021\\\/06\\\/06.jpg\",\"keywords\":[\"***\",\"Juni\",\"Titus\",\"Trittbrettfahrer\"],\"articleSection\":[\"Adlerbotschaft\",\"Predigten\"],\"inLanguage\":\"de\",\"potentialAction\":[{\"@type\":\"CommentAction\",\"name\":\"Comment\",\"target\":[\"https:\\\/\\\/erhardt-stiefel.de\\\/index.php\\\/2025\\\/06\\\/06\\\/auf-einen-guten-start-kommt-es-an\\\/#respond\"]}]},{\"@type\":\"WebPage\",\"@id\":\"https:\\\/\\\/erhardt-stiefel.de\\\/index.php\\\/2025\\\/06\\\/06\\\/auf-einen-guten-start-kommt-es-an\\\/\",\"url\":\"https:\\\/\\\/erhardt-stiefel.de\\\/index.php\\\/2025\\\/06\\\/06\\\/auf-einen-guten-start-kommt-es-an\\\/\",\"name\":\"Auf einen guten Start kommt es an - Erhardt Stiefel&#039;s Fundgrube\",\"isPartOf\":{\"@id\":\"https:\\\/\\\/erhardt-stiefel.de\\\/#website\"},\"primaryImageOfPage\":{\"@id\":\"https:\\\/\\\/erhardt-stiefel.de\\\/index.php\\\/2025\\\/06\\\/06\\\/auf-einen-guten-start-kommt-es-an\\\/#primaryimage\"},\"image\":{\"@id\":\"https:\\\/\\\/erhardt-stiefel.de\\\/index.php\\\/2025\\\/06\\\/06\\\/auf-einen-guten-start-kommt-es-an\\\/#primaryimage\"},\"thumbnailUrl\":\"https:\\\/\\\/erhardt-stiefel.de\\\/wp-content\\\/uploads\\\/2021\\\/06\\\/06.jpg\",\"datePublished\":\"2025-06-06T07:32:23+00:00\",\"author\":{\"@id\":\"https:\\\/\\\/erhardt-stiefel.de\\\/#\\\/schema\\\/person\\\/623af879bb14c4ae6622ece81ec006ef\"},\"breadcrumb\":{\"@id\":\"https:\\\/\\\/erhardt-stiefel.de\\\/index.php\\\/2025\\\/06\\\/06\\\/auf-einen-guten-start-kommt-es-an\\\/#breadcrumb\"},\"inLanguage\":\"de\",\"potentialAction\":[{\"@type\":\"ReadAction\",\"target\":[\"https:\\\/\\\/erhardt-stiefel.de\\\/index.php\\\/2025\\\/06\\\/06\\\/auf-einen-guten-start-kommt-es-an\\\/\"]}]},{\"@type\":\"ImageObject\",\"inLanguage\":\"de\",\"@id\":\"https:\\\/\\\/erhardt-stiefel.de\\\/index.php\\\/2025\\\/06\\\/06\\\/auf-einen-guten-start-kommt-es-an\\\/#primaryimage\",\"url\":\"https:\\\/\\\/erhardt-stiefel.de\\\/wp-content\\\/uploads\\\/2021\\\/06\\\/06.jpg\",\"contentUrl\":\"https:\\\/\\\/erhardt-stiefel.de\\\/wp-content\\\/uploads\\\/2021\\\/06\\\/06.jpg\",\"width\":789,\"height\":887},{\"@type\":\"BreadcrumbList\",\"@id\":\"https:\\\/\\\/erhardt-stiefel.de\\\/index.php\\\/2025\\\/06\\\/06\\\/auf-einen-guten-start-kommt-es-an\\\/#breadcrumb\",\"itemListElement\":[{\"@type\":\"ListItem\",\"position\":1,\"name\":\"Home\",\"item\":\"https:\\\/\\\/erhardt-stiefel.de\\\/\"},{\"@type\":\"ListItem\",\"position\":2,\"name\":\"Auf einen guten Start kommt es an\"}]},{\"@type\":\"WebSite\",\"@id\":\"https:\\\/\\\/erhardt-stiefel.de\\\/#website\",\"url\":\"https:\\\/\\\/erhardt-stiefel.de\\\/\",\"name\":\"Erhardt Stiefel&#039;s Fundgrube\",\"description\":\"Erfahrungen mit CMS, Genealogie, Gott und der Welt - die ich sehr gerne mit dir teilen w\u00fcrde\",\"potentialAction\":[{\"@type\":\"SearchAction\",\"target\":{\"@type\":\"EntryPoint\",\"urlTemplate\":\"https:\\\/\\\/erhardt-stiefel.de\\\/?s={search_term_string}\"},\"query-input\":{\"@type\":\"PropertyValueSpecification\",\"valueRequired\":true,\"valueName\":\"search_term_string\"}}],\"inLanguage\":\"de\"},{\"@type\":\"Person\",\"@id\":\"https:\\\/\\\/erhardt-stiefel.de\\\/#\\\/schema\\\/person\\\/623af879bb14c4ae6622ece81ec006ef\",\"name\":\"Erhardt\",\"image\":{\"@type\":\"ImageObject\",\"inLanguage\":\"de\",\"@id\":\"https:\\\/\\\/secure.gravatar.com\\\/avatar\\\/086c9cb068fa330c15ed0aabfea0b66ecfa387fd1d6eb1a1a3b0a963becd7f74?s=96&d=mm&r=g\",\"url\":\"https:\\\/\\\/secure.gravatar.com\\\/avatar\\\/086c9cb068fa330c15ed0aabfea0b66ecfa387fd1d6eb1a1a3b0a963becd7f74?s=96&d=mm&r=g\",\"contentUrl\":\"https:\\\/\\\/secure.gravatar.com\\\/avatar\\\/086c9cb068fa330c15ed0aabfea0b66ecfa387fd1d6eb1a1a3b0a963becd7f74?s=96&d=mm&r=g\",\"caption\":\"Erhardt\"},\"sameAs\":[\"https:\\\/\\\/erhardt-stiefel.de\",\"https:\\\/\\\/x.com\\\/erhardtstiefel77\"],\"url\":\"https:\\\/\\\/erhardt-stiefel.de\\\/index.php\\\/author\\\/erhardt_stiefel\\\/\"}]}<\/script>\n<!-- \/ Yoast SEO plugin. -->","yoast_head_json":{"title":"Auf einen guten Start kommt es an - Erhardt Stiefel&#039;s Fundgrube","robots":{"index":"index","follow":"follow","max-snippet":"max-snippet:-1","max-image-preview":"max-image-preview:large","max-video-preview":"max-video-preview:-1"},"canonical":"https:\/\/erhardt-stiefel.de\/index.php\/2025\/06\/06\/auf-einen-guten-start-kommt-es-an\/","og_locale":"de_DE","og_type":"article","og_title":"Auf einen guten Start kommt es an - Erhardt Stiefel&#039;s Fundgrube","og_description":"Aber dann haben wir Gottes Liebe und G\u00fcte erfahren durch unseren Erl\u00f6ser und Retter Jesus Christus. Nicht, weil wir etwas geleistet h\u00e4tten, womit wir diese Liebe verdienten, nein, seine Barmherzigkeit war es, die uns durch eine neue Geburt zu neuen Menschen gemacht hat. Das war ein Werk des Heiligen Geistes, den Gott uns durch unsern &hellip; \u201eAuf einen guten Start kommt es an\u201c weiterlesen","og_url":"https:\/\/erhardt-stiefel.de\/index.php\/2025\/06\/06\/auf-einen-guten-start-kommt-es-an\/","og_site_name":"Erhardt Stiefel&#039;s Fundgrube","article_published_time":"2025-06-06T07:32:23+00:00","og_image":[{"width":789,"height":887,"url":"https:\/\/erhardt-stiefel.de\/wp-content\/uploads\/2021\/06\/06.jpg","type":"image\/jpeg"}],"author":"Erhardt","twitter_card":"summary_large_image","twitter_creator":"@erhardtstiefel77","twitter_misc":{"Geschrieben von":"Erhardt","Gesch\u00e4tzte Lesezeit":"3\u00a0Minuten"},"schema":{"@context":"https:\/\/schema.org","@graph":[{"@type":"Article","@id":"https:\/\/erhardt-stiefel.de\/index.php\/2025\/06\/06\/auf-einen-guten-start-kommt-es-an\/#article","isPartOf":{"@id":"https:\/\/erhardt-stiefel.de\/index.php\/2025\/06\/06\/auf-einen-guten-start-kommt-es-an\/"},"author":{"name":"Erhardt","@id":"https:\/\/erhardt-stiefel.de\/#\/schema\/person\/623af879bb14c4ae6622ece81ec006ef"},"headline":"Auf einen guten Start kommt es an","datePublished":"2025-06-06T07:32:23+00:00","mainEntityOfPage":{"@id":"https:\/\/erhardt-stiefel.de\/index.php\/2025\/06\/06\/auf-einen-guten-start-kommt-es-an\/"},"wordCount":488,"commentCount":0,"image":{"@id":"https:\/\/erhardt-stiefel.de\/index.php\/2025\/06\/06\/auf-einen-guten-start-kommt-es-an\/#primaryimage"},"thumbnailUrl":"https:\/\/erhardt-stiefel.de\/wp-content\/uploads\/2021\/06\/06.jpg","keywords":["***","Juni","Titus","Trittbrettfahrer"],"articleSection":["Adlerbotschaft","Predigten"],"inLanguage":"de","potentialAction":[{"@type":"CommentAction","name":"Comment","target":["https:\/\/erhardt-stiefel.de\/index.php\/2025\/06\/06\/auf-einen-guten-start-kommt-es-an\/#respond"]}]},{"@type":"WebPage","@id":"https:\/\/erhardt-stiefel.de\/index.php\/2025\/06\/06\/auf-einen-guten-start-kommt-es-an\/","url":"https:\/\/erhardt-stiefel.de\/index.php\/2025\/06\/06\/auf-einen-guten-start-kommt-es-an\/","name":"Auf einen guten Start kommt es an - Erhardt Stiefel&#039;s Fundgrube","isPartOf":{"@id":"https:\/\/erhardt-stiefel.de\/#website"},"primaryImageOfPage":{"@id":"https:\/\/erhardt-stiefel.de\/index.php\/2025\/06\/06\/auf-einen-guten-start-kommt-es-an\/#primaryimage"},"image":{"@id":"https:\/\/erhardt-stiefel.de\/index.php\/2025\/06\/06\/auf-einen-guten-start-kommt-es-an\/#primaryimage"},"thumbnailUrl":"https:\/\/erhardt-stiefel.de\/wp-content\/uploads\/2021\/06\/06.jpg","datePublished":"2025-06-06T07:32:23+00:00","author":{"@id":"https:\/\/erhardt-stiefel.de\/#\/schema\/person\/623af879bb14c4ae6622ece81ec006ef"},"breadcrumb":{"@id":"https:\/\/erhardt-stiefel.de\/index.php\/2025\/06\/06\/auf-einen-guten-start-kommt-es-an\/#breadcrumb"},"inLanguage":"de","potentialAction":[{"@type":"ReadAction","target":["https:\/\/erhardt-stiefel.de\/index.php\/2025\/06\/06\/auf-einen-guten-start-kommt-es-an\/"]}]},{"@type":"ImageObject","inLanguage":"de","@id":"https:\/\/erhardt-stiefel.de\/index.php\/2025\/06\/06\/auf-einen-guten-start-kommt-es-an\/#primaryimage","url":"https:\/\/erhardt-stiefel.de\/wp-content\/uploads\/2021\/06\/06.jpg","contentUrl":"https:\/\/erhardt-stiefel.de\/wp-content\/uploads\/2021\/06\/06.jpg","width":789,"height":887},{"@type":"BreadcrumbList","@id":"https:\/\/erhardt-stiefel.de\/index.php\/2025\/06\/06\/auf-einen-guten-start-kommt-es-an\/#breadcrumb","itemListElement":[{"@type":"ListItem","position":1,"name":"Home","item":"https:\/\/erhardt-stiefel.de\/"},{"@type":"ListItem","position":2,"name":"Auf einen guten Start kommt es an"}]},{"@type":"WebSite","@id":"https:\/\/erhardt-stiefel.de\/#website","url":"https:\/\/erhardt-stiefel.de\/","name":"Erhardt Stiefel&#039;s Fundgrube","description":"Erfahrungen mit CMS, Genealogie, Gott und der Welt - die ich sehr gerne mit dir teilen w\u00fcrde","potentialAction":[{"@type":"SearchAction","target":{"@type":"EntryPoint","urlTemplate":"https:\/\/erhardt-stiefel.de\/?s={search_term_string}"},"query-input":{"@type":"PropertyValueSpecification","valueRequired":true,"valueName":"search_term_string"}}],"inLanguage":"de"},{"@type":"Person","@id":"https:\/\/erhardt-stiefel.de\/#\/schema\/person\/623af879bb14c4ae6622ece81ec006ef","name":"Erhardt","image":{"@type":"ImageObject","inLanguage":"de","@id":"https:\/\/secure.gravatar.com\/avatar\/086c9cb068fa330c15ed0aabfea0b66ecfa387fd1d6eb1a1a3b0a963becd7f74?s=96&d=mm&r=g","url":"https:\/\/secure.gravatar.com\/avatar\/086c9cb068fa330c15ed0aabfea0b66ecfa387fd1d6eb1a1a3b0a963becd7f74?s=96&d=mm&r=g","contentUrl":"https:\/\/secure.gravatar.com\/avatar\/086c9cb068fa330c15ed0aabfea0b66ecfa387fd1d6eb1a1a3b0a963becd7f74?s=96&d=mm&r=g","caption":"Erhardt"},"sameAs":["https:\/\/erhardt-stiefel.de","https:\/\/x.com\/erhardtstiefel77"],"url":"https:\/\/erhardt-stiefel.de\/index.php\/author\/erhardt_stiefel\/"}]}},"jetpack_publicize_connections":[],"jetpack_featured_media_url":"","jetpack_sharing_enabled":true,"jetpack_shortlink":"https:\/\/wp.me\/paRlFh-2Ez","_links":{"self":[{"href":"https:\/\/erhardt-stiefel.de\/index.php\/wp-json\/wp\/v2\/posts\/10203","targetHints":{"allow":["GET"]}}],"collection":[{"href":"https:\/\/erhardt-stiefel.de\/index.php\/wp-json\/wp\/v2\/posts"}],"about":[{"href":"https:\/\/erhardt-stiefel.de\/index.php\/wp-json\/wp\/v2\/types\/post"}],"author":[{"embeddable":true,"href":"https:\/\/erhardt-stiefel.de\/index.php\/wp-json\/wp\/v2\/users\/1"}],"replies":[{"embeddable":true,"href":"https:\/\/erhardt-stiefel.de\/index.php\/wp-json\/wp\/v2\/comments?post=10203"}],"version-history":[{"count":1,"href":"https:\/\/erhardt-stiefel.de\/index.php\/wp-json\/wp\/v2\/posts\/10203\/revisions"}],"predecessor-version":[{"id":10204,"href":"https:\/\/erhardt-stiefel.de\/index.php\/wp-json\/wp\/v2\/posts\/10203\/revisions\/10204"}],"wp:attachment":[{"href":"https:\/\/erhardt-stiefel.de\/index.php\/wp-json\/wp\/v2\/media?parent=10203"}],"wp:term":[{"taxonomy":"category","embeddable":true,"href":"https:\/\/erhardt-stiefel.de\/index.php\/wp-json\/wp\/v2\/categories?post=10203"},{"taxonomy":"post_tag","embeddable":true,"href":"https:\/\/erhardt-stiefel.de\/index.php\/wp-json\/wp\/v2\/tags?post=10203"}],"curies":[{"name":"wp","href":"https:\/\/api.w.org\/{rel}","templated":true}]}}