{"id":10285,"date":"2025-07-05T08:48:24","date_gmt":"2025-07-05T06:48:24","guid":{"rendered":"https:\/\/erhardt-stiefel.de\/?p=10285"},"modified":"2025-07-05T08:48:24","modified_gmt":"2025-07-05T06:48:24","slug":"der-ton-macht-die-musik","status":"publish","type":"post","link":"https:\/\/erhardt-stiefel.de\/index.php\/2025\/07\/05\/der-ton-macht-die-musik\/","title":{"rendered":"Der Ton macht die Musik"},"content":{"rendered":"<p><img loading=\"lazy\" decoding=\"async\" class=\"aligncenter size-full wp-image-5095\" src=\"https:\/\/erhardt-stiefel.de\/wp-content\/uploads\/2021\/07\/05.jpg\" alt=\"\" width=\"788\" height=\"887\" srcset=\"https:\/\/erhardt-stiefel.de\/wp-content\/uploads\/2021\/07\/05.jpg 788w, https:\/\/erhardt-stiefel.de\/wp-content\/uploads\/2021\/07\/05-267x300.jpg 267w, https:\/\/erhardt-stiefel.de\/wp-content\/uploads\/2021\/07\/05-768x864.jpg 768w\" sizes=\"auto, (max-width: 767px) 89vw, (max-width: 1000px) 54vw, (max-width: 1071px) 543px, 580px\" \/><\/p>\n<p><strong>Eine linde Antwort stillt den Zorn; aber ein hartes Wort erregt Grimm. <span style=\"color: #0000ff;\"><a style=\"color: #0000ff;\" href=\"https:\/\/www.bibleserver.com\/LUT\/Spr%C3%BCche15%2C1\" target=\"_blank\" rel=\"noopener noreferrer nofollow\">Spr\u00fcche 15, 1<\/a><\/span><\/strong><\/p>\n<p>Man kann sich \u00fcber alles \u00e4rgern, aber man ist nicht verpflichtet dazu, \u2013 soweit das Sprichwort. Wenn es doch nur immer so w\u00e4re, wie viel \u00c4rger und Schmerz h\u00e4tten wir uns ersparen k\u00f6nnen. Aber was tun wir, wenn ein heftiges Wort uns trifft wie eine Pfeilspitze und tief in unser Herz dringt? Dann regt sich der Schmerz und der kleine Kessel ist am Kochen. Was tun wir, wenn wir uns \u00fcberfordert f\u00fchlen und der Druck entweichen will? Wutausbr\u00fcche sind dann keine Seltenheit.<\/p>\n<p>In unserer Gesellschaft wird der Umgangston immer rauer und der Mensch steht in Gefahr, dabei auf der Strecke zu bleiben. Bei vielen ist die Toleranzgrenze so niedrig wie noch nie. Das kleinste Wort kann gen\u00fcgen und schon regt sich der \u00c4rger und es kommt zu Gegenreaktionen. Wehe, wenn es in entscheidender Stunde an der richtigen Reaktion fehlt; wenn statt einem freundlichen Wort hei\u00dfer Dampf dem N\u00e4chsten ins Gesicht zischt, oder statt Wasser \u00d6l ins Feuer gegossen wird.<!--more--><\/p>\n<p>Es ist einfacher, eine T\u00fcr zuzuschlagen, als sie sp\u00e4ter wieder zu \u00f6ffnen. Pl\u00f6tzlich ist es unheimlich still um uns geworden und niemand spricht mehr ein Wort, obwohl noch viel gesagt werden m\u00fcsste. Wie viele Ehen k\u00f6nnten heute noch bestehen, wie viele Freundschaften noch intakt sein, wie viele Gemeinden nicht gespalten und Menschen nicht verletzt sein, wenn das richtige Wort zur rechten Zeit gesprochen worden w\u00e4re. Viele leiden unter ihrem Temperament. Sie wissen um ihre Schwachstellen und k\u00f6nnen so wenig dagegen tun. Gott kennt unser Temperament, unsere Empfindlichkeiten und Schwachstellen. Wir sind nicht hilflos unseren Gef\u00fchlen ausgeliefert. Gott m\u00f6chte seine Liebe durch den Heiligen Geist in unser Herz ausgie\u00dfen, &#8211; genau an den Ort, wo unsere Turbulenzen entstehen, damit sie unter seine Kontrolle kommen. Dazu m\u00fcssen wir Gott aber die Gelegenheit geben.<\/p>\n<p>Im Milit\u00e4r gibt es eine Beschwerdeordnung. Der Betroffene muss 24 Stunden warten, bis er seine Beschwerde vortragen darf. Das hat einen Grund. Er soll erst einmal dar\u00fcber schlafen und dann handeln. Es bedarf Zeit, bis sich die Gef\u00fchle wieder beruhigt haben und die Gedanken klar werden. Jakobus sagt deshalb: <em>Jeder Mensch sei schnell zum H\u00f6ren, langsam zum Reden und langsam zum Zorn<\/em>. <a href=\"https:\/\/www.bibleserver.com\/LUT\/Jakobus1%2C19\" target=\"_blank\" rel=\"noopener noreferrer nofollow\"><span style=\"color: #0000ff;\">Jak. 1, 19<\/span><\/a>.<\/p>\n<p>Wenn es um die richtige Reaktion geht, k\u00f6nnen wir von Jesus lernen, er war in allen Situationen ein Meister des rechten Tons. Jesu bester Freund, der Petrus, ist ihm auf \u00e4u\u00dferst brutale Weise in entscheidender Stunde in den R\u00fccken gefallen. Er beteuerte \u00f6ffentlich, dass er mit Jesus nichts zu tun habe und ihn nicht einmal kennen w\u00fcrde. Diese Aussage bekr\u00e4ftigte er mit einem Eid. &#8211;&nbsp;<br \/>\nEin hartes St\u00fcck! Einige Tage sp\u00e4ter standen diese zwei M\u00e4nner sich gegen\u00fcber. Wie reagierte Jesus? Er reichte ihm die Hand mit nur einer Frage: \u201eLiebst du mich, Petrus?\u201c Diese Worte sch\u00fctteten einen Graben zu und bauten eine Br\u00fccke. Zwei Menschen wurden wieder Freunde.<\/p>\n<p>Ein gro\u00dfer Komponist wurde einmal gefragt, wie es m\u00f6glich sei, so gro\u00dfartige Musikst\u00fccke schaffen zu k\u00f6nnen. \u201eIch nehme nur viele kleine Noten, die sich m\u00f6gen, reihe sie aneinander und schon habe ich eine wunderbare Melodie.\u201c G\u00e4be Gott, dass wir in entscheidenden Stunden den richtigen Ton finden. Eigentlich ist es nur unser Stolz, der sich verletzt f\u00fchlt. Dem\u00fctige haben da weniger Probleme. Jesus war von Herzen dem\u00fctig, und wir?<\/p>\n","protected":false},"excerpt":{"rendered":"<p>Eine linde Antwort stillt den Zorn; aber ein hartes Wort erregt Grimm. Spr\u00fcche 15, 1 Man kann sich \u00fcber alles \u00e4rgern, aber man ist nicht verpflichtet dazu, \u2013 soweit das Sprichwort. Wenn es doch nur immer so w\u00e4re, wie viel \u00c4rger und Schmerz h\u00e4tten wir uns ersparen k\u00f6nnen. Aber was tun wir, wenn ein heftiges &hellip; <\/p>\n<p class=\"link-more\"><a href=\"https:\/\/erhardt-stiefel.de\/index.php\/2025\/07\/05\/der-ton-macht-die-musik\/\" class=\"more-link\"><span class=\"screen-reader-text\">\u201eDer Ton macht die Musik\u201c<\/span> weiterlesen<\/a><\/p>\n","protected":false},"author":1,"featured_media":0,"comment_status":"open","ping_status":"closed","sticky":false,"template":"","format":"standard","meta":{"_exactmetrics_skip_tracking":false,"_exactmetrics_sitenote_active":false,"_exactmetrics_sitenote_note":"","_exactmetrics_sitenote_category":0,"ngg_post_thumbnail":0,"jetpack_post_was_ever_published":false,"_jetpack_newsletter_access":"","_jetpack_dont_email_post_to_subs":false,"_jetpack_newsletter_tier_id":0,"_jetpack_memberships_contains_paywalled_content":false,"_jetpack_memberships_contains_paid_content":false,"footnotes":"","jetpack_publicize_message":"","jetpack_publicize_feature_enabled":true,"jetpack_social_post_already_shared":true,"jetpack_social_options":{"image_generator_settings":{"template":"highway","default_image_id":0,"font":"","enabled":false},"version":2}},"categories":[319,311],"tags":[348,317,401,332],"class_list":["post-10285","post","type-post","status-publish","format-standard","hentry","category-adlerbotschaft","category-predigten","tag-348","tag-adler","tag-juli","tag-sprueche"],"yoast_head":"<!-- This site is optimized with the Yoast SEO plugin v27.5 - https:\/\/yoast.com\/product\/yoast-seo-wordpress\/ -->\n<title>Der Ton macht die Musik - Erhardt Stiefel&#039;s Fundgrube<\/title>\n<meta name=\"robots\" content=\"index, follow, max-snippet:-1, max-image-preview:large, max-video-preview:-1\" \/>\n<link rel=\"canonical\" href=\"https:\/\/erhardt-stiefel.de\/index.php\/2025\/07\/05\/der-ton-macht-die-musik\/\" \/>\n<meta property=\"og:locale\" content=\"de_DE\" \/>\n<meta property=\"og:type\" content=\"article\" \/>\n<meta property=\"og:title\" content=\"Der Ton macht die Musik - Erhardt Stiefel&#039;s Fundgrube\" \/>\n<meta property=\"og:description\" content=\"Eine linde Antwort stillt den Zorn; aber ein hartes Wort erregt Grimm. Spr\u00fcche 15, 1 Man kann sich \u00fcber alles \u00e4rgern, aber man ist nicht verpflichtet dazu, \u2013 soweit das Sprichwort. Wenn es doch nur immer so w\u00e4re, wie viel \u00c4rger und Schmerz h\u00e4tten wir uns ersparen k\u00f6nnen. Aber was tun wir, wenn ein heftiges &hellip; \u201eDer Ton macht die Musik\u201c weiterlesen\" \/>\n<meta property=\"og:url\" content=\"https:\/\/erhardt-stiefel.de\/index.php\/2025\/07\/05\/der-ton-macht-die-musik\/\" \/>\n<meta property=\"og:site_name\" content=\"Erhardt Stiefel&#039;s Fundgrube\" \/>\n<meta property=\"article:published_time\" content=\"2025-07-05T06:48:24+00:00\" \/>\n<meta property=\"og:image\" content=\"https:\/\/erhardt-stiefel.de\/wp-content\/uploads\/2021\/07\/05.jpg\" \/>\n\t<meta property=\"og:image:width\" content=\"788\" \/>\n\t<meta property=\"og:image:height\" content=\"887\" \/>\n\t<meta property=\"og:image:type\" content=\"image\/jpeg\" \/>\n<meta name=\"author\" content=\"Erhardt\" \/>\n<meta name=\"twitter:card\" content=\"summary_large_image\" \/>\n<meta name=\"twitter:creator\" content=\"@erhardtstiefel77\" \/>\n<meta name=\"twitter:label1\" content=\"Geschrieben von\" \/>\n\t<meta name=\"twitter:data1\" content=\"Erhardt\" \/>\n\t<meta name=\"twitter:label2\" content=\"Gesch\u00e4tzte Lesezeit\" \/>\n\t<meta name=\"twitter:data2\" content=\"4\u00a0Minuten\" \/>\n<script type=\"application\/ld+json\" class=\"yoast-schema-graph\">{\"@context\":\"https:\\\/\\\/schema.org\",\"@graph\":[{\"@type\":\"Article\",\"@id\":\"https:\\\/\\\/erhardt-stiefel.de\\\/index.php\\\/2025\\\/07\\\/05\\\/der-ton-macht-die-musik\\\/#article\",\"isPartOf\":{\"@id\":\"https:\\\/\\\/erhardt-stiefel.de\\\/index.php\\\/2025\\\/07\\\/05\\\/der-ton-macht-die-musik\\\/\"},\"author\":{\"name\":\"Erhardt\",\"@id\":\"https:\\\/\\\/erhardt-stiefel.de\\\/#\\\/schema\\\/person\\\/623af879bb14c4ae6622ece81ec006ef\"},\"headline\":\"Der Ton macht die Musik\",\"datePublished\":\"2025-07-05T06:48:24+00:00\",\"mainEntityOfPage\":{\"@id\":\"https:\\\/\\\/erhardt-stiefel.de\\\/index.php\\\/2025\\\/07\\\/05\\\/der-ton-macht-die-musik\\\/\"},\"wordCount\":591,\"commentCount\":0,\"image\":{\"@id\":\"https:\\\/\\\/erhardt-stiefel.de\\\/index.php\\\/2025\\\/07\\\/05\\\/der-ton-macht-die-musik\\\/#primaryimage\"},\"thumbnailUrl\":\"https:\\\/\\\/erhardt-stiefel.de\\\/wp-content\\\/uploads\\\/2021\\\/07\\\/05.jpg\",\"keywords\":[\"***\",\"Adler\",\"Juli\",\"Spr\u00fcche\"],\"articleSection\":[\"Adlerbotschaft\",\"Predigten\"],\"inLanguage\":\"de\",\"potentialAction\":[{\"@type\":\"CommentAction\",\"name\":\"Comment\",\"target\":[\"https:\\\/\\\/erhardt-stiefel.de\\\/index.php\\\/2025\\\/07\\\/05\\\/der-ton-macht-die-musik\\\/#respond\"]}]},{\"@type\":\"WebPage\",\"@id\":\"https:\\\/\\\/erhardt-stiefel.de\\\/index.php\\\/2025\\\/07\\\/05\\\/der-ton-macht-die-musik\\\/\",\"url\":\"https:\\\/\\\/erhardt-stiefel.de\\\/index.php\\\/2025\\\/07\\\/05\\\/der-ton-macht-die-musik\\\/\",\"name\":\"Der Ton macht die Musik - Erhardt Stiefel&#039;s Fundgrube\",\"isPartOf\":{\"@id\":\"https:\\\/\\\/erhardt-stiefel.de\\\/#website\"},\"primaryImageOfPage\":{\"@id\":\"https:\\\/\\\/erhardt-stiefel.de\\\/index.php\\\/2025\\\/07\\\/05\\\/der-ton-macht-die-musik\\\/#primaryimage\"},\"image\":{\"@id\":\"https:\\\/\\\/erhardt-stiefel.de\\\/index.php\\\/2025\\\/07\\\/05\\\/der-ton-macht-die-musik\\\/#primaryimage\"},\"thumbnailUrl\":\"https:\\\/\\\/erhardt-stiefel.de\\\/wp-content\\\/uploads\\\/2021\\\/07\\\/05.jpg\",\"datePublished\":\"2025-07-05T06:48:24+00:00\",\"author\":{\"@id\":\"https:\\\/\\\/erhardt-stiefel.de\\\/#\\\/schema\\\/person\\\/623af879bb14c4ae6622ece81ec006ef\"},\"breadcrumb\":{\"@id\":\"https:\\\/\\\/erhardt-stiefel.de\\\/index.php\\\/2025\\\/07\\\/05\\\/der-ton-macht-die-musik\\\/#breadcrumb\"},\"inLanguage\":\"de\",\"potentialAction\":[{\"@type\":\"ReadAction\",\"target\":[\"https:\\\/\\\/erhardt-stiefel.de\\\/index.php\\\/2025\\\/07\\\/05\\\/der-ton-macht-die-musik\\\/\"]}]},{\"@type\":\"ImageObject\",\"inLanguage\":\"de\",\"@id\":\"https:\\\/\\\/erhardt-stiefel.de\\\/index.php\\\/2025\\\/07\\\/05\\\/der-ton-macht-die-musik\\\/#primaryimage\",\"url\":\"https:\\\/\\\/erhardt-stiefel.de\\\/wp-content\\\/uploads\\\/2021\\\/07\\\/05.jpg\",\"contentUrl\":\"https:\\\/\\\/erhardt-stiefel.de\\\/wp-content\\\/uploads\\\/2021\\\/07\\\/05.jpg\",\"width\":788,\"height\":887},{\"@type\":\"BreadcrumbList\",\"@id\":\"https:\\\/\\\/erhardt-stiefel.de\\\/index.php\\\/2025\\\/07\\\/05\\\/der-ton-macht-die-musik\\\/#breadcrumb\",\"itemListElement\":[{\"@type\":\"ListItem\",\"position\":1,\"name\":\"Home\",\"item\":\"https:\\\/\\\/erhardt-stiefel.de\\\/\"},{\"@type\":\"ListItem\",\"position\":2,\"name\":\"Der Ton macht die Musik\"}]},{\"@type\":\"WebSite\",\"@id\":\"https:\\\/\\\/erhardt-stiefel.de\\\/#website\",\"url\":\"https:\\\/\\\/erhardt-stiefel.de\\\/\",\"name\":\"Erhardt Stiefel&#039;s Fundgrube\",\"description\":\"Erfahrungen mit CMS, Genealogie, Gott und der Welt - die ich sehr gerne mit dir teilen w\u00fcrde\",\"potentialAction\":[{\"@type\":\"SearchAction\",\"target\":{\"@type\":\"EntryPoint\",\"urlTemplate\":\"https:\\\/\\\/erhardt-stiefel.de\\\/?s={search_term_string}\"},\"query-input\":{\"@type\":\"PropertyValueSpecification\",\"valueRequired\":true,\"valueName\":\"search_term_string\"}}],\"inLanguage\":\"de\"},{\"@type\":\"Person\",\"@id\":\"https:\\\/\\\/erhardt-stiefel.de\\\/#\\\/schema\\\/person\\\/623af879bb14c4ae6622ece81ec006ef\",\"name\":\"Erhardt\",\"image\":{\"@type\":\"ImageObject\",\"inLanguage\":\"de\",\"@id\":\"https:\\\/\\\/secure.gravatar.com\\\/avatar\\\/086c9cb068fa330c15ed0aabfea0b66ecfa387fd1d6eb1a1a3b0a963becd7f74?s=96&d=mm&r=g\",\"url\":\"https:\\\/\\\/secure.gravatar.com\\\/avatar\\\/086c9cb068fa330c15ed0aabfea0b66ecfa387fd1d6eb1a1a3b0a963becd7f74?s=96&d=mm&r=g\",\"contentUrl\":\"https:\\\/\\\/secure.gravatar.com\\\/avatar\\\/086c9cb068fa330c15ed0aabfea0b66ecfa387fd1d6eb1a1a3b0a963becd7f74?s=96&d=mm&r=g\",\"caption\":\"Erhardt\"},\"sameAs\":[\"https:\\\/\\\/erhardt-stiefel.de\",\"https:\\\/\\\/x.com\\\/erhardtstiefel77\"],\"url\":\"https:\\\/\\\/erhardt-stiefel.de\\\/index.php\\\/author\\\/erhardt_stiefel\\\/\"}]}<\/script>\n<!-- \/ Yoast SEO plugin. -->","yoast_head_json":{"title":"Der Ton macht die Musik - Erhardt Stiefel&#039;s Fundgrube","robots":{"index":"index","follow":"follow","max-snippet":"max-snippet:-1","max-image-preview":"max-image-preview:large","max-video-preview":"max-video-preview:-1"},"canonical":"https:\/\/erhardt-stiefel.de\/index.php\/2025\/07\/05\/der-ton-macht-die-musik\/","og_locale":"de_DE","og_type":"article","og_title":"Der Ton macht die Musik - Erhardt Stiefel&#039;s Fundgrube","og_description":"Eine linde Antwort stillt den Zorn; aber ein hartes Wort erregt Grimm. Spr\u00fcche 15, 1 Man kann sich \u00fcber alles \u00e4rgern, aber man ist nicht verpflichtet dazu, \u2013 soweit das Sprichwort. Wenn es doch nur immer so w\u00e4re, wie viel \u00c4rger und Schmerz h\u00e4tten wir uns ersparen k\u00f6nnen. Aber was tun wir, wenn ein heftiges &hellip; \u201eDer Ton macht die Musik\u201c weiterlesen","og_url":"https:\/\/erhardt-stiefel.de\/index.php\/2025\/07\/05\/der-ton-macht-die-musik\/","og_site_name":"Erhardt Stiefel&#039;s Fundgrube","article_published_time":"2025-07-05T06:48:24+00:00","og_image":[{"width":788,"height":887,"url":"https:\/\/erhardt-stiefel.de\/wp-content\/uploads\/2021\/07\/05.jpg","type":"image\/jpeg"}],"author":"Erhardt","twitter_card":"summary_large_image","twitter_creator":"@erhardtstiefel77","twitter_misc":{"Geschrieben von":"Erhardt","Gesch\u00e4tzte Lesezeit":"4\u00a0Minuten"},"schema":{"@context":"https:\/\/schema.org","@graph":[{"@type":"Article","@id":"https:\/\/erhardt-stiefel.de\/index.php\/2025\/07\/05\/der-ton-macht-die-musik\/#article","isPartOf":{"@id":"https:\/\/erhardt-stiefel.de\/index.php\/2025\/07\/05\/der-ton-macht-die-musik\/"},"author":{"name":"Erhardt","@id":"https:\/\/erhardt-stiefel.de\/#\/schema\/person\/623af879bb14c4ae6622ece81ec006ef"},"headline":"Der Ton macht die Musik","datePublished":"2025-07-05T06:48:24+00:00","mainEntityOfPage":{"@id":"https:\/\/erhardt-stiefel.de\/index.php\/2025\/07\/05\/der-ton-macht-die-musik\/"},"wordCount":591,"commentCount":0,"image":{"@id":"https:\/\/erhardt-stiefel.de\/index.php\/2025\/07\/05\/der-ton-macht-die-musik\/#primaryimage"},"thumbnailUrl":"https:\/\/erhardt-stiefel.de\/wp-content\/uploads\/2021\/07\/05.jpg","keywords":["***","Adler","Juli","Spr\u00fcche"],"articleSection":["Adlerbotschaft","Predigten"],"inLanguage":"de","potentialAction":[{"@type":"CommentAction","name":"Comment","target":["https:\/\/erhardt-stiefel.de\/index.php\/2025\/07\/05\/der-ton-macht-die-musik\/#respond"]}]},{"@type":"WebPage","@id":"https:\/\/erhardt-stiefel.de\/index.php\/2025\/07\/05\/der-ton-macht-die-musik\/","url":"https:\/\/erhardt-stiefel.de\/index.php\/2025\/07\/05\/der-ton-macht-die-musik\/","name":"Der Ton macht die Musik - Erhardt Stiefel&#039;s Fundgrube","isPartOf":{"@id":"https:\/\/erhardt-stiefel.de\/#website"},"primaryImageOfPage":{"@id":"https:\/\/erhardt-stiefel.de\/index.php\/2025\/07\/05\/der-ton-macht-die-musik\/#primaryimage"},"image":{"@id":"https:\/\/erhardt-stiefel.de\/index.php\/2025\/07\/05\/der-ton-macht-die-musik\/#primaryimage"},"thumbnailUrl":"https:\/\/erhardt-stiefel.de\/wp-content\/uploads\/2021\/07\/05.jpg","datePublished":"2025-07-05T06:48:24+00:00","author":{"@id":"https:\/\/erhardt-stiefel.de\/#\/schema\/person\/623af879bb14c4ae6622ece81ec006ef"},"breadcrumb":{"@id":"https:\/\/erhardt-stiefel.de\/index.php\/2025\/07\/05\/der-ton-macht-die-musik\/#breadcrumb"},"inLanguage":"de","potentialAction":[{"@type":"ReadAction","target":["https:\/\/erhardt-stiefel.de\/index.php\/2025\/07\/05\/der-ton-macht-die-musik\/"]}]},{"@type":"ImageObject","inLanguage":"de","@id":"https:\/\/erhardt-stiefel.de\/index.php\/2025\/07\/05\/der-ton-macht-die-musik\/#primaryimage","url":"https:\/\/erhardt-stiefel.de\/wp-content\/uploads\/2021\/07\/05.jpg","contentUrl":"https:\/\/erhardt-stiefel.de\/wp-content\/uploads\/2021\/07\/05.jpg","width":788,"height":887},{"@type":"BreadcrumbList","@id":"https:\/\/erhardt-stiefel.de\/index.php\/2025\/07\/05\/der-ton-macht-die-musik\/#breadcrumb","itemListElement":[{"@type":"ListItem","position":1,"name":"Home","item":"https:\/\/erhardt-stiefel.de\/"},{"@type":"ListItem","position":2,"name":"Der Ton macht die Musik"}]},{"@type":"WebSite","@id":"https:\/\/erhardt-stiefel.de\/#website","url":"https:\/\/erhardt-stiefel.de\/","name":"Erhardt Stiefel&#039;s Fundgrube","description":"Erfahrungen mit CMS, Genealogie, Gott und der Welt - die ich sehr gerne mit dir teilen w\u00fcrde","potentialAction":[{"@type":"SearchAction","target":{"@type":"EntryPoint","urlTemplate":"https:\/\/erhardt-stiefel.de\/?s={search_term_string}"},"query-input":{"@type":"PropertyValueSpecification","valueRequired":true,"valueName":"search_term_string"}}],"inLanguage":"de"},{"@type":"Person","@id":"https:\/\/erhardt-stiefel.de\/#\/schema\/person\/623af879bb14c4ae6622ece81ec006ef","name":"Erhardt","image":{"@type":"ImageObject","inLanguage":"de","@id":"https:\/\/secure.gravatar.com\/avatar\/086c9cb068fa330c15ed0aabfea0b66ecfa387fd1d6eb1a1a3b0a963becd7f74?s=96&d=mm&r=g","url":"https:\/\/secure.gravatar.com\/avatar\/086c9cb068fa330c15ed0aabfea0b66ecfa387fd1d6eb1a1a3b0a963becd7f74?s=96&d=mm&r=g","contentUrl":"https:\/\/secure.gravatar.com\/avatar\/086c9cb068fa330c15ed0aabfea0b66ecfa387fd1d6eb1a1a3b0a963becd7f74?s=96&d=mm&r=g","caption":"Erhardt"},"sameAs":["https:\/\/erhardt-stiefel.de","https:\/\/x.com\/erhardtstiefel77"],"url":"https:\/\/erhardt-stiefel.de\/index.php\/author\/erhardt_stiefel\/"}]}},"jetpack_publicize_connections":[],"jetpack_featured_media_url":"","jetpack_sharing_enabled":true,"jetpack_shortlink":"https:\/\/wp.me\/paRlFh-2FT","_links":{"self":[{"href":"https:\/\/erhardt-stiefel.de\/index.php\/wp-json\/wp\/v2\/posts\/10285","targetHints":{"allow":["GET"]}}],"collection":[{"href":"https:\/\/erhardt-stiefel.de\/index.php\/wp-json\/wp\/v2\/posts"}],"about":[{"href":"https:\/\/erhardt-stiefel.de\/index.php\/wp-json\/wp\/v2\/types\/post"}],"author":[{"embeddable":true,"href":"https:\/\/erhardt-stiefel.de\/index.php\/wp-json\/wp\/v2\/users\/1"}],"replies":[{"embeddable":true,"href":"https:\/\/erhardt-stiefel.de\/index.php\/wp-json\/wp\/v2\/comments?post=10285"}],"version-history":[{"count":1,"href":"https:\/\/erhardt-stiefel.de\/index.php\/wp-json\/wp\/v2\/posts\/10285\/revisions"}],"predecessor-version":[{"id":10286,"href":"https:\/\/erhardt-stiefel.de\/index.php\/wp-json\/wp\/v2\/posts\/10285\/revisions\/10286"}],"wp:attachment":[{"href":"https:\/\/erhardt-stiefel.de\/index.php\/wp-json\/wp\/v2\/media?parent=10285"}],"wp:term":[{"taxonomy":"category","embeddable":true,"href":"https:\/\/erhardt-stiefel.de\/index.php\/wp-json\/wp\/v2\/categories?post=10285"},{"taxonomy":"post_tag","embeddable":true,"href":"https:\/\/erhardt-stiefel.de\/index.php\/wp-json\/wp\/v2\/tags?post=10285"}],"curies":[{"name":"wp","href":"https:\/\/api.w.org\/{rel}","templated":true}]}}