{"id":10345,"date":"2025-07-24T09:33:31","date_gmt":"2025-07-24T07:33:31","guid":{"rendered":"https:\/\/erhardt-stiefel.de\/?p=10345"},"modified":"2025-07-24T09:33:31","modified_gmt":"2025-07-24T07:33:31","slug":"ja-ich-bin-verletzt","status":"publish","type":"post","link":"https:\/\/erhardt-stiefel.de\/index.php\/2025\/07\/24\/ja-ich-bin-verletzt\/","title":{"rendered":"Ja, ich bin verletzt"},"content":{"rendered":"<p><img loading=\"lazy\" decoding=\"async\" class=\"aligncenter size-full wp-image-5173\" src=\"https:\/\/erhardt-stiefel.de\/wp-content\/uploads\/2021\/07\/24.jpg\" alt=\"\" width=\"792\" height=\"879\" srcset=\"https:\/\/erhardt-stiefel.de\/wp-content\/uploads\/2021\/07\/24.jpg 792w, https:\/\/erhardt-stiefel.de\/wp-content\/uploads\/2021\/07\/24-270x300.jpg 270w, https:\/\/erhardt-stiefel.de\/wp-content\/uploads\/2021\/07\/24-768x852.jpg 768w\" sizes=\"auto, (max-width: 767px) 89vw, (max-width: 1000px) 54vw, (max-width: 1071px) 543px, 580px\" \/><\/p>\n<p><strong>Auch mein Freund, dem ich vertraute, der mein Brot a\u00df, tritt mich mit F\u00fc\u00dfen. <span style=\"color: #0000ff;\"><a style=\"color: #0000ff;\" href=\"https:\/\/www.bibleserver.com\/LUT\/Psalm41%2C10\" target=\"_blank\" rel=\"noopener noreferrer nofollow\">Psalm 41, 10<\/a><\/span><\/strong><\/p>\n<p>Dieser Ausspruch erinnert uns an Jesus und seinen Verr\u00e4ter, den Judas. Er war sein J\u00fcnger und Jesus teilte mit ihm alles, was er hatte. Dieser hatte ihn f\u00fcr drei\u00dfig Silberlinge verraten. &#8211; Er war ein Freund, der ihn mit F\u00fc\u00dfen trat. \u2013 Ist diese Aussage damit ersch\u00f6pft? Keineswegs. David sprach hier zwar prophetisch von Jesus, aber er teilte auch aus seinem eigenen Leben mit. Er wurde verleumdet, war verachtet und zum Staatsfeind erkl\u00e4rt worden und hatte nichts B\u00f6ses getan. Ob ihm das weh tat? Er war verletzt. <a href=\"https:\/\/www.bibleserver.com\/LUT\/Psalm41%2C5\" target=\"_blank\" rel=\"noopener noreferrer nofollow\"><span style=\"color: #0000ff;\">Ps. 41,5<\/span><\/a><span style=\"color: #0000ff;\">.<\/span><\/p>\n<p>David hatte schon bessere Zeiten erlebt. Als Samuel seine Familie besuchte und ihn, den J\u00fcngsten, zum K\u00f6nig \u00fcber Israel salbte, war das sicher etwas Besonderes f\u00fcr sein weiteres Leben. Gott hatte sich auf seine Seite gestellt. Ein weiterer H\u00f6hepunkt war der ungleiche Kampf gegen Goliath. Mit nur einem Stein wendete er das Schicksal einer ganzen Nation und er war das Gespr\u00e4chsthema Nummer eins. Der H\u00f6hepunkt seiner Karriere kam, als er der Schwiegersohn des K\u00f6nigs Saul wurde &#8211; und jetzt? Verraten und gesch\u00e4ndet hockte er mit Gleichgesinnten in der W\u00fcste, ausgesto\u00dfen und verfolgt.<!--more--><\/p>\n<p>Wie empfindest du, wenn dir so etwas passiert? Vielleicht hast du dich mit allen Mitteln f\u00fcr andere eingesetzt. Du wolltest Gott mit allen deinen Kr\u00e4ften dienen. Das Letzte hast du mit deinen Br\u00fcdern geteilt und bist mit ihnen durch dick und d\u00fcnn gegangen. Kein Opfer war dir zu gro\u00df und kein Weg zu weit. Dann, v\u00f6llig unverhofft, wendet sich das Blatt. Dein bester Freund hat sich gegen dich gewandt und dich durch Verleumdung und Verrat aus deiner Position vertrieben. Dabei war ihm jedes Mittel recht. Durch seine vielen Verleumdungen gelang es ihm auch, dass sich viele von dir abwandten und es immer einsamer um dich wurde. Du konntest dich wenden wie du wolltest, stets wurdest du kritisiert. Ganz allm\u00e4hlich f\u00fcllte sich dein Herz mit Schmerz. \u201eSollte das der Dank daf\u00fcr sein, dass ich mein Bestes gab\u201c, fragtest du dich. Alles in dir verkrampfte sich mehr und mehr. Du stelltest dir die Frage, ob du nicht selbst Schuld an der Situation haben k\u00f6nntest. Die Schuldzuweisungen vertrieben dir den Schlaf aus den Augen. &#8211; Auch du hattest schon bessere Zeiten gesehen. Du warst gl\u00fccklich, dass die Salbung auf dir lag und du in Vollmacht dienen konntest und Menschen in Scharen zu Gott fanden. Dein Name wurde bekannt im Lande und dein Dienst war begehrt, &#8211; und nun das! Gibt es da einen Ausweg?<\/p>\n<p>Ja, den gibt es! und zwar dann, wenn du deine Verletzungen und den Schmerz nicht mehr verdr\u00e4ngst, sondern zugibst, dass du verletzt bist. Gib zu, dass es dich tief getroffen hat und du dich am Boden zerschlagen f\u00fchlst. <em>Dann spricht der Hohe und Erhabene, der ewig wohnt, dessen Name heilig ist: Ich wohne in der H\u00f6he und im Heiligtum und bei denen, die zerschlagenen und dem\u00fctigen Geistes sind, auf dass ich erquicke den Geist der Gedem\u00fctigten und das Herz der Zerschlagenen. <\/em><a href=\"https:\/\/www.bibleserver.com\/LUT\/Jesaja57%2C15\" target=\"_blank\" rel=\"noopener noreferrer nofollow\"><span style=\"color: #0000ff;\">Jes. 57, 15<\/span><\/a>.<\/p>\n<p>Jetzt kann der Prozess der Heilung und Wiederherstellung beginnen und alles was du erleben musstest, wird dir dann zum Kapital werden f\u00fcr einen noch viel gr\u00f6\u00dferen Dienst als je zuvor. David sammelte um sich M\u00e4nner, denen es ebenso ergangen war. Warum? Es gibt nur wenige, die solche Menschen wirklich verstehen und helfen k\u00f6nnen. Lies <a href=\"https:\/\/www.bibleserver.com\/LUT\/1.Samuel22%2C2\" target=\"_blank\" rel=\"noopener noreferrer nofollow\"><span style=\"color: #0000ff;\">1. Sam. 22, 2<\/span><\/a><\/p>\n","protected":false},"excerpt":{"rendered":"<p>Auch mein Freund, dem ich vertraute, der mein Brot a\u00df, tritt mich mit F\u00fc\u00dfen. Psalm 41, 10 Dieser Ausspruch erinnert uns an Jesus und seinen Verr\u00e4ter, den Judas. Er war sein J\u00fcnger und Jesus teilte mit ihm alles, was er hatte. Dieser hatte ihn f\u00fcr drei\u00dfig Silberlinge verraten. &#8211; Er war ein Freund, der ihn &hellip; <\/p>\n<p class=\"link-more\"><a href=\"https:\/\/erhardt-stiefel.de\/index.php\/2025\/07\/24\/ja-ich-bin-verletzt\/\" class=\"more-link\"><span class=\"screen-reader-text\">\u201eJa, ich bin verletzt\u201c<\/span> weiterlesen<\/a><\/p>\n","protected":false},"author":1,"featured_media":0,"comment_status":"open","ping_status":"closed","sticky":false,"template":"","format":"standard","meta":{"_exactmetrics_skip_tracking":false,"_exactmetrics_sitenote_active":false,"_exactmetrics_sitenote_note":"","_exactmetrics_sitenote_category":0,"ngg_post_thumbnail":0,"jetpack_post_was_ever_published":false,"_jetpack_newsletter_access":"","_jetpack_dont_email_post_to_subs":false,"_jetpack_newsletter_tier_id":0,"_jetpack_memberships_contains_paywalled_content":false,"_jetpack_memberships_contains_paid_content":false,"footnotes":"","jetpack_publicize_message":"","jetpack_publicize_feature_enabled":true,"jetpack_social_post_already_shared":true,"jetpack_social_options":{"image_generator_settings":{"template":"highway","default_image_id":0,"font":"","enabled":false},"version":2}},"categories":[319,311],"tags":[317,401,331],"class_list":["post-10345","post","type-post","status-publish","format-standard","hentry","category-adlerbotschaft","category-predigten","tag-adler","tag-juli","tag-psalm"],"yoast_head":"<!-- This site is optimized with the Yoast SEO plugin v27.4 - https:\/\/yoast.com\/product\/yoast-seo-wordpress\/ -->\n<title>Ja, ich bin verletzt - Erhardt Stiefel&#039;s Fundgrube<\/title>\n<meta name=\"robots\" content=\"index, follow, max-snippet:-1, max-image-preview:large, max-video-preview:-1\" \/>\n<link rel=\"canonical\" href=\"https:\/\/erhardt-stiefel.de\/index.php\/2025\/07\/24\/ja-ich-bin-verletzt\/\" \/>\n<meta property=\"og:locale\" content=\"de_DE\" \/>\n<meta property=\"og:type\" content=\"article\" \/>\n<meta property=\"og:title\" content=\"Ja, ich bin verletzt - Erhardt Stiefel&#039;s Fundgrube\" \/>\n<meta property=\"og:description\" content=\"Auch mein Freund, dem ich vertraute, der mein Brot a\u00df, tritt mich mit F\u00fc\u00dfen. Psalm 41, 10 Dieser Ausspruch erinnert uns an Jesus und seinen Verr\u00e4ter, den Judas. Er war sein J\u00fcnger und Jesus teilte mit ihm alles, was er hatte. Dieser hatte ihn f\u00fcr drei\u00dfig Silberlinge verraten. &#8211; Er war ein Freund, der ihn &hellip; \u201eJa, ich bin verletzt\u201c weiterlesen\" \/>\n<meta property=\"og:url\" content=\"https:\/\/erhardt-stiefel.de\/index.php\/2025\/07\/24\/ja-ich-bin-verletzt\/\" \/>\n<meta property=\"og:site_name\" content=\"Erhardt Stiefel&#039;s Fundgrube\" \/>\n<meta property=\"article:published_time\" content=\"2025-07-24T07:33:31+00:00\" \/>\n<meta property=\"og:image\" content=\"https:\/\/erhardt-stiefel.de\/wp-content\/uploads\/2021\/07\/24.jpg\" \/>\n\t<meta property=\"og:image:width\" content=\"792\" \/>\n\t<meta property=\"og:image:height\" content=\"879\" \/>\n\t<meta property=\"og:image:type\" content=\"image\/jpeg\" \/>\n<meta name=\"author\" content=\"Erhardt\" \/>\n<meta name=\"twitter:card\" content=\"summary_large_image\" \/>\n<meta name=\"twitter:creator\" content=\"@erhardtstiefel77\" \/>\n<meta name=\"twitter:label1\" content=\"Geschrieben von\" \/>\n\t<meta name=\"twitter:data1\" content=\"Erhardt\" \/>\n\t<meta name=\"twitter:label2\" content=\"Gesch\u00e4tzte Lesezeit\" \/>\n\t<meta name=\"twitter:data2\" content=\"4\u00a0Minuten\" \/>\n<script type=\"application\/ld+json\" class=\"yoast-schema-graph\">{\"@context\":\"https:\\\/\\\/schema.org\",\"@graph\":[{\"@type\":\"Article\",\"@id\":\"https:\\\/\\\/erhardt-stiefel.de\\\/index.php\\\/2025\\\/07\\\/24\\\/ja-ich-bin-verletzt\\\/#article\",\"isPartOf\":{\"@id\":\"https:\\\/\\\/erhardt-stiefel.de\\\/index.php\\\/2025\\\/07\\\/24\\\/ja-ich-bin-verletzt\\\/\"},\"author\":{\"name\":\"Erhardt\",\"@id\":\"https:\\\/\\\/erhardt-stiefel.de\\\/#\\\/schema\\\/person\\\/623af879bb14c4ae6622ece81ec006ef\"},\"headline\":\"Ja, ich bin verletzt\",\"datePublished\":\"2025-07-24T07:33:31+00:00\",\"mainEntityOfPage\":{\"@id\":\"https:\\\/\\\/erhardt-stiefel.de\\\/index.php\\\/2025\\\/07\\\/24\\\/ja-ich-bin-verletzt\\\/\"},\"wordCount\":594,\"commentCount\":0,\"image\":{\"@id\":\"https:\\\/\\\/erhardt-stiefel.de\\\/index.php\\\/2025\\\/07\\\/24\\\/ja-ich-bin-verletzt\\\/#primaryimage\"},\"thumbnailUrl\":\"https:\\\/\\\/erhardt-stiefel.de\\\/wp-content\\\/uploads\\\/2021\\\/07\\\/24.jpg\",\"keywords\":[\"Adler\",\"Juli\",\"Psalm\"],\"articleSection\":[\"Adlerbotschaft\",\"Predigten\"],\"inLanguage\":\"de\",\"potentialAction\":[{\"@type\":\"CommentAction\",\"name\":\"Comment\",\"target\":[\"https:\\\/\\\/erhardt-stiefel.de\\\/index.php\\\/2025\\\/07\\\/24\\\/ja-ich-bin-verletzt\\\/#respond\"]}]},{\"@type\":\"WebPage\",\"@id\":\"https:\\\/\\\/erhardt-stiefel.de\\\/index.php\\\/2025\\\/07\\\/24\\\/ja-ich-bin-verletzt\\\/\",\"url\":\"https:\\\/\\\/erhardt-stiefel.de\\\/index.php\\\/2025\\\/07\\\/24\\\/ja-ich-bin-verletzt\\\/\",\"name\":\"Ja, ich bin verletzt - Erhardt Stiefel&#039;s Fundgrube\",\"isPartOf\":{\"@id\":\"https:\\\/\\\/erhardt-stiefel.de\\\/#website\"},\"primaryImageOfPage\":{\"@id\":\"https:\\\/\\\/erhardt-stiefel.de\\\/index.php\\\/2025\\\/07\\\/24\\\/ja-ich-bin-verletzt\\\/#primaryimage\"},\"image\":{\"@id\":\"https:\\\/\\\/erhardt-stiefel.de\\\/index.php\\\/2025\\\/07\\\/24\\\/ja-ich-bin-verletzt\\\/#primaryimage\"},\"thumbnailUrl\":\"https:\\\/\\\/erhardt-stiefel.de\\\/wp-content\\\/uploads\\\/2021\\\/07\\\/24.jpg\",\"datePublished\":\"2025-07-24T07:33:31+00:00\",\"author\":{\"@id\":\"https:\\\/\\\/erhardt-stiefel.de\\\/#\\\/schema\\\/person\\\/623af879bb14c4ae6622ece81ec006ef\"},\"breadcrumb\":{\"@id\":\"https:\\\/\\\/erhardt-stiefel.de\\\/index.php\\\/2025\\\/07\\\/24\\\/ja-ich-bin-verletzt\\\/#breadcrumb\"},\"inLanguage\":\"de\",\"potentialAction\":[{\"@type\":\"ReadAction\",\"target\":[\"https:\\\/\\\/erhardt-stiefel.de\\\/index.php\\\/2025\\\/07\\\/24\\\/ja-ich-bin-verletzt\\\/\"]}]},{\"@type\":\"ImageObject\",\"inLanguage\":\"de\",\"@id\":\"https:\\\/\\\/erhardt-stiefel.de\\\/index.php\\\/2025\\\/07\\\/24\\\/ja-ich-bin-verletzt\\\/#primaryimage\",\"url\":\"https:\\\/\\\/erhardt-stiefel.de\\\/wp-content\\\/uploads\\\/2021\\\/07\\\/24.jpg\",\"contentUrl\":\"https:\\\/\\\/erhardt-stiefel.de\\\/wp-content\\\/uploads\\\/2021\\\/07\\\/24.jpg\",\"width\":792,\"height\":879},{\"@type\":\"BreadcrumbList\",\"@id\":\"https:\\\/\\\/erhardt-stiefel.de\\\/index.php\\\/2025\\\/07\\\/24\\\/ja-ich-bin-verletzt\\\/#breadcrumb\",\"itemListElement\":[{\"@type\":\"ListItem\",\"position\":1,\"name\":\"Home\",\"item\":\"https:\\\/\\\/erhardt-stiefel.de\\\/\"},{\"@type\":\"ListItem\",\"position\":2,\"name\":\"Ja, ich bin verletzt\"}]},{\"@type\":\"WebSite\",\"@id\":\"https:\\\/\\\/erhardt-stiefel.de\\\/#website\",\"url\":\"https:\\\/\\\/erhardt-stiefel.de\\\/\",\"name\":\"Erhardt Stiefel&#039;s Fundgrube\",\"description\":\"Erfahrungen mit CMS, Genealogie, Gott und der Welt - die ich sehr gerne mit dir teilen w\u00fcrde\",\"potentialAction\":[{\"@type\":\"SearchAction\",\"target\":{\"@type\":\"EntryPoint\",\"urlTemplate\":\"https:\\\/\\\/erhardt-stiefel.de\\\/?s={search_term_string}\"},\"query-input\":{\"@type\":\"PropertyValueSpecification\",\"valueRequired\":true,\"valueName\":\"search_term_string\"}}],\"inLanguage\":\"de\"},{\"@type\":\"Person\",\"@id\":\"https:\\\/\\\/erhardt-stiefel.de\\\/#\\\/schema\\\/person\\\/623af879bb14c4ae6622ece81ec006ef\",\"name\":\"Erhardt\",\"image\":{\"@type\":\"ImageObject\",\"inLanguage\":\"de\",\"@id\":\"https:\\\/\\\/secure.gravatar.com\\\/avatar\\\/086c9cb068fa330c15ed0aabfea0b66ecfa387fd1d6eb1a1a3b0a963becd7f74?s=96&d=mm&r=g\",\"url\":\"https:\\\/\\\/secure.gravatar.com\\\/avatar\\\/086c9cb068fa330c15ed0aabfea0b66ecfa387fd1d6eb1a1a3b0a963becd7f74?s=96&d=mm&r=g\",\"contentUrl\":\"https:\\\/\\\/secure.gravatar.com\\\/avatar\\\/086c9cb068fa330c15ed0aabfea0b66ecfa387fd1d6eb1a1a3b0a963becd7f74?s=96&d=mm&r=g\",\"caption\":\"Erhardt\"},\"sameAs\":[\"https:\\\/\\\/erhardt-stiefel.de\",\"https:\\\/\\\/x.com\\\/erhardtstiefel77\"],\"url\":\"https:\\\/\\\/erhardt-stiefel.de\\\/index.php\\\/author\\\/erhardt_stiefel\\\/\"}]}<\/script>\n<!-- \/ Yoast SEO plugin. -->","yoast_head_json":{"title":"Ja, ich bin verletzt - Erhardt Stiefel&#039;s Fundgrube","robots":{"index":"index","follow":"follow","max-snippet":"max-snippet:-1","max-image-preview":"max-image-preview:large","max-video-preview":"max-video-preview:-1"},"canonical":"https:\/\/erhardt-stiefel.de\/index.php\/2025\/07\/24\/ja-ich-bin-verletzt\/","og_locale":"de_DE","og_type":"article","og_title":"Ja, ich bin verletzt - Erhardt Stiefel&#039;s Fundgrube","og_description":"Auch mein Freund, dem ich vertraute, der mein Brot a\u00df, tritt mich mit F\u00fc\u00dfen. Psalm 41, 10 Dieser Ausspruch erinnert uns an Jesus und seinen Verr\u00e4ter, den Judas. Er war sein J\u00fcnger und Jesus teilte mit ihm alles, was er hatte. Dieser hatte ihn f\u00fcr drei\u00dfig Silberlinge verraten. &#8211; Er war ein Freund, der ihn &hellip; \u201eJa, ich bin verletzt\u201c weiterlesen","og_url":"https:\/\/erhardt-stiefel.de\/index.php\/2025\/07\/24\/ja-ich-bin-verletzt\/","og_site_name":"Erhardt Stiefel&#039;s Fundgrube","article_published_time":"2025-07-24T07:33:31+00:00","og_image":[{"width":792,"height":879,"url":"https:\/\/erhardt-stiefel.de\/wp-content\/uploads\/2021\/07\/24.jpg","type":"image\/jpeg"}],"author":"Erhardt","twitter_card":"summary_large_image","twitter_creator":"@erhardtstiefel77","twitter_misc":{"Geschrieben von":"Erhardt","Gesch\u00e4tzte Lesezeit":"4\u00a0Minuten"},"schema":{"@context":"https:\/\/schema.org","@graph":[{"@type":"Article","@id":"https:\/\/erhardt-stiefel.de\/index.php\/2025\/07\/24\/ja-ich-bin-verletzt\/#article","isPartOf":{"@id":"https:\/\/erhardt-stiefel.de\/index.php\/2025\/07\/24\/ja-ich-bin-verletzt\/"},"author":{"name":"Erhardt","@id":"https:\/\/erhardt-stiefel.de\/#\/schema\/person\/623af879bb14c4ae6622ece81ec006ef"},"headline":"Ja, ich bin verletzt","datePublished":"2025-07-24T07:33:31+00:00","mainEntityOfPage":{"@id":"https:\/\/erhardt-stiefel.de\/index.php\/2025\/07\/24\/ja-ich-bin-verletzt\/"},"wordCount":594,"commentCount":0,"image":{"@id":"https:\/\/erhardt-stiefel.de\/index.php\/2025\/07\/24\/ja-ich-bin-verletzt\/#primaryimage"},"thumbnailUrl":"https:\/\/erhardt-stiefel.de\/wp-content\/uploads\/2021\/07\/24.jpg","keywords":["Adler","Juli","Psalm"],"articleSection":["Adlerbotschaft","Predigten"],"inLanguage":"de","potentialAction":[{"@type":"CommentAction","name":"Comment","target":["https:\/\/erhardt-stiefel.de\/index.php\/2025\/07\/24\/ja-ich-bin-verletzt\/#respond"]}]},{"@type":"WebPage","@id":"https:\/\/erhardt-stiefel.de\/index.php\/2025\/07\/24\/ja-ich-bin-verletzt\/","url":"https:\/\/erhardt-stiefel.de\/index.php\/2025\/07\/24\/ja-ich-bin-verletzt\/","name":"Ja, ich bin verletzt - Erhardt Stiefel&#039;s Fundgrube","isPartOf":{"@id":"https:\/\/erhardt-stiefel.de\/#website"},"primaryImageOfPage":{"@id":"https:\/\/erhardt-stiefel.de\/index.php\/2025\/07\/24\/ja-ich-bin-verletzt\/#primaryimage"},"image":{"@id":"https:\/\/erhardt-stiefel.de\/index.php\/2025\/07\/24\/ja-ich-bin-verletzt\/#primaryimage"},"thumbnailUrl":"https:\/\/erhardt-stiefel.de\/wp-content\/uploads\/2021\/07\/24.jpg","datePublished":"2025-07-24T07:33:31+00:00","author":{"@id":"https:\/\/erhardt-stiefel.de\/#\/schema\/person\/623af879bb14c4ae6622ece81ec006ef"},"breadcrumb":{"@id":"https:\/\/erhardt-stiefel.de\/index.php\/2025\/07\/24\/ja-ich-bin-verletzt\/#breadcrumb"},"inLanguage":"de","potentialAction":[{"@type":"ReadAction","target":["https:\/\/erhardt-stiefel.de\/index.php\/2025\/07\/24\/ja-ich-bin-verletzt\/"]}]},{"@type":"ImageObject","inLanguage":"de","@id":"https:\/\/erhardt-stiefel.de\/index.php\/2025\/07\/24\/ja-ich-bin-verletzt\/#primaryimage","url":"https:\/\/erhardt-stiefel.de\/wp-content\/uploads\/2021\/07\/24.jpg","contentUrl":"https:\/\/erhardt-stiefel.de\/wp-content\/uploads\/2021\/07\/24.jpg","width":792,"height":879},{"@type":"BreadcrumbList","@id":"https:\/\/erhardt-stiefel.de\/index.php\/2025\/07\/24\/ja-ich-bin-verletzt\/#breadcrumb","itemListElement":[{"@type":"ListItem","position":1,"name":"Home","item":"https:\/\/erhardt-stiefel.de\/"},{"@type":"ListItem","position":2,"name":"Ja, ich bin verletzt"}]},{"@type":"WebSite","@id":"https:\/\/erhardt-stiefel.de\/#website","url":"https:\/\/erhardt-stiefel.de\/","name":"Erhardt Stiefel&#039;s Fundgrube","description":"Erfahrungen mit CMS, Genealogie, Gott und der Welt - die ich sehr gerne mit dir teilen w\u00fcrde","potentialAction":[{"@type":"SearchAction","target":{"@type":"EntryPoint","urlTemplate":"https:\/\/erhardt-stiefel.de\/?s={search_term_string}"},"query-input":{"@type":"PropertyValueSpecification","valueRequired":true,"valueName":"search_term_string"}}],"inLanguage":"de"},{"@type":"Person","@id":"https:\/\/erhardt-stiefel.de\/#\/schema\/person\/623af879bb14c4ae6622ece81ec006ef","name":"Erhardt","image":{"@type":"ImageObject","inLanguage":"de","@id":"https:\/\/secure.gravatar.com\/avatar\/086c9cb068fa330c15ed0aabfea0b66ecfa387fd1d6eb1a1a3b0a963becd7f74?s=96&d=mm&r=g","url":"https:\/\/secure.gravatar.com\/avatar\/086c9cb068fa330c15ed0aabfea0b66ecfa387fd1d6eb1a1a3b0a963becd7f74?s=96&d=mm&r=g","contentUrl":"https:\/\/secure.gravatar.com\/avatar\/086c9cb068fa330c15ed0aabfea0b66ecfa387fd1d6eb1a1a3b0a963becd7f74?s=96&d=mm&r=g","caption":"Erhardt"},"sameAs":["https:\/\/erhardt-stiefel.de","https:\/\/x.com\/erhardtstiefel77"],"url":"https:\/\/erhardt-stiefel.de\/index.php\/author\/erhardt_stiefel\/"}]}},"jetpack_publicize_connections":[],"jetpack_featured_media_url":"","jetpack_sharing_enabled":true,"jetpack_shortlink":"https:\/\/wp.me\/paRlFh-2GR","_links":{"self":[{"href":"https:\/\/erhardt-stiefel.de\/index.php\/wp-json\/wp\/v2\/posts\/10345","targetHints":{"allow":["GET"]}}],"collection":[{"href":"https:\/\/erhardt-stiefel.de\/index.php\/wp-json\/wp\/v2\/posts"}],"about":[{"href":"https:\/\/erhardt-stiefel.de\/index.php\/wp-json\/wp\/v2\/types\/post"}],"author":[{"embeddable":true,"href":"https:\/\/erhardt-stiefel.de\/index.php\/wp-json\/wp\/v2\/users\/1"}],"replies":[{"embeddable":true,"href":"https:\/\/erhardt-stiefel.de\/index.php\/wp-json\/wp\/v2\/comments?post=10345"}],"version-history":[{"count":1,"href":"https:\/\/erhardt-stiefel.de\/index.php\/wp-json\/wp\/v2\/posts\/10345\/revisions"}],"predecessor-version":[{"id":10346,"href":"https:\/\/erhardt-stiefel.de\/index.php\/wp-json\/wp\/v2\/posts\/10345\/revisions\/10346"}],"wp:attachment":[{"href":"https:\/\/erhardt-stiefel.de\/index.php\/wp-json\/wp\/v2\/media?parent=10345"}],"wp:term":[{"taxonomy":"category","embeddable":true,"href":"https:\/\/erhardt-stiefel.de\/index.php\/wp-json\/wp\/v2\/categories?post=10345"},{"taxonomy":"post_tag","embeddable":true,"href":"https:\/\/erhardt-stiefel.de\/index.php\/wp-json\/wp\/v2\/tags?post=10345"}],"curies":[{"name":"wp","href":"https:\/\/api.w.org\/{rel}","templated":true}]}}