{"id":10405,"date":"2025-08-14T06:59:02","date_gmt":"2025-08-14T04:59:02","guid":{"rendered":"https:\/\/erhardt-stiefel.de\/?p=10405"},"modified":"2025-08-14T06:59:02","modified_gmt":"2025-08-14T04:59:02","slug":"weites-herz","status":"publish","type":"post","link":"https:\/\/erhardt-stiefel.de\/index.php\/2025\/08\/14\/weites-herz\/","title":{"rendered":"Weites Herz"},"content":{"rendered":"<p><img loading=\"lazy\" decoding=\"async\" class=\"aligncenter size-full wp-image-5269\" src=\"https:\/\/erhardt-stiefel.de\/wp-content\/uploads\/2021\/08\/14.jpg\" alt=\"\" width=\"792\" height=\"881\" srcset=\"https:\/\/erhardt-stiefel.de\/wp-content\/uploads\/2021\/08\/14.jpg 792w, https:\/\/erhardt-stiefel.de\/wp-content\/uploads\/2021\/08\/14-270x300.jpg 270w, https:\/\/erhardt-stiefel.de\/wp-content\/uploads\/2021\/08\/14-768x854.jpg 768w\" sizes=\"auto, (max-width: 767px) 89vw, (max-width: 1000px) 54vw, (max-width: 1071px) 543px, 580px\" \/><\/p>\n<p><strong>O ihr Korinther, unser Mund hat sich euch gegen\u00fcber aufgetan, unser Herz ist weit geworden. Eng ist nicht der Raum, den ihr in uns habt; eng aber ist&#8217;s in euren Herzen. Ich rede mit euch als mit meinen Kindern; stellt euch doch zu mir auch so und macht auch ihr euer Herz weit. <span style=\"color: #0000ff;\"><a style=\"color: #0000ff;\" href=\"https:\/\/www.bibleserver.com\/LUT\/2.Korinther6%2C11-13\" target=\"_blank\" rel=\"noopener noreferrer nofollow\">2. Korinther 6, 11-13<\/a><\/span><\/strong><\/p>\n<p>Was w\u00fcrde Paulus uns heute schreiben? M\u00fcsste er sagen, dass wir eine Gesellschaft der engen Herzen geworden sind? Vielleicht h\u00e4tte er Recht. Ein Dichter schreibt:<\/p>\n<p>Kleine Herzen stets verzagen, Enge t\u00f6tet ihren Geist; kleine Herzen, die nichts wagen, weil zu hoch f\u00fcr sie der Preis. Kleine Herzen, die sich plagen mit Gedanken ohne Raum; kleiner Glaube, schwach zum Tragen, hockt er \u00e4ngstlich unterm Baum. Kleine Herzen dr\u00fcckt der Magen, weil die Furcht stets im Visier; kleine Herzen, die stets klagen, f\u00fcr Gottes Geist sie kein Gesp\u00fcr. Berge, die sich hoch auft\u00fcrmen, sind so hoch, weil sie zu klein; Wellen, die ihr Schiff best\u00fcrmen, decken es mit Fluten ein. Kleine Welten, hohe Mauern, t\u00e4glich scharren wie ein Huhn; in der Ecke sie stets kauern, keinen Mut, etwas zu tun.\u201c<!--more--><\/p>\n<p>Es ist ein Paradox, dass wir auf der einen Seite immer h\u00f6here H\u00e4user bauen, immer schnellere Autos fahren, den Weltraum erobern und nach den Sternen greifen und auf der anderen Seite am kleinen Herzen ersticken. Die meisten Konflikte entstehen im Herzen, ehe sie offen ausgetragen werden. Franz Alt schreibt in seinem Buch: \u201eFrieden ist m\u00f6glich\u201c: <em>Wir gehen mit Konflikten schwanger und geb\u00e4ren Krieg.<\/em><\/p>\n<p>Wo die Hoffnung fehlt und das Vertrauen verloren geht, wird es eng im Herzen. Dann fehlt es an Raum, um h\u00f6ren zu k\u00f6nnen und schon wird nur noch geredet. Das ist der Grund, warum so viele Ehen zerbrechen und das Zusammenleben immer problematischer wird. Einem engen Herzen fehlt es an Geduld und Ausdauer.<\/p>\n<p>Gott kennt das Umfeld, in dem wir leben. Er kennt auch unser Herz und wei\u00df, warum es oft so klein und zugeschn\u00fcrt reagiert. Er nimmt unsere \u00c4ngste ernst, die Entt\u00e4uschungen und das Gef\u00fchl von \u00dcberforderung, weil es an Kraft fehlt. Deshalb spricht er uns Mut und Zuversicht zu, wenn er sagt: <em>Mache den Raum deines Zeltes weit und breite aus die Decken deiner Wohnstatt; spare nicht! Spann deine Seile lang und stecke deine Pfl\u00f6cke fest! Denn du wirst dich ausbreiten zur Rechten und zur Linken, und deine Nachkommen werden V\u00f6lker beerben und verw\u00fcstete St\u00e4dte neu bewohnen<\/em>. <span style=\"color: #0000ff;\"><a style=\"color: #0000ff;\" href=\"https:\/\/www.bibleserver.com\/LUT\/Jesaja54%2C2-3\" target=\"_blank\" rel=\"noopener noreferrer nofollow\">Jes. 54, 2-3<\/a><\/span>.<\/p>\n<p>So denkt Gott \u00fcber uns, ist das zu fassen? Deshalb ist es erlaubt, sein Herz weit zu machen und zu sagen: \u201eMit meinem Gott kann ich \u00fcber Mauern springen, auch wenn ich mich augenblicklich eingemauert f\u00fchle.\u201c Es ist auch erlaubt mit David zu sagen, als er die Herausforderung gegen Goliath zu k\u00e4mpfen annahm: <em>Du kommst zu mir mit Schwert, Lanze und Spie\u00df, ich aber komme zu dir im Namen des Herrn Zebaoth, des Gottes des Heeres Israels, den du verh\u00f6hnt hast.<\/em><\/p>\n<p>Eltern ist es erlaubt, ihren Kindern zu sagen, dass Gottes Hand auf ihrem Leben ruht und er sie noch einmal zum gro\u00dfen Segen setzen wird. Es ist erlaubt, seinem Partner zu sagen, dass Gott sie einmal zusammengef\u00fchrt hat und nur der Tod sie zu trennen vermag.<\/p>\n","protected":false},"excerpt":{"rendered":"<p>O ihr Korinther, unser Mund hat sich euch gegen\u00fcber aufgetan, unser Herz ist weit geworden. Eng ist nicht der Raum, den ihr in uns habt; eng aber ist&#8217;s in euren Herzen. Ich rede mit euch als mit meinen Kindern; stellt euch doch zu mir auch so und macht auch ihr euer Herz weit. 2. Korinther &hellip; <\/p>\n<p class=\"link-more\"><a href=\"https:\/\/erhardt-stiefel.de\/index.php\/2025\/08\/14\/weites-herz\/\" class=\"more-link\"><span class=\"screen-reader-text\">\u201eWeites Herz\u201c<\/span> weiterlesen<\/a><\/p>\n","protected":false},"author":1,"featured_media":0,"comment_status":"open","ping_status":"closed","sticky":false,"template":"","format":"standard","meta":{"_exactmetrics_skip_tracking":false,"_exactmetrics_sitenote_active":false,"_exactmetrics_sitenote_note":"","_exactmetrics_sitenote_category":0,"ngg_post_thumbnail":0,"jetpack_post_was_ever_published":false,"_jetpack_newsletter_access":"","_jetpack_dont_email_post_to_subs":false,"_jetpack_newsletter_tier_id":0,"_jetpack_memberships_contains_paywalled_content":false,"_jetpack_memberships_contains_paid_content":false,"footnotes":"","jetpack_publicize_message":"","jetpack_publicize_feature_enabled":true,"jetpack_social_post_already_shared":true,"jetpack_social_options":{"image_generator_settings":{"template":"highway","default_image_id":0,"font":"","enabled":false},"version":2}},"categories":[319,311],"tags":[317,405,330],"class_list":["post-10405","post","type-post","status-publish","format-standard","hentry","category-adlerbotschaft","category-predigten","tag-adler","tag-august","tag-korinther"],"yoast_head":"<!-- This site is optimized with the Yoast SEO plugin v27.5 - https:\/\/yoast.com\/product\/yoast-seo-wordpress\/ -->\n<title>Weites Herz - Erhardt Stiefel&#039;s Fundgrube<\/title>\n<meta name=\"robots\" content=\"index, follow, max-snippet:-1, max-image-preview:large, max-video-preview:-1\" \/>\n<link rel=\"canonical\" href=\"https:\/\/erhardt-stiefel.de\/index.php\/2025\/08\/14\/weites-herz\/\" \/>\n<meta property=\"og:locale\" content=\"de_DE\" \/>\n<meta property=\"og:type\" content=\"article\" \/>\n<meta property=\"og:title\" content=\"Weites Herz - Erhardt Stiefel&#039;s Fundgrube\" \/>\n<meta property=\"og:description\" content=\"O ihr Korinther, unser Mund hat sich euch gegen\u00fcber aufgetan, unser Herz ist weit geworden. Eng ist nicht der Raum, den ihr in uns habt; eng aber ist&#8217;s in euren Herzen. Ich rede mit euch als mit meinen Kindern; stellt euch doch zu mir auch so und macht auch ihr euer Herz weit. 2. Korinther &hellip; \u201eWeites Herz\u201c weiterlesen\" \/>\n<meta property=\"og:url\" content=\"https:\/\/erhardt-stiefel.de\/index.php\/2025\/08\/14\/weites-herz\/\" \/>\n<meta property=\"og:site_name\" content=\"Erhardt Stiefel&#039;s Fundgrube\" \/>\n<meta property=\"article:published_time\" content=\"2025-08-14T04:59:02+00:00\" \/>\n<meta property=\"og:image\" content=\"https:\/\/erhardt-stiefel.de\/wp-content\/uploads\/2021\/08\/14.jpg\" \/>\n\t<meta property=\"og:image:width\" content=\"792\" \/>\n\t<meta property=\"og:image:height\" content=\"881\" \/>\n\t<meta property=\"og:image:type\" content=\"image\/jpeg\" \/>\n<meta name=\"author\" content=\"Erhardt\" \/>\n<meta name=\"twitter:card\" content=\"summary_large_image\" \/>\n<meta name=\"twitter:creator\" content=\"@erhardtstiefel77\" \/>\n<meta name=\"twitter:label1\" content=\"Geschrieben von\" \/>\n\t<meta name=\"twitter:data1\" content=\"Erhardt\" \/>\n\t<meta name=\"twitter:label2\" content=\"Gesch\u00e4tzte Lesezeit\" \/>\n\t<meta name=\"twitter:data2\" content=\"4\u00a0Minuten\" \/>\n<script type=\"application\/ld+json\" class=\"yoast-schema-graph\">{\"@context\":\"https:\\\/\\\/schema.org\",\"@graph\":[{\"@type\":\"Article\",\"@id\":\"https:\\\/\\\/erhardt-stiefel.de\\\/index.php\\\/2025\\\/08\\\/14\\\/weites-herz\\\/#article\",\"isPartOf\":{\"@id\":\"https:\\\/\\\/erhardt-stiefel.de\\\/index.php\\\/2025\\\/08\\\/14\\\/weites-herz\\\/\"},\"author\":{\"name\":\"Erhardt\",\"@id\":\"https:\\\/\\\/erhardt-stiefel.de\\\/#\\\/schema\\\/person\\\/623af879bb14c4ae6622ece81ec006ef\"},\"headline\":\"Weites Herz\",\"datePublished\":\"2025-08-14T04:59:02+00:00\",\"mainEntityOfPage\":{\"@id\":\"https:\\\/\\\/erhardt-stiefel.de\\\/index.php\\\/2025\\\/08\\\/14\\\/weites-herz\\\/\"},\"wordCount\":556,\"commentCount\":0,\"image\":{\"@id\":\"https:\\\/\\\/erhardt-stiefel.de\\\/index.php\\\/2025\\\/08\\\/14\\\/weites-herz\\\/#primaryimage\"},\"thumbnailUrl\":\"https:\\\/\\\/erhardt-stiefel.de\\\/wp-content\\\/uploads\\\/2021\\\/08\\\/14.jpg\",\"keywords\":[\"Adler\",\"August\",\"Korinther\"],\"articleSection\":[\"Adlerbotschaft\",\"Predigten\"],\"inLanguage\":\"de\",\"potentialAction\":[{\"@type\":\"CommentAction\",\"name\":\"Comment\",\"target\":[\"https:\\\/\\\/erhardt-stiefel.de\\\/index.php\\\/2025\\\/08\\\/14\\\/weites-herz\\\/#respond\"]}]},{\"@type\":\"WebPage\",\"@id\":\"https:\\\/\\\/erhardt-stiefel.de\\\/index.php\\\/2025\\\/08\\\/14\\\/weites-herz\\\/\",\"url\":\"https:\\\/\\\/erhardt-stiefel.de\\\/index.php\\\/2025\\\/08\\\/14\\\/weites-herz\\\/\",\"name\":\"Weites Herz - Erhardt Stiefel&#039;s Fundgrube\",\"isPartOf\":{\"@id\":\"https:\\\/\\\/erhardt-stiefel.de\\\/#website\"},\"primaryImageOfPage\":{\"@id\":\"https:\\\/\\\/erhardt-stiefel.de\\\/index.php\\\/2025\\\/08\\\/14\\\/weites-herz\\\/#primaryimage\"},\"image\":{\"@id\":\"https:\\\/\\\/erhardt-stiefel.de\\\/index.php\\\/2025\\\/08\\\/14\\\/weites-herz\\\/#primaryimage\"},\"thumbnailUrl\":\"https:\\\/\\\/erhardt-stiefel.de\\\/wp-content\\\/uploads\\\/2021\\\/08\\\/14.jpg\",\"datePublished\":\"2025-08-14T04:59:02+00:00\",\"author\":{\"@id\":\"https:\\\/\\\/erhardt-stiefel.de\\\/#\\\/schema\\\/person\\\/623af879bb14c4ae6622ece81ec006ef\"},\"breadcrumb\":{\"@id\":\"https:\\\/\\\/erhardt-stiefel.de\\\/index.php\\\/2025\\\/08\\\/14\\\/weites-herz\\\/#breadcrumb\"},\"inLanguage\":\"de\",\"potentialAction\":[{\"@type\":\"ReadAction\",\"target\":[\"https:\\\/\\\/erhardt-stiefel.de\\\/index.php\\\/2025\\\/08\\\/14\\\/weites-herz\\\/\"]}]},{\"@type\":\"ImageObject\",\"inLanguage\":\"de\",\"@id\":\"https:\\\/\\\/erhardt-stiefel.de\\\/index.php\\\/2025\\\/08\\\/14\\\/weites-herz\\\/#primaryimage\",\"url\":\"https:\\\/\\\/erhardt-stiefel.de\\\/wp-content\\\/uploads\\\/2021\\\/08\\\/14.jpg\",\"contentUrl\":\"https:\\\/\\\/erhardt-stiefel.de\\\/wp-content\\\/uploads\\\/2021\\\/08\\\/14.jpg\",\"width\":792,\"height\":881},{\"@type\":\"BreadcrumbList\",\"@id\":\"https:\\\/\\\/erhardt-stiefel.de\\\/index.php\\\/2025\\\/08\\\/14\\\/weites-herz\\\/#breadcrumb\",\"itemListElement\":[{\"@type\":\"ListItem\",\"position\":1,\"name\":\"Home\",\"item\":\"https:\\\/\\\/erhardt-stiefel.de\\\/\"},{\"@type\":\"ListItem\",\"position\":2,\"name\":\"Weites Herz\"}]},{\"@type\":\"WebSite\",\"@id\":\"https:\\\/\\\/erhardt-stiefel.de\\\/#website\",\"url\":\"https:\\\/\\\/erhardt-stiefel.de\\\/\",\"name\":\"Erhardt Stiefel&#039;s Fundgrube\",\"description\":\"Erfahrungen mit CMS, Genealogie, Gott und der Welt - die ich sehr gerne mit dir teilen w\u00fcrde\",\"potentialAction\":[{\"@type\":\"SearchAction\",\"target\":{\"@type\":\"EntryPoint\",\"urlTemplate\":\"https:\\\/\\\/erhardt-stiefel.de\\\/?s={search_term_string}\"},\"query-input\":{\"@type\":\"PropertyValueSpecification\",\"valueRequired\":true,\"valueName\":\"search_term_string\"}}],\"inLanguage\":\"de\"},{\"@type\":\"Person\",\"@id\":\"https:\\\/\\\/erhardt-stiefel.de\\\/#\\\/schema\\\/person\\\/623af879bb14c4ae6622ece81ec006ef\",\"name\":\"Erhardt\",\"image\":{\"@type\":\"ImageObject\",\"inLanguage\":\"de\",\"@id\":\"https:\\\/\\\/secure.gravatar.com\\\/avatar\\\/086c9cb068fa330c15ed0aabfea0b66ecfa387fd1d6eb1a1a3b0a963becd7f74?s=96&d=mm&r=g\",\"url\":\"https:\\\/\\\/secure.gravatar.com\\\/avatar\\\/086c9cb068fa330c15ed0aabfea0b66ecfa387fd1d6eb1a1a3b0a963becd7f74?s=96&d=mm&r=g\",\"contentUrl\":\"https:\\\/\\\/secure.gravatar.com\\\/avatar\\\/086c9cb068fa330c15ed0aabfea0b66ecfa387fd1d6eb1a1a3b0a963becd7f74?s=96&d=mm&r=g\",\"caption\":\"Erhardt\"},\"sameAs\":[\"https:\\\/\\\/erhardt-stiefel.de\",\"https:\\\/\\\/x.com\\\/erhardtstiefel77\"],\"url\":\"https:\\\/\\\/erhardt-stiefel.de\\\/index.php\\\/author\\\/erhardt_stiefel\\\/\"}]}<\/script>\n<!-- \/ Yoast SEO plugin. -->","yoast_head_json":{"title":"Weites Herz - Erhardt Stiefel&#039;s Fundgrube","robots":{"index":"index","follow":"follow","max-snippet":"max-snippet:-1","max-image-preview":"max-image-preview:large","max-video-preview":"max-video-preview:-1"},"canonical":"https:\/\/erhardt-stiefel.de\/index.php\/2025\/08\/14\/weites-herz\/","og_locale":"de_DE","og_type":"article","og_title":"Weites Herz - Erhardt Stiefel&#039;s Fundgrube","og_description":"O ihr Korinther, unser Mund hat sich euch gegen\u00fcber aufgetan, unser Herz ist weit geworden. Eng ist nicht der Raum, den ihr in uns habt; eng aber ist&#8217;s in euren Herzen. Ich rede mit euch als mit meinen Kindern; stellt euch doch zu mir auch so und macht auch ihr euer Herz weit. 2. Korinther &hellip; \u201eWeites Herz\u201c weiterlesen","og_url":"https:\/\/erhardt-stiefel.de\/index.php\/2025\/08\/14\/weites-herz\/","og_site_name":"Erhardt Stiefel&#039;s Fundgrube","article_published_time":"2025-08-14T04:59:02+00:00","og_image":[{"width":792,"height":881,"url":"https:\/\/erhardt-stiefel.de\/wp-content\/uploads\/2021\/08\/14.jpg","type":"image\/jpeg"}],"author":"Erhardt","twitter_card":"summary_large_image","twitter_creator":"@erhardtstiefel77","twitter_misc":{"Geschrieben von":"Erhardt","Gesch\u00e4tzte Lesezeit":"4\u00a0Minuten"},"schema":{"@context":"https:\/\/schema.org","@graph":[{"@type":"Article","@id":"https:\/\/erhardt-stiefel.de\/index.php\/2025\/08\/14\/weites-herz\/#article","isPartOf":{"@id":"https:\/\/erhardt-stiefel.de\/index.php\/2025\/08\/14\/weites-herz\/"},"author":{"name":"Erhardt","@id":"https:\/\/erhardt-stiefel.de\/#\/schema\/person\/623af879bb14c4ae6622ece81ec006ef"},"headline":"Weites Herz","datePublished":"2025-08-14T04:59:02+00:00","mainEntityOfPage":{"@id":"https:\/\/erhardt-stiefel.de\/index.php\/2025\/08\/14\/weites-herz\/"},"wordCount":556,"commentCount":0,"image":{"@id":"https:\/\/erhardt-stiefel.de\/index.php\/2025\/08\/14\/weites-herz\/#primaryimage"},"thumbnailUrl":"https:\/\/erhardt-stiefel.de\/wp-content\/uploads\/2021\/08\/14.jpg","keywords":["Adler","August","Korinther"],"articleSection":["Adlerbotschaft","Predigten"],"inLanguage":"de","potentialAction":[{"@type":"CommentAction","name":"Comment","target":["https:\/\/erhardt-stiefel.de\/index.php\/2025\/08\/14\/weites-herz\/#respond"]}]},{"@type":"WebPage","@id":"https:\/\/erhardt-stiefel.de\/index.php\/2025\/08\/14\/weites-herz\/","url":"https:\/\/erhardt-stiefel.de\/index.php\/2025\/08\/14\/weites-herz\/","name":"Weites Herz - Erhardt Stiefel&#039;s Fundgrube","isPartOf":{"@id":"https:\/\/erhardt-stiefel.de\/#website"},"primaryImageOfPage":{"@id":"https:\/\/erhardt-stiefel.de\/index.php\/2025\/08\/14\/weites-herz\/#primaryimage"},"image":{"@id":"https:\/\/erhardt-stiefel.de\/index.php\/2025\/08\/14\/weites-herz\/#primaryimage"},"thumbnailUrl":"https:\/\/erhardt-stiefel.de\/wp-content\/uploads\/2021\/08\/14.jpg","datePublished":"2025-08-14T04:59:02+00:00","author":{"@id":"https:\/\/erhardt-stiefel.de\/#\/schema\/person\/623af879bb14c4ae6622ece81ec006ef"},"breadcrumb":{"@id":"https:\/\/erhardt-stiefel.de\/index.php\/2025\/08\/14\/weites-herz\/#breadcrumb"},"inLanguage":"de","potentialAction":[{"@type":"ReadAction","target":["https:\/\/erhardt-stiefel.de\/index.php\/2025\/08\/14\/weites-herz\/"]}]},{"@type":"ImageObject","inLanguage":"de","@id":"https:\/\/erhardt-stiefel.de\/index.php\/2025\/08\/14\/weites-herz\/#primaryimage","url":"https:\/\/erhardt-stiefel.de\/wp-content\/uploads\/2021\/08\/14.jpg","contentUrl":"https:\/\/erhardt-stiefel.de\/wp-content\/uploads\/2021\/08\/14.jpg","width":792,"height":881},{"@type":"BreadcrumbList","@id":"https:\/\/erhardt-stiefel.de\/index.php\/2025\/08\/14\/weites-herz\/#breadcrumb","itemListElement":[{"@type":"ListItem","position":1,"name":"Home","item":"https:\/\/erhardt-stiefel.de\/"},{"@type":"ListItem","position":2,"name":"Weites Herz"}]},{"@type":"WebSite","@id":"https:\/\/erhardt-stiefel.de\/#website","url":"https:\/\/erhardt-stiefel.de\/","name":"Erhardt Stiefel&#039;s Fundgrube","description":"Erfahrungen mit CMS, Genealogie, Gott und der Welt - die ich sehr gerne mit dir teilen w\u00fcrde","potentialAction":[{"@type":"SearchAction","target":{"@type":"EntryPoint","urlTemplate":"https:\/\/erhardt-stiefel.de\/?s={search_term_string}"},"query-input":{"@type":"PropertyValueSpecification","valueRequired":true,"valueName":"search_term_string"}}],"inLanguage":"de"},{"@type":"Person","@id":"https:\/\/erhardt-stiefel.de\/#\/schema\/person\/623af879bb14c4ae6622ece81ec006ef","name":"Erhardt","image":{"@type":"ImageObject","inLanguage":"de","@id":"https:\/\/secure.gravatar.com\/avatar\/086c9cb068fa330c15ed0aabfea0b66ecfa387fd1d6eb1a1a3b0a963becd7f74?s=96&d=mm&r=g","url":"https:\/\/secure.gravatar.com\/avatar\/086c9cb068fa330c15ed0aabfea0b66ecfa387fd1d6eb1a1a3b0a963becd7f74?s=96&d=mm&r=g","contentUrl":"https:\/\/secure.gravatar.com\/avatar\/086c9cb068fa330c15ed0aabfea0b66ecfa387fd1d6eb1a1a3b0a963becd7f74?s=96&d=mm&r=g","caption":"Erhardt"},"sameAs":["https:\/\/erhardt-stiefel.de","https:\/\/x.com\/erhardtstiefel77"],"url":"https:\/\/erhardt-stiefel.de\/index.php\/author\/erhardt_stiefel\/"}]}},"jetpack_publicize_connections":[],"jetpack_featured_media_url":"","jetpack_sharing_enabled":true,"jetpack_shortlink":"https:\/\/wp.me\/paRlFh-2HP","_links":{"self":[{"href":"https:\/\/erhardt-stiefel.de\/index.php\/wp-json\/wp\/v2\/posts\/10405","targetHints":{"allow":["GET"]}}],"collection":[{"href":"https:\/\/erhardt-stiefel.de\/index.php\/wp-json\/wp\/v2\/posts"}],"about":[{"href":"https:\/\/erhardt-stiefel.de\/index.php\/wp-json\/wp\/v2\/types\/post"}],"author":[{"embeddable":true,"href":"https:\/\/erhardt-stiefel.de\/index.php\/wp-json\/wp\/v2\/users\/1"}],"replies":[{"embeddable":true,"href":"https:\/\/erhardt-stiefel.de\/index.php\/wp-json\/wp\/v2\/comments?post=10405"}],"version-history":[{"count":1,"href":"https:\/\/erhardt-stiefel.de\/index.php\/wp-json\/wp\/v2\/posts\/10405\/revisions"}],"predecessor-version":[{"id":10406,"href":"https:\/\/erhardt-stiefel.de\/index.php\/wp-json\/wp\/v2\/posts\/10405\/revisions\/10406"}],"wp:attachment":[{"href":"https:\/\/erhardt-stiefel.de\/index.php\/wp-json\/wp\/v2\/media?parent=10405"}],"wp:term":[{"taxonomy":"category","embeddable":true,"href":"https:\/\/erhardt-stiefel.de\/index.php\/wp-json\/wp\/v2\/categories?post=10405"},{"taxonomy":"post_tag","embeddable":true,"href":"https:\/\/erhardt-stiefel.de\/index.php\/wp-json\/wp\/v2\/tags?post=10405"}],"curies":[{"name":"wp","href":"https:\/\/api.w.org\/{rel}","templated":true}]}}