{"id":10430,"date":"2025-08-22T06:17:14","date_gmt":"2025-08-22T04:17:14","guid":{"rendered":"https:\/\/erhardt-stiefel.de\/?p=10430"},"modified":"2025-08-22T06:17:14","modified_gmt":"2025-08-22T04:17:14","slug":"ich-bin-die-auferstehung-und-das-leben","status":"publish","type":"post","link":"https:\/\/erhardt-stiefel.de\/index.php\/2025\/08\/22\/ich-bin-die-auferstehung-und-das-leben\/","title":{"rendered":"Ich bin die Auferstehung und das Leben"},"content":{"rendered":"<p><img loading=\"lazy\" decoding=\"async\" class=\"aligncenter size-full wp-image-5302\" src=\"https:\/\/erhardt-stiefel.de\/wp-content\/uploads\/2021\/08\/22.jpg\" alt=\"\" width=\"795\" height=\"887\" srcset=\"https:\/\/erhardt-stiefel.de\/wp-content\/uploads\/2021\/08\/22.jpg 795w, https:\/\/erhardt-stiefel.de\/wp-content\/uploads\/2021\/08\/22-269x300.jpg 269w, https:\/\/erhardt-stiefel.de\/wp-content\/uploads\/2021\/08\/22-768x857.jpg 768w\" sizes=\"auto, (max-width: 767px) 89vw, (max-width: 1000px) 54vw, (max-width: 1071px) 543px, 580px\" \/><\/p>\n<p><strong>Da sagte Jesus: Ich bin die Auferstehung und das Leben. Wer auf mich sein Vertrauen setzt, wird leben, auch wenn er stirbt. &nbsp;<a href=\"https:\/\/www.bibleserver.com\/LUT\/Johannes11%2C25\" target=\"_blank\" rel=\"noopener noreferrer nofollow\"><span style=\"color: #0000ff;\">Johannes 11, 25<\/span><\/a><\/strong><\/p>\n<p>Wir durchfuhren auf dem Weg nach Windhoek das Namaqualand. Es war August und der langersehnte Regen hatte eine ausgedorrte und trostlose W\u00fcste in k\u00fcrzester Zeit in einen einzigartigen Blumengarten verwandelt. Wir bestaunten das Leben in seiner Vielfalt und Sch\u00f6nheit.<\/p>\n<p>Biologisch betrachtet, besteht Leben aus einer F\u00fclle von winzigen Zellen, wobei jede Zelle Erbgut zum Wachstum und f\u00fcr die vielf\u00e4ltigen Lebensprozesse die notwendigen Anweisungen enth\u00e4lt. In der Erforschung des Lebens steht die Wissenschaft bei allem Wissen dennoch vor einem Geheimnis. Solange man die Quelle allen Lebens nicht erkannt hat, bleiben Wachstum und F\u00fclle unerkl\u00e4rlich. Das Geheimnis allen Lebens l\u00fcftete Jesus am Grab des Lazarus. Er ist die Quelle und hier bewies er sich als Herr \u00fcber Leben und Tod. Mit befehlendem Wort konnte er sagen: <em>Lazarus, komm heraus! <\/em>Dann f\u00fcgte er hinzu: <em>Ich bin die Auferstehung und das Leben. Wer auf mich sein Vertrauen setzt, wird leben, auch wenn er stirbt. <\/em>Jesus ist nicht nur Herr allen biologischen Lebens, er schenkt auch Inhalt und stellt unser Leben auf eine hohe Qualit\u00e4tsstufe.<!--more--><\/p>\n<p>Man hatte mich gebeten, ein Kind zu beerdigen. Thomas war gerade sechs Jahre alt geworden. Eine schwere Krankheit hatte ihn heimgesucht. Bevor ihn seine Kr\u00e4fte v\u00f6llig verlie\u00dfen, lie\u00df er seinen Freund zu sich kommen, damit er sich von ihm verabschieden konnte. Mit m\u00fcder Stimme sagte er: \u201eIch schenke dir jetzt meinen Teddy; den brauche ich nun nicht mehr. Ich gehe zu Jesus, da gibt es vieles, das viel besser ist als mein Teddy.\u201c Dann schloss er seine m\u00fcden Augen und verschied. Das Grab war f\u00fcr ihn nicht das Ende, sondern der Anfang f\u00fcr ein Leben in Gottes sch\u00f6ner Welt. Daf\u00fcr gibt uns die Natur ein gutes Beispiel. Eine h\u00e4ssliche Raupe, die den ganzen Tag am Kohlkopf hockt und frisst, tr\u00e4gt ein geheimnisvolles Leben in sich, auf das sie stolz ist. Sie wei\u00df, dass sie sich eines Tages verwandeln wird; dann wird aus ihr ein pr\u00e4chtiger Schmetterling und mit ihren Fl\u00fcgeln wird sie sich in die Luft erheben und davonfliegen und alles vergessen, was hinter ihr liegt.<\/p>\n<p>Es wird die Stunde kommen, wo Jesus das letzte Wort sprechen wird. Die Gr\u00e4ber werden sich \u00f6ffnen und alle m\u00fcssen vor ihm erscheinen. Dann spielt es keine Rolle mehr, wie lange jemand gelebt hat oder auf welche Weise er gestorben ist. Entscheidend ist, ob er mit dem kleinen Thomas sagen konnte: \u201eIch gehe jetzt zu Jesus, da gibt es vieles, das viel besser ist als mein Teddy.\u201c<\/p>\n<p>Wenn der K\u00f6nig und Herr allen Lebens das letzte Wort spricht, hebt er die Naturgesetze auf. W\u00e4hrend der Tod nur Dunkelheit und Verwesung beinhaltet und nicht daran denkt, seine Opfer je wieder frei zu geben, wird jetzt Licht und Hoffnung geboren. Das wird der Tag sein, auf den Gott schon lange gewartet hat. Er m\u00f6chte unsere Tr\u00e4nen f\u00fcr immer trocknen und sagen: \u201eMein Kind, ich mache alles neu\u201c.<\/p>\n","protected":false},"excerpt":{"rendered":"<p>Da sagte Jesus: Ich bin die Auferstehung und das Leben. Wer auf mich sein Vertrauen setzt, wird leben, auch wenn er stirbt. &nbsp;Johannes 11, 25 Wir durchfuhren auf dem Weg nach Windhoek das Namaqualand. Es war August und der langersehnte Regen hatte eine ausgedorrte und trostlose W\u00fcste in k\u00fcrzester Zeit in einen einzigartigen Blumengarten verwandelt. &hellip; <\/p>\n<p class=\"link-more\"><a href=\"https:\/\/erhardt-stiefel.de\/index.php\/2025\/08\/22\/ich-bin-die-auferstehung-und-das-leben\/\" class=\"more-link\"><span class=\"screen-reader-text\">\u201eIch bin die Auferstehung und das Leben\u201c<\/span> weiterlesen<\/a><\/p>\n","protected":false},"author":1,"featured_media":0,"comment_status":"open","ping_status":"closed","sticky":false,"template":"","format":"standard","meta":{"_exactmetrics_skip_tracking":false,"_exactmetrics_sitenote_active":false,"_exactmetrics_sitenote_note":"","_exactmetrics_sitenote_category":0,"ngg_post_thumbnail":0,"jetpack_post_was_ever_published":false,"_jetpack_newsletter_access":"","_jetpack_dont_email_post_to_subs":false,"_jetpack_newsletter_tier_id":0,"_jetpack_memberships_contains_paywalled_content":false,"_jetpack_memberships_contains_paid_content":false,"footnotes":"","jetpack_publicize_message":"","jetpack_publicize_feature_enabled":true,"jetpack_social_post_already_shared":true,"jetpack_social_options":{"image_generator_settings":{"template":"highway","default_image_id":0,"font":"","enabled":false},"version":2}},"categories":[319,311],"tags":[348,317,405,344],"class_list":["post-10430","post","type-post","status-publish","format-standard","hentry","category-adlerbotschaft","category-predigten","tag-348","tag-adler","tag-august","tag-johannes"],"yoast_head":"<!-- This site is optimized with the Yoast SEO plugin v27.4 - https:\/\/yoast.com\/product\/yoast-seo-wordpress\/ -->\n<title>Ich bin die Auferstehung und das Leben - Erhardt Stiefel&#039;s Fundgrube<\/title>\n<meta name=\"robots\" content=\"index, follow, max-snippet:-1, max-image-preview:large, max-video-preview:-1\" \/>\n<link rel=\"canonical\" href=\"https:\/\/erhardt-stiefel.de\/index.php\/2025\/08\/22\/ich-bin-die-auferstehung-und-das-leben\/\" \/>\n<meta property=\"og:locale\" content=\"de_DE\" \/>\n<meta property=\"og:type\" content=\"article\" \/>\n<meta property=\"og:title\" content=\"Ich bin die Auferstehung und das Leben - Erhardt Stiefel&#039;s Fundgrube\" \/>\n<meta property=\"og:description\" content=\"Da sagte Jesus: Ich bin die Auferstehung und das Leben. Wer auf mich sein Vertrauen setzt, wird leben, auch wenn er stirbt. &nbsp;Johannes 11, 25 Wir durchfuhren auf dem Weg nach Windhoek das Namaqualand. Es war August und der langersehnte Regen hatte eine ausgedorrte und trostlose W\u00fcste in k\u00fcrzester Zeit in einen einzigartigen Blumengarten verwandelt. &hellip; \u201eIch bin die Auferstehung und das Leben\u201c weiterlesen\" \/>\n<meta property=\"og:url\" content=\"https:\/\/erhardt-stiefel.de\/index.php\/2025\/08\/22\/ich-bin-die-auferstehung-und-das-leben\/\" \/>\n<meta property=\"og:site_name\" content=\"Erhardt Stiefel&#039;s Fundgrube\" \/>\n<meta property=\"article:published_time\" content=\"2025-08-22T04:17:14+00:00\" \/>\n<meta property=\"og:image\" content=\"https:\/\/erhardt-stiefel.de\/wp-content\/uploads\/2021\/08\/22.jpg\" \/>\n\t<meta property=\"og:image:width\" content=\"795\" \/>\n\t<meta property=\"og:image:height\" content=\"887\" \/>\n\t<meta property=\"og:image:type\" content=\"image\/jpeg\" \/>\n<meta name=\"author\" content=\"Erhardt\" \/>\n<meta name=\"twitter:card\" content=\"summary_large_image\" \/>\n<meta name=\"twitter:creator\" content=\"@erhardtstiefel77\" \/>\n<meta name=\"twitter:label1\" content=\"Geschrieben von\" \/>\n\t<meta name=\"twitter:data1\" content=\"Erhardt\" \/>\n\t<meta name=\"twitter:label2\" content=\"Gesch\u00e4tzte Lesezeit\" \/>\n\t<meta name=\"twitter:data2\" content=\"3\u00a0Minuten\" \/>\n<script type=\"application\/ld+json\" class=\"yoast-schema-graph\">{\"@context\":\"https:\\\/\\\/schema.org\",\"@graph\":[{\"@type\":\"Article\",\"@id\":\"https:\\\/\\\/erhardt-stiefel.de\\\/index.php\\\/2025\\\/08\\\/22\\\/ich-bin-die-auferstehung-und-das-leben\\\/#article\",\"isPartOf\":{\"@id\":\"https:\\\/\\\/erhardt-stiefel.de\\\/index.php\\\/2025\\\/08\\\/22\\\/ich-bin-die-auferstehung-und-das-leben\\\/\"},\"author\":{\"name\":\"Erhardt\",\"@id\":\"https:\\\/\\\/erhardt-stiefel.de\\\/#\\\/schema\\\/person\\\/623af879bb14c4ae6622ece81ec006ef\"},\"headline\":\"Ich bin die Auferstehung und das Leben\",\"datePublished\":\"2025-08-22T04:17:14+00:00\",\"mainEntityOfPage\":{\"@id\":\"https:\\\/\\\/erhardt-stiefel.de\\\/index.php\\\/2025\\\/08\\\/22\\\/ich-bin-die-auferstehung-und-das-leben\\\/\"},\"wordCount\":534,\"commentCount\":0,\"image\":{\"@id\":\"https:\\\/\\\/erhardt-stiefel.de\\\/index.php\\\/2025\\\/08\\\/22\\\/ich-bin-die-auferstehung-und-das-leben\\\/#primaryimage\"},\"thumbnailUrl\":\"https:\\\/\\\/erhardt-stiefel.de\\\/wp-content\\\/uploads\\\/2021\\\/08\\\/22.jpg\",\"keywords\":[\"***\",\"Adler\",\"August\",\"Johannes\"],\"articleSection\":[\"Adlerbotschaft\",\"Predigten\"],\"inLanguage\":\"de\",\"potentialAction\":[{\"@type\":\"CommentAction\",\"name\":\"Comment\",\"target\":[\"https:\\\/\\\/erhardt-stiefel.de\\\/index.php\\\/2025\\\/08\\\/22\\\/ich-bin-die-auferstehung-und-das-leben\\\/#respond\"]}]},{\"@type\":\"WebPage\",\"@id\":\"https:\\\/\\\/erhardt-stiefel.de\\\/index.php\\\/2025\\\/08\\\/22\\\/ich-bin-die-auferstehung-und-das-leben\\\/\",\"url\":\"https:\\\/\\\/erhardt-stiefel.de\\\/index.php\\\/2025\\\/08\\\/22\\\/ich-bin-die-auferstehung-und-das-leben\\\/\",\"name\":\"Ich bin die Auferstehung und das Leben - Erhardt Stiefel&#039;s Fundgrube\",\"isPartOf\":{\"@id\":\"https:\\\/\\\/erhardt-stiefel.de\\\/#website\"},\"primaryImageOfPage\":{\"@id\":\"https:\\\/\\\/erhardt-stiefel.de\\\/index.php\\\/2025\\\/08\\\/22\\\/ich-bin-die-auferstehung-und-das-leben\\\/#primaryimage\"},\"image\":{\"@id\":\"https:\\\/\\\/erhardt-stiefel.de\\\/index.php\\\/2025\\\/08\\\/22\\\/ich-bin-die-auferstehung-und-das-leben\\\/#primaryimage\"},\"thumbnailUrl\":\"https:\\\/\\\/erhardt-stiefel.de\\\/wp-content\\\/uploads\\\/2021\\\/08\\\/22.jpg\",\"datePublished\":\"2025-08-22T04:17:14+00:00\",\"author\":{\"@id\":\"https:\\\/\\\/erhardt-stiefel.de\\\/#\\\/schema\\\/person\\\/623af879bb14c4ae6622ece81ec006ef\"},\"breadcrumb\":{\"@id\":\"https:\\\/\\\/erhardt-stiefel.de\\\/index.php\\\/2025\\\/08\\\/22\\\/ich-bin-die-auferstehung-und-das-leben\\\/#breadcrumb\"},\"inLanguage\":\"de\",\"potentialAction\":[{\"@type\":\"ReadAction\",\"target\":[\"https:\\\/\\\/erhardt-stiefel.de\\\/index.php\\\/2025\\\/08\\\/22\\\/ich-bin-die-auferstehung-und-das-leben\\\/\"]}]},{\"@type\":\"ImageObject\",\"inLanguage\":\"de\",\"@id\":\"https:\\\/\\\/erhardt-stiefel.de\\\/index.php\\\/2025\\\/08\\\/22\\\/ich-bin-die-auferstehung-und-das-leben\\\/#primaryimage\",\"url\":\"https:\\\/\\\/erhardt-stiefel.de\\\/wp-content\\\/uploads\\\/2021\\\/08\\\/22.jpg\",\"contentUrl\":\"https:\\\/\\\/erhardt-stiefel.de\\\/wp-content\\\/uploads\\\/2021\\\/08\\\/22.jpg\",\"width\":795,\"height\":887},{\"@type\":\"BreadcrumbList\",\"@id\":\"https:\\\/\\\/erhardt-stiefel.de\\\/index.php\\\/2025\\\/08\\\/22\\\/ich-bin-die-auferstehung-und-das-leben\\\/#breadcrumb\",\"itemListElement\":[{\"@type\":\"ListItem\",\"position\":1,\"name\":\"Home\",\"item\":\"https:\\\/\\\/erhardt-stiefel.de\\\/\"},{\"@type\":\"ListItem\",\"position\":2,\"name\":\"Ich bin die Auferstehung und das Leben\"}]},{\"@type\":\"WebSite\",\"@id\":\"https:\\\/\\\/erhardt-stiefel.de\\\/#website\",\"url\":\"https:\\\/\\\/erhardt-stiefel.de\\\/\",\"name\":\"Erhardt Stiefel&#039;s Fundgrube\",\"description\":\"Erfahrungen mit CMS, Genealogie, Gott und der Welt - die ich sehr gerne mit dir teilen w\u00fcrde\",\"potentialAction\":[{\"@type\":\"SearchAction\",\"target\":{\"@type\":\"EntryPoint\",\"urlTemplate\":\"https:\\\/\\\/erhardt-stiefel.de\\\/?s={search_term_string}\"},\"query-input\":{\"@type\":\"PropertyValueSpecification\",\"valueRequired\":true,\"valueName\":\"search_term_string\"}}],\"inLanguage\":\"de\"},{\"@type\":\"Person\",\"@id\":\"https:\\\/\\\/erhardt-stiefel.de\\\/#\\\/schema\\\/person\\\/623af879bb14c4ae6622ece81ec006ef\",\"name\":\"Erhardt\",\"image\":{\"@type\":\"ImageObject\",\"inLanguage\":\"de\",\"@id\":\"https:\\\/\\\/secure.gravatar.com\\\/avatar\\\/086c9cb068fa330c15ed0aabfea0b66ecfa387fd1d6eb1a1a3b0a963becd7f74?s=96&d=mm&r=g\",\"url\":\"https:\\\/\\\/secure.gravatar.com\\\/avatar\\\/086c9cb068fa330c15ed0aabfea0b66ecfa387fd1d6eb1a1a3b0a963becd7f74?s=96&d=mm&r=g\",\"contentUrl\":\"https:\\\/\\\/secure.gravatar.com\\\/avatar\\\/086c9cb068fa330c15ed0aabfea0b66ecfa387fd1d6eb1a1a3b0a963becd7f74?s=96&d=mm&r=g\",\"caption\":\"Erhardt\"},\"sameAs\":[\"https:\\\/\\\/erhardt-stiefel.de\",\"https:\\\/\\\/x.com\\\/erhardtstiefel77\"],\"url\":\"https:\\\/\\\/erhardt-stiefel.de\\\/index.php\\\/author\\\/erhardt_stiefel\\\/\"}]}<\/script>\n<!-- \/ Yoast SEO plugin. -->","yoast_head_json":{"title":"Ich bin die Auferstehung und das Leben - Erhardt Stiefel&#039;s Fundgrube","robots":{"index":"index","follow":"follow","max-snippet":"max-snippet:-1","max-image-preview":"max-image-preview:large","max-video-preview":"max-video-preview:-1"},"canonical":"https:\/\/erhardt-stiefel.de\/index.php\/2025\/08\/22\/ich-bin-die-auferstehung-und-das-leben\/","og_locale":"de_DE","og_type":"article","og_title":"Ich bin die Auferstehung und das Leben - Erhardt Stiefel&#039;s Fundgrube","og_description":"Da sagte Jesus: Ich bin die Auferstehung und das Leben. Wer auf mich sein Vertrauen setzt, wird leben, auch wenn er stirbt. &nbsp;Johannes 11, 25 Wir durchfuhren auf dem Weg nach Windhoek das Namaqualand. Es war August und der langersehnte Regen hatte eine ausgedorrte und trostlose W\u00fcste in k\u00fcrzester Zeit in einen einzigartigen Blumengarten verwandelt. &hellip; \u201eIch bin die Auferstehung und das Leben\u201c weiterlesen","og_url":"https:\/\/erhardt-stiefel.de\/index.php\/2025\/08\/22\/ich-bin-die-auferstehung-und-das-leben\/","og_site_name":"Erhardt Stiefel&#039;s Fundgrube","article_published_time":"2025-08-22T04:17:14+00:00","og_image":[{"width":795,"height":887,"url":"https:\/\/erhardt-stiefel.de\/wp-content\/uploads\/2021\/08\/22.jpg","type":"image\/jpeg"}],"author":"Erhardt","twitter_card":"summary_large_image","twitter_creator":"@erhardtstiefel77","twitter_misc":{"Geschrieben von":"Erhardt","Gesch\u00e4tzte Lesezeit":"3\u00a0Minuten"},"schema":{"@context":"https:\/\/schema.org","@graph":[{"@type":"Article","@id":"https:\/\/erhardt-stiefel.de\/index.php\/2025\/08\/22\/ich-bin-die-auferstehung-und-das-leben\/#article","isPartOf":{"@id":"https:\/\/erhardt-stiefel.de\/index.php\/2025\/08\/22\/ich-bin-die-auferstehung-und-das-leben\/"},"author":{"name":"Erhardt","@id":"https:\/\/erhardt-stiefel.de\/#\/schema\/person\/623af879bb14c4ae6622ece81ec006ef"},"headline":"Ich bin die Auferstehung und das Leben","datePublished":"2025-08-22T04:17:14+00:00","mainEntityOfPage":{"@id":"https:\/\/erhardt-stiefel.de\/index.php\/2025\/08\/22\/ich-bin-die-auferstehung-und-das-leben\/"},"wordCount":534,"commentCount":0,"image":{"@id":"https:\/\/erhardt-stiefel.de\/index.php\/2025\/08\/22\/ich-bin-die-auferstehung-und-das-leben\/#primaryimage"},"thumbnailUrl":"https:\/\/erhardt-stiefel.de\/wp-content\/uploads\/2021\/08\/22.jpg","keywords":["***","Adler","August","Johannes"],"articleSection":["Adlerbotschaft","Predigten"],"inLanguage":"de","potentialAction":[{"@type":"CommentAction","name":"Comment","target":["https:\/\/erhardt-stiefel.de\/index.php\/2025\/08\/22\/ich-bin-die-auferstehung-und-das-leben\/#respond"]}]},{"@type":"WebPage","@id":"https:\/\/erhardt-stiefel.de\/index.php\/2025\/08\/22\/ich-bin-die-auferstehung-und-das-leben\/","url":"https:\/\/erhardt-stiefel.de\/index.php\/2025\/08\/22\/ich-bin-die-auferstehung-und-das-leben\/","name":"Ich bin die Auferstehung und das Leben - Erhardt Stiefel&#039;s Fundgrube","isPartOf":{"@id":"https:\/\/erhardt-stiefel.de\/#website"},"primaryImageOfPage":{"@id":"https:\/\/erhardt-stiefel.de\/index.php\/2025\/08\/22\/ich-bin-die-auferstehung-und-das-leben\/#primaryimage"},"image":{"@id":"https:\/\/erhardt-stiefel.de\/index.php\/2025\/08\/22\/ich-bin-die-auferstehung-und-das-leben\/#primaryimage"},"thumbnailUrl":"https:\/\/erhardt-stiefel.de\/wp-content\/uploads\/2021\/08\/22.jpg","datePublished":"2025-08-22T04:17:14+00:00","author":{"@id":"https:\/\/erhardt-stiefel.de\/#\/schema\/person\/623af879bb14c4ae6622ece81ec006ef"},"breadcrumb":{"@id":"https:\/\/erhardt-stiefel.de\/index.php\/2025\/08\/22\/ich-bin-die-auferstehung-und-das-leben\/#breadcrumb"},"inLanguage":"de","potentialAction":[{"@type":"ReadAction","target":["https:\/\/erhardt-stiefel.de\/index.php\/2025\/08\/22\/ich-bin-die-auferstehung-und-das-leben\/"]}]},{"@type":"ImageObject","inLanguage":"de","@id":"https:\/\/erhardt-stiefel.de\/index.php\/2025\/08\/22\/ich-bin-die-auferstehung-und-das-leben\/#primaryimage","url":"https:\/\/erhardt-stiefel.de\/wp-content\/uploads\/2021\/08\/22.jpg","contentUrl":"https:\/\/erhardt-stiefel.de\/wp-content\/uploads\/2021\/08\/22.jpg","width":795,"height":887},{"@type":"BreadcrumbList","@id":"https:\/\/erhardt-stiefel.de\/index.php\/2025\/08\/22\/ich-bin-die-auferstehung-und-das-leben\/#breadcrumb","itemListElement":[{"@type":"ListItem","position":1,"name":"Home","item":"https:\/\/erhardt-stiefel.de\/"},{"@type":"ListItem","position":2,"name":"Ich bin die Auferstehung und das Leben"}]},{"@type":"WebSite","@id":"https:\/\/erhardt-stiefel.de\/#website","url":"https:\/\/erhardt-stiefel.de\/","name":"Erhardt Stiefel&#039;s Fundgrube","description":"Erfahrungen mit CMS, Genealogie, Gott und der Welt - die ich sehr gerne mit dir teilen w\u00fcrde","potentialAction":[{"@type":"SearchAction","target":{"@type":"EntryPoint","urlTemplate":"https:\/\/erhardt-stiefel.de\/?s={search_term_string}"},"query-input":{"@type":"PropertyValueSpecification","valueRequired":true,"valueName":"search_term_string"}}],"inLanguage":"de"},{"@type":"Person","@id":"https:\/\/erhardt-stiefel.de\/#\/schema\/person\/623af879bb14c4ae6622ece81ec006ef","name":"Erhardt","image":{"@type":"ImageObject","inLanguage":"de","@id":"https:\/\/secure.gravatar.com\/avatar\/086c9cb068fa330c15ed0aabfea0b66ecfa387fd1d6eb1a1a3b0a963becd7f74?s=96&d=mm&r=g","url":"https:\/\/secure.gravatar.com\/avatar\/086c9cb068fa330c15ed0aabfea0b66ecfa387fd1d6eb1a1a3b0a963becd7f74?s=96&d=mm&r=g","contentUrl":"https:\/\/secure.gravatar.com\/avatar\/086c9cb068fa330c15ed0aabfea0b66ecfa387fd1d6eb1a1a3b0a963becd7f74?s=96&d=mm&r=g","caption":"Erhardt"},"sameAs":["https:\/\/erhardt-stiefel.de","https:\/\/x.com\/erhardtstiefel77"],"url":"https:\/\/erhardt-stiefel.de\/index.php\/author\/erhardt_stiefel\/"}]}},"jetpack_publicize_connections":[],"jetpack_featured_media_url":"","jetpack_sharing_enabled":true,"jetpack_shortlink":"https:\/\/wp.me\/paRlFh-2Ie","_links":{"self":[{"href":"https:\/\/erhardt-stiefel.de\/index.php\/wp-json\/wp\/v2\/posts\/10430","targetHints":{"allow":["GET"]}}],"collection":[{"href":"https:\/\/erhardt-stiefel.de\/index.php\/wp-json\/wp\/v2\/posts"}],"about":[{"href":"https:\/\/erhardt-stiefel.de\/index.php\/wp-json\/wp\/v2\/types\/post"}],"author":[{"embeddable":true,"href":"https:\/\/erhardt-stiefel.de\/index.php\/wp-json\/wp\/v2\/users\/1"}],"replies":[{"embeddable":true,"href":"https:\/\/erhardt-stiefel.de\/index.php\/wp-json\/wp\/v2\/comments?post=10430"}],"version-history":[{"count":1,"href":"https:\/\/erhardt-stiefel.de\/index.php\/wp-json\/wp\/v2\/posts\/10430\/revisions"}],"predecessor-version":[{"id":10431,"href":"https:\/\/erhardt-stiefel.de\/index.php\/wp-json\/wp\/v2\/posts\/10430\/revisions\/10431"}],"wp:attachment":[{"href":"https:\/\/erhardt-stiefel.de\/index.php\/wp-json\/wp\/v2\/media?parent=10430"}],"wp:term":[{"taxonomy":"category","embeddable":true,"href":"https:\/\/erhardt-stiefel.de\/index.php\/wp-json\/wp\/v2\/categories?post=10430"},{"taxonomy":"post_tag","embeddable":true,"href":"https:\/\/erhardt-stiefel.de\/index.php\/wp-json\/wp\/v2\/tags?post=10430"}],"curies":[{"name":"wp","href":"https:\/\/api.w.org\/{rel}","templated":true}]}}