{"id":10455,"date":"2025-09-01T08:59:53","date_gmt":"2025-09-01T06:59:53","guid":{"rendered":"https:\/\/erhardt-stiefel.de\/?p=10455"},"modified":"2025-09-01T08:59:53","modified_gmt":"2025-09-01T06:59:53","slug":"vor-allen-dingen-zuerst","status":"publish","type":"post","link":"https:\/\/erhardt-stiefel.de\/index.php\/2025\/09\/01\/vor-allen-dingen-zuerst\/","title":{"rendered":"Vor allen Dingen zuerst \u2026"},"content":{"rendered":"<p><img loading=\"lazy\" decoding=\"async\" class=\"aligncenter size-full wp-image-5350\" src=\"https:\/\/erhardt-stiefel.de\/wp-content\/uploads\/2021\/09\/01.jpg\" alt=\"\" width=\"800\" height=\"887\" srcset=\"https:\/\/erhardt-stiefel.de\/wp-content\/uploads\/2021\/09\/01.jpg 800w, https:\/\/erhardt-stiefel.de\/wp-content\/uploads\/2021\/09\/01-271x300.jpg 271w, https:\/\/erhardt-stiefel.de\/wp-content\/uploads\/2021\/09\/01-768x852.jpg 768w\" sizes=\"auto, (max-width: 767px) 89vw, (max-width: 1000px) 54vw, (max-width: 1071px) 543px, 580px\" \/><\/p>\n<p><strong>So ermahne ich nun, dass man vor allen Dingen zuerst tue Bitte, Gebet, F\u00fcrbitte und Danksagung f\u00fcr alle Menschen. <a href=\"https:\/\/www.bibleserver.com\/LUT\/1.Timotheus2%2C1\" target=\"_blank\" rel=\"noopener noreferrer nofollow\"><span style=\"color: #0000ff;\">1. Tim. 2, 1<\/span><\/a><\/strong><\/p>\n<p>Es gibt Dinge, die wichtig sind und solche, die noch wichtiger sind und dann gibt es Dinge, die am allerwichtigsten sind. Was k\u00f6nnte das sein? Meine Zuh\u00f6rer dachten nach. &#8211; Was k\u00f6nnte am allerwichtigsten sein, vielleicht Essen und Trinken? &#8211; Sicher, ohne Nahrung m\u00fcssen wir sterben. Oder ist es frische Luft zum Atmen? &#8211; Ohne Sauerstoff m\u00fcssen wir auch sterben &#8211; dann allerdings fr\u00fcher. Geht es um unser physisches Leben, sind alle diese Dinge wichtig. Paulus aber denkt in eine andere Richtung. Ihm geht es um ein Leben mit Gott und nennt das Gebet die gr\u00f6\u00dfte und wichtigste Aufgabe. Warum tut er das? Ist Beten wirklich so wichtig? Es gibt Gr\u00fcnde, die das unterstreichen.<!--more--><\/p>\n<p>Es gibt keinen anderen Weg zu Gott, als das Gebet. Wer zu Gott kommen will, muss ihn anrufen. So ist das Gebet der Schl\u00fcssel zur Welt Gottes. <em>Wer den Namen des Herrn anrufen wird, der soll gerettet werden. <\/em><a href=\"https:\/\/www.bibleserver.com\/LUT\/Joel3%2C5\" target=\"_blank\" rel=\"noopener noreferrer nofollow\"><span style=\"color: #0000ff;\">Joel 3, 5<\/span><\/a>. Gebet ist Atmen der Seele. Wer nicht betet, ist geistlich tot. Der Heilige Geist ist die atmende Kraft. <em>Desgleichen hilft auch der Heilige Geist unserer Schwachheit auf. Denn wir wissen nicht, was wir beten sollen; sondern der Geist selbst vertritt uns mit unaussprechlichem Seufzen<\/em>. <a href=\"https:\/\/www.bibleserver.com\/LUT\/R%C3%B6mer8%2C26\" target=\"_blank\" rel=\"noopener noreferrer nofollow\"><span style=\"color: #0000ff;\">R\u00f6m. 8, 26<\/span><\/a>. Das Gebet ist die nehmende Hand des Glaubens. Beter nehmen das in Anspruch, was Gott ihnen zugesagt hat. <em>Bittet, so wird euch gegeben; suchet, so werdet ihr finden; klopfet an, so wird euch aufgetan<\/em>. <a href=\"https:\/\/www.bibleserver.com\/LUT\/Matth%C3%A4us7%2C7\" target=\"_blank\" rel=\"noopener noreferrer nofollow\"><span style=\"color: #0000ff;\">Matth. 7, 7<\/span><\/a>. Gebete sind sch\u00fctzende H\u00e4nde. Paulus bittet, dass wir f\u00fcreinander, aber auch f\u00fcr alle Verantwortungstr\u00e4ger in der Politik und der Gesellschaft beten sollen.<\/p>\n<p>Gebete verhelfen zu Wohlstand. <em>Bittet den Herrn, dass es regne zur Zeit des Sp\u00e4tregens, so wird der Herr, der die Wolken macht, euch auch Regen genug geben f\u00fcr jedes Gew\u00e4chs auf dem Felde<\/em>. <a href=\"https:\/\/www.bibleserver.com\/LUT\/Sacharja10%2C1\" target=\"_blank\" rel=\"noopener noreferrer nofollow\"><span style=\"color: #0000ff;\">Sach. 10, 1<\/span><\/a>. Das Gebet ist das Aufladen unserer inneren Batterie. <em>Aber die auf den Herrn harren, kriegen neue Kraft, dass sie auffahren mit Fl\u00fcgeln wie Adler, dass sie laufen und nicht matt werden, dass sie wandeln und nicht m\u00fcde werden. <\/em><span style=\"color: #0000ff;\"><a style=\"color: #0000ff;\" href=\"https:\/\/www.bibleserver.com\/LUT\/Jesaja40%2C3\" target=\"_blank\" rel=\"noopener noreferrer nofollow\">Jes. 40, 3<\/a>1<\/span>. Wer betet, tritt ein in die Welt Gottes. Er umgibt sich mit der Gegenwart Gottes und seinen heiligen Engeln<em>. Der Engel des Herrn lagert sich um die her, die ihn f\u00fcrchten, und hilft ihnen heraus. <\/em><a href=\"https:\/\/www.bibleserver.com\/LUT\/Psalm34%2C8\" target=\"_blank\" rel=\"noopener noreferrer nofollow\"><span style=\"color: #0000ff;\">Ps. 34, 8<\/span><\/a>. Gebete sind Augen\u00f6ffner: Beter sehen mehr, weil Gott ihnen Geheimnisse offenbart, die anderen verborgen bleiben. <em>Rufe mich an, so will ich dir antworten und will dir kundtun gro\u00dfe und unfassbare Dinge, von denen du nichts wei\u00dft<\/em>. <a href=\"https:\/\/www.bibleserver.com\/LUT\/Jeremia33%2C3\" target=\"_blank\" rel=\"noopener noreferrer nofollow\"><span style=\"color: #0000ff;\">Jer. 33, 3<\/span><\/a>.<\/p>\n<p>Beter betreten eine hohe Plattform und schauen ihr Leben aus g\u00f6ttlicher Sicht. Sie treffen dementsprechend ihre Entscheidungen und schwierige Umst\u00e4nde bekommen einen anderen Stellenwert. <em>Unsere Tr\u00fcbsal, die zeitlich und leicht ist, schafft eine ewige und \u00fcber alle Ma\u00dfen gewichtige Herrlichkeit uns, die wir nicht sehen auf das Sichtbare, sondern auf das Unsichtbare<\/em>. <span style=\"color: #0000ff;\"><a style=\"color: #0000ff;\" href=\"https:\/\/www.bibleserver.com\/LUT\/2.Korinther4%2C17-18\" target=\"_blank\" rel=\"noopener noreferrer nofollow\">2. Kor. 4, 17-18<\/a><\/span>.<\/p>\n<p>Beter leben f\u00fcr die Ewigkeit und schaffen unverg\u00e4ngliche Werte. <em>Was ihr getan habt einem unter diesen meinen geringsten Br\u00fcdern, das habt ihr mir getan. <\/em><a href=\"https:\/\/www.bibleserver.com\/LUT\/Matth%C3%A4us25%2C40\" target=\"_blank\" rel=\"noopener noreferrer nofollow\"><span style=\"color: #0000ff;\">Matth. 25, 40<\/span><\/a>. Kannst du jetzt verstehen, warum der Teufel darauf bedacht ist, uns am Beten zu hindern?<\/p>\n","protected":false},"excerpt":{"rendered":"<p>So ermahne ich nun, dass man vor allen Dingen zuerst tue Bitte, Gebet, F\u00fcrbitte und Danksagung f\u00fcr alle Menschen. 1. Tim. 2, 1 Es gibt Dinge, die wichtig sind und solche, die noch wichtiger sind und dann gibt es Dinge, die am allerwichtigsten sind. Was k\u00f6nnte das sein? Meine Zuh\u00f6rer dachten nach. &#8211; Was k\u00f6nnte &hellip; <\/p>\n<p class=\"link-more\"><a href=\"https:\/\/erhardt-stiefel.de\/index.php\/2025\/09\/01\/vor-allen-dingen-zuerst\/\" class=\"more-link\"><span class=\"screen-reader-text\">\u201eVor allen Dingen zuerst \u2026\u201c<\/span> weiterlesen<\/a><\/p>\n","protected":false},"author":1,"featured_media":0,"comment_status":"open","ping_status":"closed","sticky":false,"template":"","format":"standard","meta":{"_exactmetrics_skip_tracking":false,"_exactmetrics_sitenote_active":false,"_exactmetrics_sitenote_note":"","_exactmetrics_sitenote_category":0,"ngg_post_thumbnail":0,"jetpack_post_was_ever_published":false,"_jetpack_newsletter_access":"","_jetpack_dont_email_post_to_subs":false,"_jetpack_newsletter_tier_id":0,"_jetpack_memberships_contains_paywalled_content":false,"_jetpack_memberships_contains_paid_content":false,"footnotes":"","jetpack_publicize_message":"","jetpack_publicize_feature_enabled":true,"jetpack_social_post_already_shared":true,"jetpack_social_options":{"image_generator_settings":{"template":"highway","default_image_id":0,"font":"","enabled":false},"version":2}},"categories":[319,311],"tags":[348,317,407,341],"class_list":["post-10455","post","type-post","status-publish","format-standard","hentry","category-adlerbotschaft","category-predigten","tag-348","tag-adler","tag-september","tag-timotheus"],"yoast_head":"<!-- This site is optimized with the Yoast SEO plugin v27.4 - https:\/\/yoast.com\/product\/yoast-seo-wordpress\/ -->\n<title>Vor allen Dingen zuerst \u2026 - Erhardt Stiefel&#039;s Fundgrube<\/title>\n<meta name=\"robots\" content=\"index, follow, max-snippet:-1, max-image-preview:large, max-video-preview:-1\" \/>\n<link rel=\"canonical\" href=\"https:\/\/erhardt-stiefel.de\/index.php\/2025\/09\/01\/vor-allen-dingen-zuerst\/\" \/>\n<meta property=\"og:locale\" content=\"de_DE\" \/>\n<meta property=\"og:type\" content=\"article\" \/>\n<meta property=\"og:title\" content=\"Vor allen Dingen zuerst \u2026 - Erhardt Stiefel&#039;s Fundgrube\" \/>\n<meta property=\"og:description\" content=\"So ermahne ich nun, dass man vor allen Dingen zuerst tue Bitte, Gebet, F\u00fcrbitte und Danksagung f\u00fcr alle Menschen. 1. Tim. 2, 1 Es gibt Dinge, die wichtig sind und solche, die noch wichtiger sind und dann gibt es Dinge, die am allerwichtigsten sind. Was k\u00f6nnte das sein? Meine Zuh\u00f6rer dachten nach. &#8211; Was k\u00f6nnte &hellip; \u201eVor allen Dingen zuerst \u2026\u201c weiterlesen\" \/>\n<meta property=\"og:url\" content=\"https:\/\/erhardt-stiefel.de\/index.php\/2025\/09\/01\/vor-allen-dingen-zuerst\/\" \/>\n<meta property=\"og:site_name\" content=\"Erhardt Stiefel&#039;s Fundgrube\" \/>\n<meta property=\"article:published_time\" content=\"2025-09-01T06:59:53+00:00\" \/>\n<meta property=\"og:image\" content=\"https:\/\/erhardt-stiefel.de\/wp-content\/uploads\/2021\/09\/01.jpg\" \/>\n\t<meta property=\"og:image:width\" content=\"800\" \/>\n\t<meta property=\"og:image:height\" content=\"887\" \/>\n\t<meta property=\"og:image:type\" content=\"image\/jpeg\" \/>\n<meta name=\"author\" content=\"Erhardt\" \/>\n<meta name=\"twitter:card\" content=\"summary_large_image\" \/>\n<meta name=\"twitter:creator\" content=\"@erhardtstiefel77\" \/>\n<meta name=\"twitter:label1\" content=\"Geschrieben von\" \/>\n\t<meta name=\"twitter:data1\" content=\"Erhardt\" \/>\n\t<meta name=\"twitter:label2\" content=\"Gesch\u00e4tzte Lesezeit\" \/>\n\t<meta name=\"twitter:data2\" content=\"4\u00a0Minuten\" \/>\n<script type=\"application\/ld+json\" class=\"yoast-schema-graph\">{\"@context\":\"https:\\\/\\\/schema.org\",\"@graph\":[{\"@type\":\"Article\",\"@id\":\"https:\\\/\\\/erhardt-stiefel.de\\\/index.php\\\/2025\\\/09\\\/01\\\/vor-allen-dingen-zuerst\\\/#article\",\"isPartOf\":{\"@id\":\"https:\\\/\\\/erhardt-stiefel.de\\\/index.php\\\/2025\\\/09\\\/01\\\/vor-allen-dingen-zuerst\\\/\"},\"author\":{\"name\":\"Erhardt\",\"@id\":\"https:\\\/\\\/erhardt-stiefel.de\\\/#\\\/schema\\\/person\\\/623af879bb14c4ae6622ece81ec006ef\"},\"headline\":\"Vor allen Dingen zuerst \u2026\",\"datePublished\":\"2025-09-01T06:59:53+00:00\",\"mainEntityOfPage\":{\"@id\":\"https:\\\/\\\/erhardt-stiefel.de\\\/index.php\\\/2025\\\/09\\\/01\\\/vor-allen-dingen-zuerst\\\/\"},\"wordCount\":552,\"commentCount\":0,\"image\":{\"@id\":\"https:\\\/\\\/erhardt-stiefel.de\\\/index.php\\\/2025\\\/09\\\/01\\\/vor-allen-dingen-zuerst\\\/#primaryimage\"},\"thumbnailUrl\":\"https:\\\/\\\/erhardt-stiefel.de\\\/wp-content\\\/uploads\\\/2021\\\/09\\\/01.jpg\",\"keywords\":[\"***\",\"Adler\",\"September\",\"Timotheus\"],\"articleSection\":[\"Adlerbotschaft\",\"Predigten\"],\"inLanguage\":\"de\",\"potentialAction\":[{\"@type\":\"CommentAction\",\"name\":\"Comment\",\"target\":[\"https:\\\/\\\/erhardt-stiefel.de\\\/index.php\\\/2025\\\/09\\\/01\\\/vor-allen-dingen-zuerst\\\/#respond\"]}]},{\"@type\":\"WebPage\",\"@id\":\"https:\\\/\\\/erhardt-stiefel.de\\\/index.php\\\/2025\\\/09\\\/01\\\/vor-allen-dingen-zuerst\\\/\",\"url\":\"https:\\\/\\\/erhardt-stiefel.de\\\/index.php\\\/2025\\\/09\\\/01\\\/vor-allen-dingen-zuerst\\\/\",\"name\":\"Vor allen Dingen zuerst \u2026 - Erhardt Stiefel&#039;s Fundgrube\",\"isPartOf\":{\"@id\":\"https:\\\/\\\/erhardt-stiefel.de\\\/#website\"},\"primaryImageOfPage\":{\"@id\":\"https:\\\/\\\/erhardt-stiefel.de\\\/index.php\\\/2025\\\/09\\\/01\\\/vor-allen-dingen-zuerst\\\/#primaryimage\"},\"image\":{\"@id\":\"https:\\\/\\\/erhardt-stiefel.de\\\/index.php\\\/2025\\\/09\\\/01\\\/vor-allen-dingen-zuerst\\\/#primaryimage\"},\"thumbnailUrl\":\"https:\\\/\\\/erhardt-stiefel.de\\\/wp-content\\\/uploads\\\/2021\\\/09\\\/01.jpg\",\"datePublished\":\"2025-09-01T06:59:53+00:00\",\"author\":{\"@id\":\"https:\\\/\\\/erhardt-stiefel.de\\\/#\\\/schema\\\/person\\\/623af879bb14c4ae6622ece81ec006ef\"},\"breadcrumb\":{\"@id\":\"https:\\\/\\\/erhardt-stiefel.de\\\/index.php\\\/2025\\\/09\\\/01\\\/vor-allen-dingen-zuerst\\\/#breadcrumb\"},\"inLanguage\":\"de\",\"potentialAction\":[{\"@type\":\"ReadAction\",\"target\":[\"https:\\\/\\\/erhardt-stiefel.de\\\/index.php\\\/2025\\\/09\\\/01\\\/vor-allen-dingen-zuerst\\\/\"]}]},{\"@type\":\"ImageObject\",\"inLanguage\":\"de\",\"@id\":\"https:\\\/\\\/erhardt-stiefel.de\\\/index.php\\\/2025\\\/09\\\/01\\\/vor-allen-dingen-zuerst\\\/#primaryimage\",\"url\":\"https:\\\/\\\/erhardt-stiefel.de\\\/wp-content\\\/uploads\\\/2021\\\/09\\\/01.jpg\",\"contentUrl\":\"https:\\\/\\\/erhardt-stiefel.de\\\/wp-content\\\/uploads\\\/2021\\\/09\\\/01.jpg\",\"width\":800,\"height\":887},{\"@type\":\"BreadcrumbList\",\"@id\":\"https:\\\/\\\/erhardt-stiefel.de\\\/index.php\\\/2025\\\/09\\\/01\\\/vor-allen-dingen-zuerst\\\/#breadcrumb\",\"itemListElement\":[{\"@type\":\"ListItem\",\"position\":1,\"name\":\"Home\",\"item\":\"https:\\\/\\\/erhardt-stiefel.de\\\/\"},{\"@type\":\"ListItem\",\"position\":2,\"name\":\"Vor allen Dingen zuerst \u2026\"}]},{\"@type\":\"WebSite\",\"@id\":\"https:\\\/\\\/erhardt-stiefel.de\\\/#website\",\"url\":\"https:\\\/\\\/erhardt-stiefel.de\\\/\",\"name\":\"Erhardt Stiefel&#039;s Fundgrube\",\"description\":\"Erfahrungen mit CMS, Genealogie, Gott und der Welt - die ich sehr gerne mit dir teilen w\u00fcrde\",\"potentialAction\":[{\"@type\":\"SearchAction\",\"target\":{\"@type\":\"EntryPoint\",\"urlTemplate\":\"https:\\\/\\\/erhardt-stiefel.de\\\/?s={search_term_string}\"},\"query-input\":{\"@type\":\"PropertyValueSpecification\",\"valueRequired\":true,\"valueName\":\"search_term_string\"}}],\"inLanguage\":\"de\"},{\"@type\":\"Person\",\"@id\":\"https:\\\/\\\/erhardt-stiefel.de\\\/#\\\/schema\\\/person\\\/623af879bb14c4ae6622ece81ec006ef\",\"name\":\"Erhardt\",\"image\":{\"@type\":\"ImageObject\",\"inLanguage\":\"de\",\"@id\":\"https:\\\/\\\/secure.gravatar.com\\\/avatar\\\/086c9cb068fa330c15ed0aabfea0b66ecfa387fd1d6eb1a1a3b0a963becd7f74?s=96&d=mm&r=g\",\"url\":\"https:\\\/\\\/secure.gravatar.com\\\/avatar\\\/086c9cb068fa330c15ed0aabfea0b66ecfa387fd1d6eb1a1a3b0a963becd7f74?s=96&d=mm&r=g\",\"contentUrl\":\"https:\\\/\\\/secure.gravatar.com\\\/avatar\\\/086c9cb068fa330c15ed0aabfea0b66ecfa387fd1d6eb1a1a3b0a963becd7f74?s=96&d=mm&r=g\",\"caption\":\"Erhardt\"},\"sameAs\":[\"https:\\\/\\\/erhardt-stiefel.de\",\"https:\\\/\\\/x.com\\\/erhardtstiefel77\"],\"url\":\"https:\\\/\\\/erhardt-stiefel.de\\\/index.php\\\/author\\\/erhardt_stiefel\\\/\"}]}<\/script>\n<!-- \/ Yoast SEO plugin. -->","yoast_head_json":{"title":"Vor allen Dingen zuerst \u2026 - Erhardt Stiefel&#039;s Fundgrube","robots":{"index":"index","follow":"follow","max-snippet":"max-snippet:-1","max-image-preview":"max-image-preview:large","max-video-preview":"max-video-preview:-1"},"canonical":"https:\/\/erhardt-stiefel.de\/index.php\/2025\/09\/01\/vor-allen-dingen-zuerst\/","og_locale":"de_DE","og_type":"article","og_title":"Vor allen Dingen zuerst \u2026 - Erhardt Stiefel&#039;s Fundgrube","og_description":"So ermahne ich nun, dass man vor allen Dingen zuerst tue Bitte, Gebet, F\u00fcrbitte und Danksagung f\u00fcr alle Menschen. 1. Tim. 2, 1 Es gibt Dinge, die wichtig sind und solche, die noch wichtiger sind und dann gibt es Dinge, die am allerwichtigsten sind. Was k\u00f6nnte das sein? Meine Zuh\u00f6rer dachten nach. &#8211; Was k\u00f6nnte &hellip; \u201eVor allen Dingen zuerst \u2026\u201c weiterlesen","og_url":"https:\/\/erhardt-stiefel.de\/index.php\/2025\/09\/01\/vor-allen-dingen-zuerst\/","og_site_name":"Erhardt Stiefel&#039;s Fundgrube","article_published_time":"2025-09-01T06:59:53+00:00","og_image":[{"width":800,"height":887,"url":"https:\/\/erhardt-stiefel.de\/wp-content\/uploads\/2021\/09\/01.jpg","type":"image\/jpeg"}],"author":"Erhardt","twitter_card":"summary_large_image","twitter_creator":"@erhardtstiefel77","twitter_misc":{"Geschrieben von":"Erhardt","Gesch\u00e4tzte Lesezeit":"4\u00a0Minuten"},"schema":{"@context":"https:\/\/schema.org","@graph":[{"@type":"Article","@id":"https:\/\/erhardt-stiefel.de\/index.php\/2025\/09\/01\/vor-allen-dingen-zuerst\/#article","isPartOf":{"@id":"https:\/\/erhardt-stiefel.de\/index.php\/2025\/09\/01\/vor-allen-dingen-zuerst\/"},"author":{"name":"Erhardt","@id":"https:\/\/erhardt-stiefel.de\/#\/schema\/person\/623af879bb14c4ae6622ece81ec006ef"},"headline":"Vor allen Dingen zuerst \u2026","datePublished":"2025-09-01T06:59:53+00:00","mainEntityOfPage":{"@id":"https:\/\/erhardt-stiefel.de\/index.php\/2025\/09\/01\/vor-allen-dingen-zuerst\/"},"wordCount":552,"commentCount":0,"image":{"@id":"https:\/\/erhardt-stiefel.de\/index.php\/2025\/09\/01\/vor-allen-dingen-zuerst\/#primaryimage"},"thumbnailUrl":"https:\/\/erhardt-stiefel.de\/wp-content\/uploads\/2021\/09\/01.jpg","keywords":["***","Adler","September","Timotheus"],"articleSection":["Adlerbotschaft","Predigten"],"inLanguage":"de","potentialAction":[{"@type":"CommentAction","name":"Comment","target":["https:\/\/erhardt-stiefel.de\/index.php\/2025\/09\/01\/vor-allen-dingen-zuerst\/#respond"]}]},{"@type":"WebPage","@id":"https:\/\/erhardt-stiefel.de\/index.php\/2025\/09\/01\/vor-allen-dingen-zuerst\/","url":"https:\/\/erhardt-stiefel.de\/index.php\/2025\/09\/01\/vor-allen-dingen-zuerst\/","name":"Vor allen Dingen zuerst \u2026 - Erhardt Stiefel&#039;s Fundgrube","isPartOf":{"@id":"https:\/\/erhardt-stiefel.de\/#website"},"primaryImageOfPage":{"@id":"https:\/\/erhardt-stiefel.de\/index.php\/2025\/09\/01\/vor-allen-dingen-zuerst\/#primaryimage"},"image":{"@id":"https:\/\/erhardt-stiefel.de\/index.php\/2025\/09\/01\/vor-allen-dingen-zuerst\/#primaryimage"},"thumbnailUrl":"https:\/\/erhardt-stiefel.de\/wp-content\/uploads\/2021\/09\/01.jpg","datePublished":"2025-09-01T06:59:53+00:00","author":{"@id":"https:\/\/erhardt-stiefel.de\/#\/schema\/person\/623af879bb14c4ae6622ece81ec006ef"},"breadcrumb":{"@id":"https:\/\/erhardt-stiefel.de\/index.php\/2025\/09\/01\/vor-allen-dingen-zuerst\/#breadcrumb"},"inLanguage":"de","potentialAction":[{"@type":"ReadAction","target":["https:\/\/erhardt-stiefel.de\/index.php\/2025\/09\/01\/vor-allen-dingen-zuerst\/"]}]},{"@type":"ImageObject","inLanguage":"de","@id":"https:\/\/erhardt-stiefel.de\/index.php\/2025\/09\/01\/vor-allen-dingen-zuerst\/#primaryimage","url":"https:\/\/erhardt-stiefel.de\/wp-content\/uploads\/2021\/09\/01.jpg","contentUrl":"https:\/\/erhardt-stiefel.de\/wp-content\/uploads\/2021\/09\/01.jpg","width":800,"height":887},{"@type":"BreadcrumbList","@id":"https:\/\/erhardt-stiefel.de\/index.php\/2025\/09\/01\/vor-allen-dingen-zuerst\/#breadcrumb","itemListElement":[{"@type":"ListItem","position":1,"name":"Home","item":"https:\/\/erhardt-stiefel.de\/"},{"@type":"ListItem","position":2,"name":"Vor allen Dingen zuerst \u2026"}]},{"@type":"WebSite","@id":"https:\/\/erhardt-stiefel.de\/#website","url":"https:\/\/erhardt-stiefel.de\/","name":"Erhardt Stiefel&#039;s Fundgrube","description":"Erfahrungen mit CMS, Genealogie, Gott und der Welt - die ich sehr gerne mit dir teilen w\u00fcrde","potentialAction":[{"@type":"SearchAction","target":{"@type":"EntryPoint","urlTemplate":"https:\/\/erhardt-stiefel.de\/?s={search_term_string}"},"query-input":{"@type":"PropertyValueSpecification","valueRequired":true,"valueName":"search_term_string"}}],"inLanguage":"de"},{"@type":"Person","@id":"https:\/\/erhardt-stiefel.de\/#\/schema\/person\/623af879bb14c4ae6622ece81ec006ef","name":"Erhardt","image":{"@type":"ImageObject","inLanguage":"de","@id":"https:\/\/secure.gravatar.com\/avatar\/086c9cb068fa330c15ed0aabfea0b66ecfa387fd1d6eb1a1a3b0a963becd7f74?s=96&d=mm&r=g","url":"https:\/\/secure.gravatar.com\/avatar\/086c9cb068fa330c15ed0aabfea0b66ecfa387fd1d6eb1a1a3b0a963becd7f74?s=96&d=mm&r=g","contentUrl":"https:\/\/secure.gravatar.com\/avatar\/086c9cb068fa330c15ed0aabfea0b66ecfa387fd1d6eb1a1a3b0a963becd7f74?s=96&d=mm&r=g","caption":"Erhardt"},"sameAs":["https:\/\/erhardt-stiefel.de","https:\/\/x.com\/erhardtstiefel77"],"url":"https:\/\/erhardt-stiefel.de\/index.php\/author\/erhardt_stiefel\/"}]}},"jetpack_publicize_connections":[],"jetpack_featured_media_url":"","jetpack_sharing_enabled":true,"jetpack_shortlink":"https:\/\/wp.me\/paRlFh-2ID","_links":{"self":[{"href":"https:\/\/erhardt-stiefel.de\/index.php\/wp-json\/wp\/v2\/posts\/10455","targetHints":{"allow":["GET"]}}],"collection":[{"href":"https:\/\/erhardt-stiefel.de\/index.php\/wp-json\/wp\/v2\/posts"}],"about":[{"href":"https:\/\/erhardt-stiefel.de\/index.php\/wp-json\/wp\/v2\/types\/post"}],"author":[{"embeddable":true,"href":"https:\/\/erhardt-stiefel.de\/index.php\/wp-json\/wp\/v2\/users\/1"}],"replies":[{"embeddable":true,"href":"https:\/\/erhardt-stiefel.de\/index.php\/wp-json\/wp\/v2\/comments?post=10455"}],"version-history":[{"count":1,"href":"https:\/\/erhardt-stiefel.de\/index.php\/wp-json\/wp\/v2\/posts\/10455\/revisions"}],"predecessor-version":[{"id":10456,"href":"https:\/\/erhardt-stiefel.de\/index.php\/wp-json\/wp\/v2\/posts\/10455\/revisions\/10456"}],"wp:attachment":[{"href":"https:\/\/erhardt-stiefel.de\/index.php\/wp-json\/wp\/v2\/media?parent=10455"}],"wp:term":[{"taxonomy":"category","embeddable":true,"href":"https:\/\/erhardt-stiefel.de\/index.php\/wp-json\/wp\/v2\/categories?post=10455"},{"taxonomy":"post_tag","embeddable":true,"href":"https:\/\/erhardt-stiefel.de\/index.php\/wp-json\/wp\/v2\/tags?post=10455"}],"curies":[{"name":"wp","href":"https:\/\/api.w.org\/{rel}","templated":true}]}}