{"id":10580,"date":"2025-10-10T10:37:33","date_gmt":"2025-10-10T08:37:33","guid":{"rendered":"https:\/\/erhardt-stiefel.de\/?p=10580"},"modified":"2025-10-10T10:37:33","modified_gmt":"2025-10-10T08:37:33","slug":"thats-my-god","status":"publish","type":"post","link":"https:\/\/erhardt-stiefel.de\/index.php\/2025\/10\/10\/thats-my-god\/","title":{"rendered":"\u201eThat\u2019s my God\u201c"},"content":{"rendered":"<p><img loading=\"lazy\" decoding=\"async\" class=\"aligncenter size-full wp-image-5532\" src=\"https:\/\/erhardt-stiefel.de\/wp-content\/uploads\/2021\/10\/10.jpg\" alt=\"\" width=\"800\" height=\"887\" srcset=\"https:\/\/erhardt-stiefel.de\/wp-content\/uploads\/2021\/10\/10.jpg 800w, https:\/\/erhardt-stiefel.de\/wp-content\/uploads\/2021\/10\/10-271x300.jpg 271w, https:\/\/erhardt-stiefel.de\/wp-content\/uploads\/2021\/10\/10-768x852.jpg 768w\" sizes=\"auto, (max-width: 767px) 89vw, (max-width: 1000px) 54vw, (max-width: 1071px) 543px, 580px\" \/><\/p>\n<p><strong>Thomas antwortete und sprach zu ihm: Mein Herr und mein Gott! Spricht Jesus zu ihm: Weil du mich gesehen hast, Thomas, so glaubst du. Selig sind, die nicht sehen und doch glauben. <span style=\"color: #0000ff;\"><a style=\"color: #0000ff;\" href=\"https:\/\/www.bibleserver.com\/LUT\/Johannes20%2C28-29\" target=\"_blank\" rel=\"noopener noreferrer nofollow\">Johannes 20, 28-29<\/a><\/span><\/strong><\/p>\n<p>1953 wurde Elisabeth II. gekr\u00f6nt. Jetzt war sie K\u00f6nigin von Gro\u00dfbritannien und all den Dominien, die einst das Britische Weltreich ausmachten und ein Viertel der Landmasse der Erde bedeckten. Mit allem nur denkbaren Pomp und mit der allergr\u00f6\u00dften Feierlichkeit fand die Kr\u00f6nungszeremonie in der Westminster Abbey statt. Der gr\u00f6\u00dfte Brillant der Erde schm\u00fcckte ihr Zepter, die Edwardskrone prangte auf ihrem Haupt und alles, was Rang und Namen in der Welt hatte, war versammelt. Oben, auf der Empore sa\u00df ihr vierj\u00e4hriger Sohn Charles und blickte auf das Schauspiel herab. Als er die K\u00f6nigin dort in all ihrer Herrlichkeit auf dem Kr\u00f6nungsstuhl sitzen sah, rief er laut: \u201eThat\u00b4s my mother!\u201c Das ist meine Mutter!<\/p>\n<p>Dieser Satz ist in die Geschichte eingegangen. Kein Wunder, er wurde ja nicht von irgendjemandem ausgesprochen, sondern vom Sohn der K\u00f6nigin und ihm stand es zu, so zu sprechen.<!--more--><\/p>\n<p>\u00c4hnlich muss es dem Thomas ergangen sein. Eben noch zweifelte er, ob Jesus wirklich auferstanden war und sich den J\u00fcngern offenbart hatte, und jetzt erschien er ihm pers\u00f6nlich, zeigte ihm seine H\u00e4nde und Wunden und bat ihn sogar, seine H\u00e4nde in die Wunden zu legen.<\/p>\n<p>\u00dcberw\u00e4ltigt vor Freude rief er aus: \u201eMein Herr und mein Gott!\u201c Eine neue Sicht von seinem Herrn war entstanden.<\/p>\n<p>In seinen Augen war er ab jetzt der Herr \u00fcber Tod und Leben und nun wird ihm nichts mehr unm\u00f6glich sein. Vorher hatte der Tod das letzte Wort, jetzt hat es der Herr und kann sagen: <em>Mir ist gegeben alle Gewalt im Himmel und auf Erden. <\/em>Grund genug ihn anzubeten und Gott zu nennen und sich in seinen Dienst zu stellen. Thomas ging sp\u00e4ter nach Indien, um auf diesem Subkontinent seinem Herrn zu dienen. Als ich in Madras war, entdeckte ich neben unz\u00e4hligen Tempeln auch eine pr\u00e4chtige Kirche. Hier fand ich eine gro\u00dfe Gedenktafel, die auf Thomas hinwies und seine Taten geb\u00fchrend w\u00fcrdigte. Unweit dieser Kirche befindet sich seine Grabst\u00e4tte, in der er als M\u00e4rtyrer beerdigt wurde. Jesus sagt, dass die selig sind, die nicht sehen und doch glauben. Was hat er damit gemeint? Sollen wir unser Vertrauen auf \u00dcberlieferungen setzen oder auf Tradition und Sakramente?<\/p>\n<p>Es kann nicht gen\u00fcgen, sein Vertrauen auf \u00dcberlieferungen zu gr\u00fcnden. Die n\u00e4chste Versuchung oder der n\u00e4chste Schicksalsschlag w\u00fcrden es zum Einsturz bringen, das hat die Geschichte tausendfach bewiesen. Christlicher Glaube ist mehr als eine Lehre, es handelt sich um eine Person, die lebt und sich auch heute noch als der Lebendige beweisen m\u00f6chte. Jesus sagt: <em>Wer mich von Herzen suchen wird, dem werde ich mich offenbaren und zu ihm kommen und Wohnung bei ihm machen. <\/em><a href=\"https:\/\/www.bibleserver.com\/LUT\/Johannes14%2C23\" target=\"_blank\" rel=\"noopener noreferrer nofollow\"><span style=\"color: #0000ff;\">Joh. 14, 23<\/span><\/a>.<\/p>\n<p>Es gibt ein altes Kirchenlied, das ich gerne sang. Dort hei\u00dft es: \u201eDu hast dich mir geoffenbart, o Herr in gro\u00dfer Huld; du tr\u00e4gst als Hirte mich so zart in liebender Geduld. Drum bete ich dich an, mein Gott, ich bete an, aus tiefstem Herzen wie ich kann, bet\u2019 ich dich, Jesus, an\u201c.<\/p>\n<p>Dann k\u00f6nnen wir am Tag der Kr\u00f6nung unseres K\u00f6nigs sagen: \u201eThat\u2019s my God\u201c, &#8211; das ist mein Gott, ich bin sein Kind.<\/p>\n","protected":false},"excerpt":{"rendered":"<p>Thomas antwortete und sprach zu ihm: Mein Herr und mein Gott! Spricht Jesus zu ihm: Weil du mich gesehen hast, Thomas, so glaubst du. Selig sind, die nicht sehen und doch glauben. Johannes 20, 28-29 1953 wurde Elisabeth II. gekr\u00f6nt. Jetzt war sie K\u00f6nigin von Gro\u00dfbritannien und all den Dominien, die einst das Britische Weltreich &hellip; <\/p>\n<p class=\"link-more\"><a href=\"https:\/\/erhardt-stiefel.de\/index.php\/2025\/10\/10\/thats-my-god\/\" class=\"more-link\"><span class=\"screen-reader-text\">\u201e\u201eThat\u2019s my God\u201c\u201c<\/span> weiterlesen<\/a><\/p>\n","protected":false},"author":1,"featured_media":0,"comment_status":"open","ping_status":"closed","sticky":false,"template":"","format":"standard","meta":{"_exactmetrics_skip_tracking":false,"_exactmetrics_sitenote_active":false,"_exactmetrics_sitenote_note":"","_exactmetrics_sitenote_category":0,"ngg_post_thumbnail":0,"jetpack_post_was_ever_published":false,"_jetpack_newsletter_access":"","_jetpack_dont_email_post_to_subs":false,"_jetpack_newsletter_tier_id":0,"_jetpack_memberships_contains_paywalled_content":false,"_jetpack_memberships_contains_paid_content":false,"footnotes":"","jetpack_publicize_message":"","jetpack_publicize_feature_enabled":true,"jetpack_social_post_already_shared":true,"jetpack_social_options":{"image_generator_settings":{"template":"highway","default_image_id":0,"font":"","enabled":false},"version":2}},"categories":[319,311],"tags":[348,317,344,410],"class_list":["post-10580","post","type-post","status-publish","format-standard","hentry","category-adlerbotschaft","category-predigten","tag-348","tag-adler","tag-johannes","tag-oktober"],"yoast_head":"<!-- This site is optimized with the Yoast SEO plugin v27.5 - https:\/\/yoast.com\/product\/yoast-seo-wordpress\/ -->\n<title>\u201eThat\u2019s my God\u201c - Erhardt Stiefel&#039;s Fundgrube<\/title>\n<meta name=\"robots\" content=\"index, follow, max-snippet:-1, max-image-preview:large, max-video-preview:-1\" \/>\n<link rel=\"canonical\" href=\"https:\/\/erhardt-stiefel.de\/index.php\/2025\/10\/10\/thats-my-god\/\" \/>\n<meta property=\"og:locale\" content=\"de_DE\" \/>\n<meta property=\"og:type\" content=\"article\" \/>\n<meta property=\"og:title\" content=\"\u201eThat\u2019s my God\u201c - Erhardt Stiefel&#039;s Fundgrube\" \/>\n<meta property=\"og:description\" content=\"Thomas antwortete und sprach zu ihm: Mein Herr und mein Gott! Spricht Jesus zu ihm: Weil du mich gesehen hast, Thomas, so glaubst du. Selig sind, die nicht sehen und doch glauben. Johannes 20, 28-29 1953 wurde Elisabeth II. gekr\u00f6nt. Jetzt war sie K\u00f6nigin von Gro\u00dfbritannien und all den Dominien, die einst das Britische Weltreich &hellip; \u201e\u201eThat\u2019s my God\u201c\u201c weiterlesen\" \/>\n<meta property=\"og:url\" content=\"https:\/\/erhardt-stiefel.de\/index.php\/2025\/10\/10\/thats-my-god\/\" \/>\n<meta property=\"og:site_name\" content=\"Erhardt Stiefel&#039;s Fundgrube\" \/>\n<meta property=\"article:published_time\" content=\"2025-10-10T08:37:33+00:00\" \/>\n<meta property=\"og:image\" content=\"https:\/\/erhardt-stiefel.de\/wp-content\/uploads\/2021\/10\/10.jpg\" \/>\n\t<meta property=\"og:image:width\" content=\"800\" \/>\n\t<meta property=\"og:image:height\" content=\"887\" \/>\n\t<meta property=\"og:image:type\" content=\"image\/jpeg\" \/>\n<meta name=\"author\" content=\"Erhardt\" \/>\n<meta name=\"twitter:card\" content=\"summary_large_image\" \/>\n<meta name=\"twitter:creator\" content=\"@erhardtstiefel77\" \/>\n<meta name=\"twitter:label1\" content=\"Geschrieben von\" \/>\n\t<meta name=\"twitter:data1\" content=\"Erhardt\" \/>\n\t<meta name=\"twitter:label2\" content=\"Gesch\u00e4tzte Lesezeit\" \/>\n\t<meta name=\"twitter:data2\" content=\"4\u00a0Minuten\" \/>\n<script type=\"application\/ld+json\" class=\"yoast-schema-graph\">{\"@context\":\"https:\\\/\\\/schema.org\",\"@graph\":[{\"@type\":\"Article\",\"@id\":\"https:\\\/\\\/erhardt-stiefel.de\\\/index.php\\\/2025\\\/10\\\/10\\\/thats-my-god\\\/#article\",\"isPartOf\":{\"@id\":\"https:\\\/\\\/erhardt-stiefel.de\\\/index.php\\\/2025\\\/10\\\/10\\\/thats-my-god\\\/\"},\"author\":{\"name\":\"Erhardt\",\"@id\":\"https:\\\/\\\/erhardt-stiefel.de\\\/#\\\/schema\\\/person\\\/623af879bb14c4ae6622ece81ec006ef\"},\"headline\":\"\u201eThat\u2019s my God\u201c\",\"datePublished\":\"2025-10-10T08:37:33+00:00\",\"mainEntityOfPage\":{\"@id\":\"https:\\\/\\\/erhardt-stiefel.de\\\/index.php\\\/2025\\\/10\\\/10\\\/thats-my-god\\\/\"},\"wordCount\":578,\"commentCount\":0,\"image\":{\"@id\":\"https:\\\/\\\/erhardt-stiefel.de\\\/index.php\\\/2025\\\/10\\\/10\\\/thats-my-god\\\/#primaryimage\"},\"thumbnailUrl\":\"https:\\\/\\\/erhardt-stiefel.de\\\/wp-content\\\/uploads\\\/2021\\\/10\\\/10.jpg\",\"keywords\":[\"***\",\"Adler\",\"Johannes\",\"Oktober\"],\"articleSection\":[\"Adlerbotschaft\",\"Predigten\"],\"inLanguage\":\"de\",\"potentialAction\":[{\"@type\":\"CommentAction\",\"name\":\"Comment\",\"target\":[\"https:\\\/\\\/erhardt-stiefel.de\\\/index.php\\\/2025\\\/10\\\/10\\\/thats-my-god\\\/#respond\"]}]},{\"@type\":\"WebPage\",\"@id\":\"https:\\\/\\\/erhardt-stiefel.de\\\/index.php\\\/2025\\\/10\\\/10\\\/thats-my-god\\\/\",\"url\":\"https:\\\/\\\/erhardt-stiefel.de\\\/index.php\\\/2025\\\/10\\\/10\\\/thats-my-god\\\/\",\"name\":\"\u201eThat\u2019s my God\u201c - Erhardt Stiefel&#039;s Fundgrube\",\"isPartOf\":{\"@id\":\"https:\\\/\\\/erhardt-stiefel.de\\\/#website\"},\"primaryImageOfPage\":{\"@id\":\"https:\\\/\\\/erhardt-stiefel.de\\\/index.php\\\/2025\\\/10\\\/10\\\/thats-my-god\\\/#primaryimage\"},\"image\":{\"@id\":\"https:\\\/\\\/erhardt-stiefel.de\\\/index.php\\\/2025\\\/10\\\/10\\\/thats-my-god\\\/#primaryimage\"},\"thumbnailUrl\":\"https:\\\/\\\/erhardt-stiefel.de\\\/wp-content\\\/uploads\\\/2021\\\/10\\\/10.jpg\",\"datePublished\":\"2025-10-10T08:37:33+00:00\",\"author\":{\"@id\":\"https:\\\/\\\/erhardt-stiefel.de\\\/#\\\/schema\\\/person\\\/623af879bb14c4ae6622ece81ec006ef\"},\"breadcrumb\":{\"@id\":\"https:\\\/\\\/erhardt-stiefel.de\\\/index.php\\\/2025\\\/10\\\/10\\\/thats-my-god\\\/#breadcrumb\"},\"inLanguage\":\"de\",\"potentialAction\":[{\"@type\":\"ReadAction\",\"target\":[\"https:\\\/\\\/erhardt-stiefel.de\\\/index.php\\\/2025\\\/10\\\/10\\\/thats-my-god\\\/\"]}]},{\"@type\":\"ImageObject\",\"inLanguage\":\"de\",\"@id\":\"https:\\\/\\\/erhardt-stiefel.de\\\/index.php\\\/2025\\\/10\\\/10\\\/thats-my-god\\\/#primaryimage\",\"url\":\"https:\\\/\\\/erhardt-stiefel.de\\\/wp-content\\\/uploads\\\/2021\\\/10\\\/10.jpg\",\"contentUrl\":\"https:\\\/\\\/erhardt-stiefel.de\\\/wp-content\\\/uploads\\\/2021\\\/10\\\/10.jpg\",\"width\":800,\"height\":887},{\"@type\":\"BreadcrumbList\",\"@id\":\"https:\\\/\\\/erhardt-stiefel.de\\\/index.php\\\/2025\\\/10\\\/10\\\/thats-my-god\\\/#breadcrumb\",\"itemListElement\":[{\"@type\":\"ListItem\",\"position\":1,\"name\":\"Home\",\"item\":\"https:\\\/\\\/erhardt-stiefel.de\\\/\"},{\"@type\":\"ListItem\",\"position\":2,\"name\":\"\u201eThat\u2019s my God\u201c\"}]},{\"@type\":\"WebSite\",\"@id\":\"https:\\\/\\\/erhardt-stiefel.de\\\/#website\",\"url\":\"https:\\\/\\\/erhardt-stiefel.de\\\/\",\"name\":\"Erhardt Stiefel&#039;s Fundgrube\",\"description\":\"Erfahrungen mit CMS, Genealogie, Gott und der Welt - die ich sehr gerne mit dir teilen w\u00fcrde\",\"potentialAction\":[{\"@type\":\"SearchAction\",\"target\":{\"@type\":\"EntryPoint\",\"urlTemplate\":\"https:\\\/\\\/erhardt-stiefel.de\\\/?s={search_term_string}\"},\"query-input\":{\"@type\":\"PropertyValueSpecification\",\"valueRequired\":true,\"valueName\":\"search_term_string\"}}],\"inLanguage\":\"de\"},{\"@type\":\"Person\",\"@id\":\"https:\\\/\\\/erhardt-stiefel.de\\\/#\\\/schema\\\/person\\\/623af879bb14c4ae6622ece81ec006ef\",\"name\":\"Erhardt\",\"image\":{\"@type\":\"ImageObject\",\"inLanguage\":\"de\",\"@id\":\"https:\\\/\\\/secure.gravatar.com\\\/avatar\\\/086c9cb068fa330c15ed0aabfea0b66ecfa387fd1d6eb1a1a3b0a963becd7f74?s=96&d=mm&r=g\",\"url\":\"https:\\\/\\\/secure.gravatar.com\\\/avatar\\\/086c9cb068fa330c15ed0aabfea0b66ecfa387fd1d6eb1a1a3b0a963becd7f74?s=96&d=mm&r=g\",\"contentUrl\":\"https:\\\/\\\/secure.gravatar.com\\\/avatar\\\/086c9cb068fa330c15ed0aabfea0b66ecfa387fd1d6eb1a1a3b0a963becd7f74?s=96&d=mm&r=g\",\"caption\":\"Erhardt\"},\"sameAs\":[\"https:\\\/\\\/erhardt-stiefel.de\",\"https:\\\/\\\/x.com\\\/erhardtstiefel77\"],\"url\":\"https:\\\/\\\/erhardt-stiefel.de\\\/index.php\\\/author\\\/erhardt_stiefel\\\/\"}]}<\/script>\n<!-- \/ Yoast SEO plugin. -->","yoast_head_json":{"title":"\u201eThat\u2019s my God\u201c - Erhardt Stiefel&#039;s Fundgrube","robots":{"index":"index","follow":"follow","max-snippet":"max-snippet:-1","max-image-preview":"max-image-preview:large","max-video-preview":"max-video-preview:-1"},"canonical":"https:\/\/erhardt-stiefel.de\/index.php\/2025\/10\/10\/thats-my-god\/","og_locale":"de_DE","og_type":"article","og_title":"\u201eThat\u2019s my God\u201c - Erhardt Stiefel&#039;s Fundgrube","og_description":"Thomas antwortete und sprach zu ihm: Mein Herr und mein Gott! Spricht Jesus zu ihm: Weil du mich gesehen hast, Thomas, so glaubst du. Selig sind, die nicht sehen und doch glauben. Johannes 20, 28-29 1953 wurde Elisabeth II. gekr\u00f6nt. Jetzt war sie K\u00f6nigin von Gro\u00dfbritannien und all den Dominien, die einst das Britische Weltreich &hellip; \u201e\u201eThat\u2019s my God\u201c\u201c weiterlesen","og_url":"https:\/\/erhardt-stiefel.de\/index.php\/2025\/10\/10\/thats-my-god\/","og_site_name":"Erhardt Stiefel&#039;s Fundgrube","article_published_time":"2025-10-10T08:37:33+00:00","og_image":[{"width":800,"height":887,"url":"https:\/\/erhardt-stiefel.de\/wp-content\/uploads\/2021\/10\/10.jpg","type":"image\/jpeg"}],"author":"Erhardt","twitter_card":"summary_large_image","twitter_creator":"@erhardtstiefel77","twitter_misc":{"Geschrieben von":"Erhardt","Gesch\u00e4tzte Lesezeit":"4\u00a0Minuten"},"schema":{"@context":"https:\/\/schema.org","@graph":[{"@type":"Article","@id":"https:\/\/erhardt-stiefel.de\/index.php\/2025\/10\/10\/thats-my-god\/#article","isPartOf":{"@id":"https:\/\/erhardt-stiefel.de\/index.php\/2025\/10\/10\/thats-my-god\/"},"author":{"name":"Erhardt","@id":"https:\/\/erhardt-stiefel.de\/#\/schema\/person\/623af879bb14c4ae6622ece81ec006ef"},"headline":"\u201eThat\u2019s my God\u201c","datePublished":"2025-10-10T08:37:33+00:00","mainEntityOfPage":{"@id":"https:\/\/erhardt-stiefel.de\/index.php\/2025\/10\/10\/thats-my-god\/"},"wordCount":578,"commentCount":0,"image":{"@id":"https:\/\/erhardt-stiefel.de\/index.php\/2025\/10\/10\/thats-my-god\/#primaryimage"},"thumbnailUrl":"https:\/\/erhardt-stiefel.de\/wp-content\/uploads\/2021\/10\/10.jpg","keywords":["***","Adler","Johannes","Oktober"],"articleSection":["Adlerbotschaft","Predigten"],"inLanguage":"de","potentialAction":[{"@type":"CommentAction","name":"Comment","target":["https:\/\/erhardt-stiefel.de\/index.php\/2025\/10\/10\/thats-my-god\/#respond"]}]},{"@type":"WebPage","@id":"https:\/\/erhardt-stiefel.de\/index.php\/2025\/10\/10\/thats-my-god\/","url":"https:\/\/erhardt-stiefel.de\/index.php\/2025\/10\/10\/thats-my-god\/","name":"\u201eThat\u2019s my God\u201c - Erhardt Stiefel&#039;s Fundgrube","isPartOf":{"@id":"https:\/\/erhardt-stiefel.de\/#website"},"primaryImageOfPage":{"@id":"https:\/\/erhardt-stiefel.de\/index.php\/2025\/10\/10\/thats-my-god\/#primaryimage"},"image":{"@id":"https:\/\/erhardt-stiefel.de\/index.php\/2025\/10\/10\/thats-my-god\/#primaryimage"},"thumbnailUrl":"https:\/\/erhardt-stiefel.de\/wp-content\/uploads\/2021\/10\/10.jpg","datePublished":"2025-10-10T08:37:33+00:00","author":{"@id":"https:\/\/erhardt-stiefel.de\/#\/schema\/person\/623af879bb14c4ae6622ece81ec006ef"},"breadcrumb":{"@id":"https:\/\/erhardt-stiefel.de\/index.php\/2025\/10\/10\/thats-my-god\/#breadcrumb"},"inLanguage":"de","potentialAction":[{"@type":"ReadAction","target":["https:\/\/erhardt-stiefel.de\/index.php\/2025\/10\/10\/thats-my-god\/"]}]},{"@type":"ImageObject","inLanguage":"de","@id":"https:\/\/erhardt-stiefel.de\/index.php\/2025\/10\/10\/thats-my-god\/#primaryimage","url":"https:\/\/erhardt-stiefel.de\/wp-content\/uploads\/2021\/10\/10.jpg","contentUrl":"https:\/\/erhardt-stiefel.de\/wp-content\/uploads\/2021\/10\/10.jpg","width":800,"height":887},{"@type":"BreadcrumbList","@id":"https:\/\/erhardt-stiefel.de\/index.php\/2025\/10\/10\/thats-my-god\/#breadcrumb","itemListElement":[{"@type":"ListItem","position":1,"name":"Home","item":"https:\/\/erhardt-stiefel.de\/"},{"@type":"ListItem","position":2,"name":"\u201eThat\u2019s my God\u201c"}]},{"@type":"WebSite","@id":"https:\/\/erhardt-stiefel.de\/#website","url":"https:\/\/erhardt-stiefel.de\/","name":"Erhardt Stiefel&#039;s Fundgrube","description":"Erfahrungen mit CMS, Genealogie, Gott und der Welt - die ich sehr gerne mit dir teilen w\u00fcrde","potentialAction":[{"@type":"SearchAction","target":{"@type":"EntryPoint","urlTemplate":"https:\/\/erhardt-stiefel.de\/?s={search_term_string}"},"query-input":{"@type":"PropertyValueSpecification","valueRequired":true,"valueName":"search_term_string"}}],"inLanguage":"de"},{"@type":"Person","@id":"https:\/\/erhardt-stiefel.de\/#\/schema\/person\/623af879bb14c4ae6622ece81ec006ef","name":"Erhardt","image":{"@type":"ImageObject","inLanguage":"de","@id":"https:\/\/secure.gravatar.com\/avatar\/086c9cb068fa330c15ed0aabfea0b66ecfa387fd1d6eb1a1a3b0a963becd7f74?s=96&d=mm&r=g","url":"https:\/\/secure.gravatar.com\/avatar\/086c9cb068fa330c15ed0aabfea0b66ecfa387fd1d6eb1a1a3b0a963becd7f74?s=96&d=mm&r=g","contentUrl":"https:\/\/secure.gravatar.com\/avatar\/086c9cb068fa330c15ed0aabfea0b66ecfa387fd1d6eb1a1a3b0a963becd7f74?s=96&d=mm&r=g","caption":"Erhardt"},"sameAs":["https:\/\/erhardt-stiefel.de","https:\/\/x.com\/erhardtstiefel77"],"url":"https:\/\/erhardt-stiefel.de\/index.php\/author\/erhardt_stiefel\/"}]}},"jetpack_publicize_connections":[],"jetpack_featured_media_url":"","jetpack_sharing_enabled":true,"jetpack_shortlink":"https:\/\/wp.me\/paRlFh-2KE","_links":{"self":[{"href":"https:\/\/erhardt-stiefel.de\/index.php\/wp-json\/wp\/v2\/posts\/10580","targetHints":{"allow":["GET"]}}],"collection":[{"href":"https:\/\/erhardt-stiefel.de\/index.php\/wp-json\/wp\/v2\/posts"}],"about":[{"href":"https:\/\/erhardt-stiefel.de\/index.php\/wp-json\/wp\/v2\/types\/post"}],"author":[{"embeddable":true,"href":"https:\/\/erhardt-stiefel.de\/index.php\/wp-json\/wp\/v2\/users\/1"}],"replies":[{"embeddable":true,"href":"https:\/\/erhardt-stiefel.de\/index.php\/wp-json\/wp\/v2\/comments?post=10580"}],"version-history":[{"count":1,"href":"https:\/\/erhardt-stiefel.de\/index.php\/wp-json\/wp\/v2\/posts\/10580\/revisions"}],"predecessor-version":[{"id":10581,"href":"https:\/\/erhardt-stiefel.de\/index.php\/wp-json\/wp\/v2\/posts\/10580\/revisions\/10581"}],"wp:attachment":[{"href":"https:\/\/erhardt-stiefel.de\/index.php\/wp-json\/wp\/v2\/media?parent=10580"}],"wp:term":[{"taxonomy":"category","embeddable":true,"href":"https:\/\/erhardt-stiefel.de\/index.php\/wp-json\/wp\/v2\/categories?post=10580"},{"taxonomy":"post_tag","embeddable":true,"href":"https:\/\/erhardt-stiefel.de\/index.php\/wp-json\/wp\/v2\/tags?post=10580"}],"curies":[{"name":"wp","href":"https:\/\/api.w.org\/{rel}","templated":true}]}}