{"id":10871,"date":"2026-01-22T11:06:12","date_gmt":"2026-01-22T10:06:12","guid":{"rendered":"https:\/\/erhardt-stiefel.de\/?p=10871"},"modified":"2026-01-22T11:06:12","modified_gmt":"2026-01-22T10:06:12","slug":"zeit-richtig-nutzen-2","status":"publish","type":"post","link":"https:\/\/erhardt-stiefel.de\/index.php\/2026\/01\/22\/zeit-richtig-nutzen-2\/","title":{"rendered":"Zeit richtig nutzen"},"content":{"rendered":"<p><img loading=\"lazy\" decoding=\"async\" class=\"aligncenter size-full wp-image-4200\" src=\"https:\/\/erhardt-stiefel.de\/wp-content\/uploads\/2021\/01\/22.jpg\" alt=\"\" width=\"800\" height=\"887\" srcset=\"https:\/\/erhardt-stiefel.de\/wp-content\/uploads\/2021\/01\/22.jpg 800w, https:\/\/erhardt-stiefel.de\/wp-content\/uploads\/2021\/01\/22-271x300.jpg 271w, https:\/\/erhardt-stiefel.de\/wp-content\/uploads\/2021\/01\/22-768x852.jpg 768w\" sizes=\"auto, (max-width: 767px) 89vw, (max-width: 1000px) 54vw, (max-width: 1071px) 543px, 580px\" \/><\/p>\n<p><strong>Kaufet die Zeit aus; denn es ist b\u00f6se Zeit. <a href=\"https:\/\/www.bibleserver.com\/LUT\/Epheser5%2C16\" target=\"_blank\" rel=\"noopener noreferrer nofollow\"><span style=\"color: #0000ff;\">Epheser 5, 16<\/span><\/a><\/strong><\/p>\n<p>Eine der kostbarsten Gaben, die Gott uns t\u00e4glich zur Verf\u00fcgung stellt, ist die Zeit.&nbsp; Gott hat jedem ein gewisses Ma\u00df an Zeit geschenkt. Jeder Tag hat 24 Stunden und jeden Tag gibt es nur einmal. Zeit, die wir ungenutzt lassen, haben wir achtlos zum Fenster hinausgeworfen. Sie kommt niemals mehr zur\u00fcck. Wer nicht wei\u00df, warum er auf dieser Welt ist, woher er gekommen ist und wohin die Reise geht, der wird mit Sicherheit mit seiner kostbaren Zeit anders umgehen als einer, der sein Ziel darin sieht, die Ewigkeit in Gemeinschaft mit Gott zu verbringen.<!--more--><\/p>\n<p>F\u00fcr Gott genutzte Zeit ist immer eine Investition in die Ewigkeit. Wir werden unsere Taten wiederfinden, die wir f\u00fcr Gott getan haben und diese werden f\u00fcr immer unser Lohn sein.&nbsp; Als ich noch im Berufsleben stand, begann meine Arbeitszeit p\u00fcnktlich um 7 Uhr. Am Eingang der Firma befand sich eine Stechuhr, daneben hatte jeder Mitarbeiter seine Stechkarte. Diese wurde gestempelt als Nachweis, ob und wann wer gekommen war. Am Wochenende wurden alle Vers\u00e4umnisse unerbittlich aufgezeigt und der Lohn entsprechend gezahlt.<\/p>\n<p>Das liegt viele Jahre zur\u00fcck. Nach dem Studium trat ich in den geistlichen Dienst. Eine Gemeinde hatte mich gerufen, ihr Pastor zu sein. Hier gab es weder eine Stechuhr noch wurden Vers\u00e4umnisse irgendwo in der Gehaltszahlung sichtbar. Niemand war da, der mir gesagt h\u00e4tte, wann ich aufstehen m\u00fcsse oder wann ich mit der Arbeit zu beginnen h\u00e4tte. Eigentlich eine tolle Sache! \u2013 Niemand kontrollierte mich. &#8211; Man vertraute mir bedingungslos. Die Gemeinde ern\u00e4hrte mich, ob ich flei\u00dfig war oder nicht.<\/p>\n<p>Ich bin tief beeindruckt wie Paulus seine Zeit in Ephesus verbrachte. Er gab den \u00c4ltesten einen Rechenschaftsbericht und sagte<em>: Darum seid wachsam und denket daran, dass ich nicht abgelassen habe drei Jahre, Tag und Nacht, einen jeglichen mit Tr\u00e4nen zu vermahnen. Ich&nbsp; habe von niemand unter&nbsp;euch&nbsp; Silber<\/em> <em>oder Gold oder Kleidung begehrt. Denn ihr wisset selber, dass mir die H\u00e4nde zum Unterhalt gedient haben f\u00fcr mich und die, die mit mir gewesen sind. Ich habe euch in allen St\u00fccken gezeigt, dass man so arbeiten und sich der Schwachen annehmen m\u00fcsse und gedenken an das Wort des Herrn Jesus, da er gesagt hat: Geben ist seliger als nehmen.<\/em> <a href=\"https:\/\/www.bibleserver.com\/LUT\/Apostelgeschichte20%2C31\" target=\"_blank\" rel=\"noopener noreferrer nofollow\"><span style=\"color: #0000ff;\">Apg. 20, 31-35<\/span><\/a><\/p>\n<p>Wer seine Zeit nicht richtig nutzt, mu\u00df damit rechnen, dass ihn die Armut \u00fcberf\u00e4llt wie ein R\u00e4uber und der Mangel wie ein gewappneter Mann.<span style=\"color: #0000ff;\"><a style=\"color: #0000ff;\" href=\"https:\/\/www.bibleserver.com\/LUT\/Spr%C3%BCche6%2C11\" target=\"_blank\" rel=\"noopener noreferrer nofollow\"> Spr. 6, 11<\/a><\/span>. Die Gemeinde wird es bald merken, ob wir in unseren Dienst hineininvestiert haben oder nicht, ob wir bei der Predigt aus dem Vollen sch\u00f6pfen oder die \u201eSuppe\u201c mit Wasser verd\u00fcnnt haben.<\/p>\n<p>Niemand hat das Recht, auf Kosten anderer ein gutes Leben zu f\u00fchren. Wer nicht immer wieder frisches \u00d6l nachf\u00fcllt, muss in Kauf nehmen, dass seine Lampe verl\u00f6schen wird. <a href=\"https:\/\/www.bibleserver.com\/LUT\/Matth%C3%A4us25%2C1\" target=\"_blank\" rel=\"noopener noreferrer nofollow\"><span style=\"color: #0000ff;\">Matth. 25, 1-13<\/span><\/a>. Dann wird eine Predigt mehr Rauch und Gestank sein, als helles und heilendes Licht f\u00fcr M\u00fchselige und Beladene.<\/p>\n<p><em>Wer seine Axt nicht immer wieder neu sch\u00e4rft, muss hinnehmen, dass kein Baum mehr gef\u00e4llt wird.<\/em> <span style=\"color: #0000ff;\"><a style=\"color: #0000ff;\" href=\"https:\/\/www.bibleserver.com\/LUT\/Prediger10%2C10\" target=\"_blank\" rel=\"noopener noreferrer nofollow\">Pred. 10, 10<\/a><\/span><\/p>\n","protected":false},"excerpt":{"rendered":"<p>Kaufet die Zeit aus; denn es ist b\u00f6se Zeit. Epheser 5, 16 Eine der kostbarsten Gaben, die Gott uns t\u00e4glich zur Verf\u00fcgung stellt, ist die Zeit.&nbsp; Gott hat jedem ein gewisses Ma\u00df an Zeit geschenkt. Jeder Tag hat 24 Stunden und jeden Tag gibt es nur einmal. Zeit, die wir ungenutzt lassen, haben wir achtlos &hellip; <\/p>\n<p class=\"link-more\"><a href=\"https:\/\/erhardt-stiefel.de\/index.php\/2026\/01\/22\/zeit-richtig-nutzen-2\/\" class=\"more-link\"><span class=\"screen-reader-text\">\u201eZeit richtig nutzen\u201c<\/span> weiterlesen<\/a><\/p>\n","protected":false},"author":1,"featured_media":0,"comment_status":"open","ping_status":"closed","sticky":false,"template":"","format":"standard","meta":{"_exactmetrics_skip_tracking":false,"_exactmetrics_sitenote_active":false,"_exactmetrics_sitenote_note":"","_exactmetrics_sitenote_category":0,"ngg_post_thumbnail":0,"jetpack_post_was_ever_published":false,"_jetpack_newsletter_access":"","_jetpack_dont_email_post_to_subs":false,"_jetpack_newsletter_tier_id":0,"_jetpack_memberships_contains_paywalled_content":false,"_jetpack_memberships_contains_paid_content":false,"footnotes":"","jetpack_publicize_message":"","jetpack_publicize_feature_enabled":true,"jetpack_social_post_already_shared":true,"jetpack_social_options":{"image_generator_settings":{"template":"highway","default_image_id":0,"font":"","enabled":false},"version":2}},"categories":[319,311],"tags":[348,317,328,347],"class_list":["post-10871","post","type-post","status-publish","format-standard","hentry","category-adlerbotschaft","category-predigten","tag-348","tag-adler","tag-epheser","tag-januar"],"yoast_head":"<!-- This site is optimized with the Yoast SEO plugin v27.4 - https:\/\/yoast.com\/product\/yoast-seo-wordpress\/ -->\n<title>Zeit richtig nutzen - Erhardt Stiefel&#039;s Fundgrube<\/title>\n<meta name=\"robots\" content=\"index, follow, max-snippet:-1, max-image-preview:large, max-video-preview:-1\" \/>\n<link rel=\"canonical\" href=\"https:\/\/erhardt-stiefel.de\/index.php\/2026\/01\/22\/zeit-richtig-nutzen-2\/\" \/>\n<meta property=\"og:locale\" content=\"de_DE\" \/>\n<meta property=\"og:type\" content=\"article\" \/>\n<meta property=\"og:title\" content=\"Zeit richtig nutzen - Erhardt Stiefel&#039;s Fundgrube\" \/>\n<meta property=\"og:description\" content=\"Kaufet die Zeit aus; denn es ist b\u00f6se Zeit. Epheser 5, 16 Eine der kostbarsten Gaben, die Gott uns t\u00e4glich zur Verf\u00fcgung stellt, ist die Zeit.&nbsp; Gott hat jedem ein gewisses Ma\u00df an Zeit geschenkt. Jeder Tag hat 24 Stunden und jeden Tag gibt es nur einmal. Zeit, die wir ungenutzt lassen, haben wir achtlos &hellip; \u201eZeit richtig nutzen\u201c weiterlesen\" \/>\n<meta property=\"og:url\" content=\"https:\/\/erhardt-stiefel.de\/index.php\/2026\/01\/22\/zeit-richtig-nutzen-2\/\" \/>\n<meta property=\"og:site_name\" content=\"Erhardt Stiefel&#039;s Fundgrube\" \/>\n<meta property=\"article:published_time\" content=\"2026-01-22T10:06:12+00:00\" \/>\n<meta property=\"og:image\" content=\"https:\/\/erhardt-stiefel.de\/wp-content\/uploads\/2021\/01\/22.jpg\" \/>\n\t<meta property=\"og:image:width\" content=\"800\" \/>\n\t<meta property=\"og:image:height\" content=\"887\" \/>\n\t<meta property=\"og:image:type\" content=\"image\/jpeg\" \/>\n<meta name=\"author\" content=\"Erhardt\" \/>\n<meta name=\"twitter:card\" content=\"summary_large_image\" \/>\n<meta name=\"twitter:creator\" content=\"@erhardtstiefel77\" \/>\n<meta name=\"twitter:label1\" content=\"Geschrieben von\" \/>\n\t<meta name=\"twitter:data1\" content=\"Erhardt\" \/>\n\t<meta name=\"twitter:label2\" content=\"Gesch\u00e4tzte Lesezeit\" \/>\n\t<meta name=\"twitter:data2\" content=\"3\u00a0Minuten\" \/>\n<script type=\"application\/ld+json\" class=\"yoast-schema-graph\">{\"@context\":\"https:\\\/\\\/schema.org\",\"@graph\":[{\"@type\":\"Article\",\"@id\":\"https:\\\/\\\/erhardt-stiefel.de\\\/index.php\\\/2026\\\/01\\\/22\\\/zeit-richtig-nutzen-2\\\/#article\",\"isPartOf\":{\"@id\":\"https:\\\/\\\/erhardt-stiefel.de\\\/index.php\\\/2026\\\/01\\\/22\\\/zeit-richtig-nutzen-2\\\/\"},\"author\":{\"name\":\"Erhardt\",\"@id\":\"https:\\\/\\\/erhardt-stiefel.de\\\/#\\\/schema\\\/person\\\/623af879bb14c4ae6622ece81ec006ef\"},\"headline\":\"Zeit richtig nutzen\",\"datePublished\":\"2026-01-22T10:06:12+00:00\",\"mainEntityOfPage\":{\"@id\":\"https:\\\/\\\/erhardt-stiefel.de\\\/index.php\\\/2026\\\/01\\\/22\\\/zeit-richtig-nutzen-2\\\/\"},\"wordCount\":532,\"commentCount\":0,\"image\":{\"@id\":\"https:\\\/\\\/erhardt-stiefel.de\\\/index.php\\\/2026\\\/01\\\/22\\\/zeit-richtig-nutzen-2\\\/#primaryimage\"},\"thumbnailUrl\":\"https:\\\/\\\/erhardt-stiefel.de\\\/wp-content\\\/uploads\\\/2021\\\/01\\\/22.jpg\",\"keywords\":[\"***\",\"Adler\",\"Epheser\",\"Januar\"],\"articleSection\":[\"Adlerbotschaft\",\"Predigten\"],\"inLanguage\":\"de\",\"potentialAction\":[{\"@type\":\"CommentAction\",\"name\":\"Comment\",\"target\":[\"https:\\\/\\\/erhardt-stiefel.de\\\/index.php\\\/2026\\\/01\\\/22\\\/zeit-richtig-nutzen-2\\\/#respond\"]}]},{\"@type\":\"WebPage\",\"@id\":\"https:\\\/\\\/erhardt-stiefel.de\\\/index.php\\\/2026\\\/01\\\/22\\\/zeit-richtig-nutzen-2\\\/\",\"url\":\"https:\\\/\\\/erhardt-stiefel.de\\\/index.php\\\/2026\\\/01\\\/22\\\/zeit-richtig-nutzen-2\\\/\",\"name\":\"Zeit richtig nutzen - Erhardt Stiefel&#039;s Fundgrube\",\"isPartOf\":{\"@id\":\"https:\\\/\\\/erhardt-stiefel.de\\\/#website\"},\"primaryImageOfPage\":{\"@id\":\"https:\\\/\\\/erhardt-stiefel.de\\\/index.php\\\/2026\\\/01\\\/22\\\/zeit-richtig-nutzen-2\\\/#primaryimage\"},\"image\":{\"@id\":\"https:\\\/\\\/erhardt-stiefel.de\\\/index.php\\\/2026\\\/01\\\/22\\\/zeit-richtig-nutzen-2\\\/#primaryimage\"},\"thumbnailUrl\":\"https:\\\/\\\/erhardt-stiefel.de\\\/wp-content\\\/uploads\\\/2021\\\/01\\\/22.jpg\",\"datePublished\":\"2026-01-22T10:06:12+00:00\",\"author\":{\"@id\":\"https:\\\/\\\/erhardt-stiefel.de\\\/#\\\/schema\\\/person\\\/623af879bb14c4ae6622ece81ec006ef\"},\"breadcrumb\":{\"@id\":\"https:\\\/\\\/erhardt-stiefel.de\\\/index.php\\\/2026\\\/01\\\/22\\\/zeit-richtig-nutzen-2\\\/#breadcrumb\"},\"inLanguage\":\"de\",\"potentialAction\":[{\"@type\":\"ReadAction\",\"target\":[\"https:\\\/\\\/erhardt-stiefel.de\\\/index.php\\\/2026\\\/01\\\/22\\\/zeit-richtig-nutzen-2\\\/\"]}]},{\"@type\":\"ImageObject\",\"inLanguage\":\"de\",\"@id\":\"https:\\\/\\\/erhardt-stiefel.de\\\/index.php\\\/2026\\\/01\\\/22\\\/zeit-richtig-nutzen-2\\\/#primaryimage\",\"url\":\"https:\\\/\\\/erhardt-stiefel.de\\\/wp-content\\\/uploads\\\/2021\\\/01\\\/22.jpg\",\"contentUrl\":\"https:\\\/\\\/erhardt-stiefel.de\\\/wp-content\\\/uploads\\\/2021\\\/01\\\/22.jpg\",\"width\":800,\"height\":887},{\"@type\":\"BreadcrumbList\",\"@id\":\"https:\\\/\\\/erhardt-stiefel.de\\\/index.php\\\/2026\\\/01\\\/22\\\/zeit-richtig-nutzen-2\\\/#breadcrumb\",\"itemListElement\":[{\"@type\":\"ListItem\",\"position\":1,\"name\":\"Home\",\"item\":\"https:\\\/\\\/erhardt-stiefel.de\\\/\"},{\"@type\":\"ListItem\",\"position\":2,\"name\":\"Zeit richtig nutzen\"}]},{\"@type\":\"WebSite\",\"@id\":\"https:\\\/\\\/erhardt-stiefel.de\\\/#website\",\"url\":\"https:\\\/\\\/erhardt-stiefel.de\\\/\",\"name\":\"Erhardt Stiefel&#039;s Fundgrube\",\"description\":\"Erfahrungen mit CMS, Genealogie, Gott und der Welt - die ich sehr gerne mit dir teilen w\u00fcrde\",\"potentialAction\":[{\"@type\":\"SearchAction\",\"target\":{\"@type\":\"EntryPoint\",\"urlTemplate\":\"https:\\\/\\\/erhardt-stiefel.de\\\/?s={search_term_string}\"},\"query-input\":{\"@type\":\"PropertyValueSpecification\",\"valueRequired\":true,\"valueName\":\"search_term_string\"}}],\"inLanguage\":\"de\"},{\"@type\":\"Person\",\"@id\":\"https:\\\/\\\/erhardt-stiefel.de\\\/#\\\/schema\\\/person\\\/623af879bb14c4ae6622ece81ec006ef\",\"name\":\"Erhardt\",\"image\":{\"@type\":\"ImageObject\",\"inLanguage\":\"de\",\"@id\":\"https:\\\/\\\/secure.gravatar.com\\\/avatar\\\/086c9cb068fa330c15ed0aabfea0b66ecfa387fd1d6eb1a1a3b0a963becd7f74?s=96&d=mm&r=g\",\"url\":\"https:\\\/\\\/secure.gravatar.com\\\/avatar\\\/086c9cb068fa330c15ed0aabfea0b66ecfa387fd1d6eb1a1a3b0a963becd7f74?s=96&d=mm&r=g\",\"contentUrl\":\"https:\\\/\\\/secure.gravatar.com\\\/avatar\\\/086c9cb068fa330c15ed0aabfea0b66ecfa387fd1d6eb1a1a3b0a963becd7f74?s=96&d=mm&r=g\",\"caption\":\"Erhardt\"},\"sameAs\":[\"https:\\\/\\\/erhardt-stiefel.de\",\"https:\\\/\\\/x.com\\\/erhardtstiefel77\"],\"url\":\"https:\\\/\\\/erhardt-stiefel.de\\\/index.php\\\/author\\\/erhardt_stiefel\\\/\"}]}<\/script>\n<!-- \/ Yoast SEO plugin. -->","yoast_head_json":{"title":"Zeit richtig nutzen - Erhardt Stiefel&#039;s Fundgrube","robots":{"index":"index","follow":"follow","max-snippet":"max-snippet:-1","max-image-preview":"max-image-preview:large","max-video-preview":"max-video-preview:-1"},"canonical":"https:\/\/erhardt-stiefel.de\/index.php\/2026\/01\/22\/zeit-richtig-nutzen-2\/","og_locale":"de_DE","og_type":"article","og_title":"Zeit richtig nutzen - Erhardt Stiefel&#039;s Fundgrube","og_description":"Kaufet die Zeit aus; denn es ist b\u00f6se Zeit. Epheser 5, 16 Eine der kostbarsten Gaben, die Gott uns t\u00e4glich zur Verf\u00fcgung stellt, ist die Zeit.&nbsp; Gott hat jedem ein gewisses Ma\u00df an Zeit geschenkt. Jeder Tag hat 24 Stunden und jeden Tag gibt es nur einmal. Zeit, die wir ungenutzt lassen, haben wir achtlos &hellip; \u201eZeit richtig nutzen\u201c weiterlesen","og_url":"https:\/\/erhardt-stiefel.de\/index.php\/2026\/01\/22\/zeit-richtig-nutzen-2\/","og_site_name":"Erhardt Stiefel&#039;s Fundgrube","article_published_time":"2026-01-22T10:06:12+00:00","og_image":[{"width":800,"height":887,"url":"https:\/\/erhardt-stiefel.de\/wp-content\/uploads\/2021\/01\/22.jpg","type":"image\/jpeg"}],"author":"Erhardt","twitter_card":"summary_large_image","twitter_creator":"@erhardtstiefel77","twitter_misc":{"Geschrieben von":"Erhardt","Gesch\u00e4tzte Lesezeit":"3\u00a0Minuten"},"schema":{"@context":"https:\/\/schema.org","@graph":[{"@type":"Article","@id":"https:\/\/erhardt-stiefel.de\/index.php\/2026\/01\/22\/zeit-richtig-nutzen-2\/#article","isPartOf":{"@id":"https:\/\/erhardt-stiefel.de\/index.php\/2026\/01\/22\/zeit-richtig-nutzen-2\/"},"author":{"name":"Erhardt","@id":"https:\/\/erhardt-stiefel.de\/#\/schema\/person\/623af879bb14c4ae6622ece81ec006ef"},"headline":"Zeit richtig nutzen","datePublished":"2026-01-22T10:06:12+00:00","mainEntityOfPage":{"@id":"https:\/\/erhardt-stiefel.de\/index.php\/2026\/01\/22\/zeit-richtig-nutzen-2\/"},"wordCount":532,"commentCount":0,"image":{"@id":"https:\/\/erhardt-stiefel.de\/index.php\/2026\/01\/22\/zeit-richtig-nutzen-2\/#primaryimage"},"thumbnailUrl":"https:\/\/erhardt-stiefel.de\/wp-content\/uploads\/2021\/01\/22.jpg","keywords":["***","Adler","Epheser","Januar"],"articleSection":["Adlerbotschaft","Predigten"],"inLanguage":"de","potentialAction":[{"@type":"CommentAction","name":"Comment","target":["https:\/\/erhardt-stiefel.de\/index.php\/2026\/01\/22\/zeit-richtig-nutzen-2\/#respond"]}]},{"@type":"WebPage","@id":"https:\/\/erhardt-stiefel.de\/index.php\/2026\/01\/22\/zeit-richtig-nutzen-2\/","url":"https:\/\/erhardt-stiefel.de\/index.php\/2026\/01\/22\/zeit-richtig-nutzen-2\/","name":"Zeit richtig nutzen - Erhardt Stiefel&#039;s Fundgrube","isPartOf":{"@id":"https:\/\/erhardt-stiefel.de\/#website"},"primaryImageOfPage":{"@id":"https:\/\/erhardt-stiefel.de\/index.php\/2026\/01\/22\/zeit-richtig-nutzen-2\/#primaryimage"},"image":{"@id":"https:\/\/erhardt-stiefel.de\/index.php\/2026\/01\/22\/zeit-richtig-nutzen-2\/#primaryimage"},"thumbnailUrl":"https:\/\/erhardt-stiefel.de\/wp-content\/uploads\/2021\/01\/22.jpg","datePublished":"2026-01-22T10:06:12+00:00","author":{"@id":"https:\/\/erhardt-stiefel.de\/#\/schema\/person\/623af879bb14c4ae6622ece81ec006ef"},"breadcrumb":{"@id":"https:\/\/erhardt-stiefel.de\/index.php\/2026\/01\/22\/zeit-richtig-nutzen-2\/#breadcrumb"},"inLanguage":"de","potentialAction":[{"@type":"ReadAction","target":["https:\/\/erhardt-stiefel.de\/index.php\/2026\/01\/22\/zeit-richtig-nutzen-2\/"]}]},{"@type":"ImageObject","inLanguage":"de","@id":"https:\/\/erhardt-stiefel.de\/index.php\/2026\/01\/22\/zeit-richtig-nutzen-2\/#primaryimage","url":"https:\/\/erhardt-stiefel.de\/wp-content\/uploads\/2021\/01\/22.jpg","contentUrl":"https:\/\/erhardt-stiefel.de\/wp-content\/uploads\/2021\/01\/22.jpg","width":800,"height":887},{"@type":"BreadcrumbList","@id":"https:\/\/erhardt-stiefel.de\/index.php\/2026\/01\/22\/zeit-richtig-nutzen-2\/#breadcrumb","itemListElement":[{"@type":"ListItem","position":1,"name":"Home","item":"https:\/\/erhardt-stiefel.de\/"},{"@type":"ListItem","position":2,"name":"Zeit richtig nutzen"}]},{"@type":"WebSite","@id":"https:\/\/erhardt-stiefel.de\/#website","url":"https:\/\/erhardt-stiefel.de\/","name":"Erhardt Stiefel&#039;s Fundgrube","description":"Erfahrungen mit CMS, Genealogie, Gott und der Welt - die ich sehr gerne mit dir teilen w\u00fcrde","potentialAction":[{"@type":"SearchAction","target":{"@type":"EntryPoint","urlTemplate":"https:\/\/erhardt-stiefel.de\/?s={search_term_string}"},"query-input":{"@type":"PropertyValueSpecification","valueRequired":true,"valueName":"search_term_string"}}],"inLanguage":"de"},{"@type":"Person","@id":"https:\/\/erhardt-stiefel.de\/#\/schema\/person\/623af879bb14c4ae6622ece81ec006ef","name":"Erhardt","image":{"@type":"ImageObject","inLanguage":"de","@id":"https:\/\/secure.gravatar.com\/avatar\/086c9cb068fa330c15ed0aabfea0b66ecfa387fd1d6eb1a1a3b0a963becd7f74?s=96&d=mm&r=g","url":"https:\/\/secure.gravatar.com\/avatar\/086c9cb068fa330c15ed0aabfea0b66ecfa387fd1d6eb1a1a3b0a963becd7f74?s=96&d=mm&r=g","contentUrl":"https:\/\/secure.gravatar.com\/avatar\/086c9cb068fa330c15ed0aabfea0b66ecfa387fd1d6eb1a1a3b0a963becd7f74?s=96&d=mm&r=g","caption":"Erhardt"},"sameAs":["https:\/\/erhardt-stiefel.de","https:\/\/x.com\/erhardtstiefel77"],"url":"https:\/\/erhardt-stiefel.de\/index.php\/author\/erhardt_stiefel\/"}]}},"jetpack_publicize_connections":[],"jetpack_featured_media_url":"","jetpack_sharing_enabled":true,"jetpack_shortlink":"https:\/\/wp.me\/paRlFh-2Pl","_links":{"self":[{"href":"https:\/\/erhardt-stiefel.de\/index.php\/wp-json\/wp\/v2\/posts\/10871","targetHints":{"allow":["GET"]}}],"collection":[{"href":"https:\/\/erhardt-stiefel.de\/index.php\/wp-json\/wp\/v2\/posts"}],"about":[{"href":"https:\/\/erhardt-stiefel.de\/index.php\/wp-json\/wp\/v2\/types\/post"}],"author":[{"embeddable":true,"href":"https:\/\/erhardt-stiefel.de\/index.php\/wp-json\/wp\/v2\/users\/1"}],"replies":[{"embeddable":true,"href":"https:\/\/erhardt-stiefel.de\/index.php\/wp-json\/wp\/v2\/comments?post=10871"}],"version-history":[{"count":1,"href":"https:\/\/erhardt-stiefel.de\/index.php\/wp-json\/wp\/v2\/posts\/10871\/revisions"}],"predecessor-version":[{"id":10872,"href":"https:\/\/erhardt-stiefel.de\/index.php\/wp-json\/wp\/v2\/posts\/10871\/revisions\/10872"}],"wp:attachment":[{"href":"https:\/\/erhardt-stiefel.de\/index.php\/wp-json\/wp\/v2\/media?parent=10871"}],"wp:term":[{"taxonomy":"category","embeddable":true,"href":"https:\/\/erhardt-stiefel.de\/index.php\/wp-json\/wp\/v2\/categories?post=10871"},{"taxonomy":"post_tag","embeddable":true,"href":"https:\/\/erhardt-stiefel.de\/index.php\/wp-json\/wp\/v2\/tags?post=10871"}],"curies":[{"name":"wp","href":"https:\/\/api.w.org\/{rel}","templated":true}]}}