{"id":10877,"date":"2026-01-24T11:34:11","date_gmt":"2026-01-24T10:34:11","guid":{"rendered":"https:\/\/erhardt-stiefel.de\/?p=10877"},"modified":"2026-01-24T11:34:11","modified_gmt":"2026-01-24T10:34:11","slug":"eine-offene-tuer","status":"publish","type":"post","link":"https:\/\/erhardt-stiefel.de\/index.php\/2026\/01\/24\/eine-offene-tuer\/","title":{"rendered":"Eine offene T\u00fcr"},"content":{"rendered":"<p><img loading=\"lazy\" decoding=\"async\" class=\"aligncenter size-full wp-image-4208\" src=\"https:\/\/erhardt-stiefel.de\/wp-content\/uploads\/2021\/01\/24.jpg\" alt=\"\" width=\"800\" height=\"887\" srcset=\"https:\/\/erhardt-stiefel.de\/wp-content\/uploads\/2021\/01\/24.jpg 800w, https:\/\/erhardt-stiefel.de\/wp-content\/uploads\/2021\/01\/24-271x300.jpg 271w, https:\/\/erhardt-stiefel.de\/wp-content\/uploads\/2021\/01\/24-768x852.jpg 768w\" sizes=\"auto, (max-width: 767px) 89vw, (max-width: 1000px) 54vw, (max-width: 1071px) 543px, 580px\" \/><\/p>\n<p><strong>Ich werde aber bis Pfingsten in Ephesus bleiben; denn eine T\u00fcr hat sich mir aufgetan, weit und vielversprechend; und es gibt viele Widersacher. <span style=\"color: #0000ff;\"><a style=\"color: #0000ff;\" href=\"https:\/\/www.bibleserver.com\/LUT\/1.Korinther16%2C8-9\" target=\"_blank\" rel=\"noopener noreferrer nofollow\">1. Korinther 16, 8-9<\/a><\/span><\/strong><\/p>\n<p>Zu keiner Zeit wurde in Europa und weltweit so eifrig f\u00fcr offene T\u00fcren zur Verbreitung des Evangeliums gebetet wie in unseren Tagen. Haben wir aber auch bedacht, dass offene T\u00fcren&nbsp;auch Kampf und Verfolgung bedeuten k\u00f6nnen und wir anschlie\u00dfend mehr Herausforderungen haben als je zuvor?<!--more--><\/p>\n<p>Als ich in Ephesus von der gro\u00dfen Arena zu dem Platz hinabschaute, auf dem einst die Darbietungen stattfanden, kamen mir diese Paulusworte&nbsp;in den Sinn. Wahrscheinlich musste er genau hier mit wilden Tieren k\u00e4mpfen. Wie ihm wohl zumute war, als er in die Rachen dieser Bestien hineinschaute? Der Feind wollte ihn ausschalten und die T\u00fcr wieder schlie\u00dfen. Paulus f\u00fcrchtete den Kampf nicht, auch wenn es f\u00fcr ihn um Leben oder Tod ging. <span style=\"color: #0000ff;\"><a style=\"color: #0000ff;\" href=\"https:\/\/www.bibleserver.com\/LUT\/1.Korinther15%2C32\" target=\"_blank\" rel=\"noopener noreferrer nofollow\">1. Kor. 15, 32<\/a><\/span><\/p>\n<p>Gott hielt sch\u00fctzend Seine H\u00e4nde \u00fcber ihn und die T\u00fcr blieb offen. Er konnte die Arbeit fortsetzen. Aus der Apostelgeschichte wissen wir, wie es weiterging. Paulus gr\u00fcndete eine Gemeinde und diese wurde sp\u00e4ter die Basis f\u00fcr das ganze Umfeld. Tausende konnten mit dem Evangelium erreicht werden.<\/p>\n<p>Ich habe selbst bei Gemeindegr\u00fcndungen mitgewirkt und gesehen, wie aus bescheidenen Anf\u00e4ngen im Laufe der Jahre gro\u00dfe Gemeinden entstanden sind. Ich habe aber auch die Angriffe des Feindes miterlebt, der alles versuchte, um das zarte Pfl\u00e4nzchen wieder zu zerst\u00f6ren.<\/p>\n<p>Unser Team wurde systematisch von Satanisten mit schwarzer Magie tyrannisiert. Unsere Familien standen in Lebensgefahr. In den Gottesdiensten waren die Diener des Teufels anwesend und versuchten, die Atmosph\u00e4re unter ihre Kontrolle zu bringen. Ihre Handlanger griffen Besucher und die Pastoren an und wir mussten die Polizei benachrichtigen. Bei unseren Gottesdiensten mussten wir auf alles gefasst sein. Es kam vor, dass wir Besucher \u00f6ffentlich bitten mussten, den Saal sofort zu verlassen.<\/p>\n<p>Die T\u00fcr war zwar offen, aber mit der Besinnlichkeit war es vorbei. Wie Soldaten mussten wir stets gewappnet sein und unser Kriegshandwerk gut beherrschen. Trotzdem nahm der Zulauf st\u00e4ndig zu und der Saal wurde zu klein. Ein zweiter Gottesdienst musste angeboten werden, dazu hatten wir einen dritten am Nachmittag. Die Herrlichkeit Gottes hatte sich \u00fcber uns gelagert und die Freude war \u00fcberschw\u00e4nglich, trotz aller Anfechtungen.<\/p>\n<p>Gott \u00f6ffnet T\u00fcren f\u00fcr Evangelisation. Lassen wir uns darauf ein, ist dies aber eine Kriegserkl\u00e4rung an das Reich der Finsternis. Wir sollen in feindliches Gebiet eindringen, Festungen erst\u00fcrmen und Gefangene befreien. Das nimmt Satan nicht einfach so hin. Er wird alle Kr\u00e4fte aufbieten, das zu verhindern. Ist uns das bewusst?<\/p>\n<p>Wenn ja, dann lasst uns Gottesdienste anbieten, die Besuchern die Augen \u00f6ffnen, damit sie gerettet werden k\u00f6nnen. <a href=\"https:\/\/www.bibleserver.com\/LUT\/Apostelgeschichte26%2C18\" target=\"_blank\" rel=\"noopener noreferrer nofollow\"><span style=\"color: #0000ff;\">Apg. 26, 18<\/span><\/a><br \/>\nDie T\u00fcren sind offen! Wenn wir mutig voran gehen und Herausforderungen nicht scheuen, werden wir wie Paulus in Ephesus den Sieg davontragen.<\/p>\n","protected":false},"excerpt":{"rendered":"<p>Ich werde aber bis Pfingsten in Ephesus bleiben; denn eine T\u00fcr hat sich mir aufgetan, weit und vielversprechend; und es gibt viele Widersacher. 1. Korinther 16, 8-9 Zu keiner Zeit wurde in Europa und weltweit so eifrig f\u00fcr offene T\u00fcren zur Verbreitung des Evangeliums gebetet wie in unseren Tagen. Haben wir aber auch bedacht, dass &hellip; <\/p>\n<p class=\"link-more\"><a href=\"https:\/\/erhardt-stiefel.de\/index.php\/2026\/01\/24\/eine-offene-tuer\/\" class=\"more-link\"><span class=\"screen-reader-text\">\u201eEine offene T\u00fcr\u201c<\/span> weiterlesen<\/a><\/p>\n","protected":false},"author":1,"featured_media":0,"comment_status":"open","ping_status":"closed","sticky":false,"template":"","format":"standard","meta":{"_exactmetrics_skip_tracking":false,"_exactmetrics_sitenote_active":false,"_exactmetrics_sitenote_note":"","_exactmetrics_sitenote_category":0,"ngg_post_thumbnail":0,"jetpack_post_was_ever_published":false,"_jetpack_newsletter_access":"","_jetpack_dont_email_post_to_subs":false,"_jetpack_newsletter_tier_id":0,"_jetpack_memberships_contains_paywalled_content":false,"_jetpack_memberships_contains_paid_content":false,"footnotes":"","jetpack_publicize_message":"","jetpack_publicize_feature_enabled":true,"jetpack_social_post_already_shared":true,"jetpack_social_options":{"image_generator_settings":{"template":"highway","default_image_id":0,"font":"","enabled":false},"version":2}},"categories":[319,311],"tags":[317,347,330],"class_list":["post-10877","post","type-post","status-publish","format-standard","hentry","category-adlerbotschaft","category-predigten","tag-adler","tag-januar","tag-korinther"],"yoast_head":"<!-- This site is optimized with the Yoast SEO plugin v27.4 - https:\/\/yoast.com\/product\/yoast-seo-wordpress\/ -->\n<title>Eine offene T\u00fcr - Erhardt Stiefel&#039;s Fundgrube<\/title>\n<meta name=\"robots\" content=\"index, follow, max-snippet:-1, max-image-preview:large, max-video-preview:-1\" \/>\n<link rel=\"canonical\" href=\"https:\/\/erhardt-stiefel.de\/index.php\/2026\/01\/24\/eine-offene-tuer\/\" \/>\n<meta property=\"og:locale\" content=\"de_DE\" \/>\n<meta property=\"og:type\" content=\"article\" \/>\n<meta property=\"og:title\" content=\"Eine offene T\u00fcr - Erhardt Stiefel&#039;s Fundgrube\" \/>\n<meta property=\"og:description\" content=\"Ich werde aber bis Pfingsten in Ephesus bleiben; denn eine T\u00fcr hat sich mir aufgetan, weit und vielversprechend; und es gibt viele Widersacher. 1. Korinther 16, 8-9 Zu keiner Zeit wurde in Europa und weltweit so eifrig f\u00fcr offene T\u00fcren zur Verbreitung des Evangeliums gebetet wie in unseren Tagen. Haben wir aber auch bedacht, dass &hellip; \u201eEine offene T\u00fcr\u201c weiterlesen\" \/>\n<meta property=\"og:url\" content=\"https:\/\/erhardt-stiefel.de\/index.php\/2026\/01\/24\/eine-offene-tuer\/\" \/>\n<meta property=\"og:site_name\" content=\"Erhardt Stiefel&#039;s Fundgrube\" \/>\n<meta property=\"article:published_time\" content=\"2026-01-24T10:34:11+00:00\" \/>\n<meta property=\"og:image\" content=\"https:\/\/erhardt-stiefel.de\/wp-content\/uploads\/2021\/01\/24.jpg\" \/>\n\t<meta property=\"og:image:width\" content=\"800\" \/>\n\t<meta property=\"og:image:height\" content=\"887\" \/>\n\t<meta property=\"og:image:type\" content=\"image\/jpeg\" \/>\n<meta name=\"author\" content=\"Erhardt\" \/>\n<meta name=\"twitter:card\" content=\"summary_large_image\" \/>\n<meta name=\"twitter:creator\" content=\"@erhardtstiefel77\" \/>\n<meta name=\"twitter:label1\" content=\"Geschrieben von\" \/>\n\t<meta name=\"twitter:data1\" content=\"Erhardt\" \/>\n\t<meta name=\"twitter:label2\" content=\"Gesch\u00e4tzte Lesezeit\" \/>\n\t<meta name=\"twitter:data2\" content=\"3\u00a0Minuten\" \/>\n<script type=\"application\/ld+json\" class=\"yoast-schema-graph\">{\"@context\":\"https:\\\/\\\/schema.org\",\"@graph\":[{\"@type\":\"Article\",\"@id\":\"https:\\\/\\\/erhardt-stiefel.de\\\/index.php\\\/2026\\\/01\\\/24\\\/eine-offene-tuer\\\/#article\",\"isPartOf\":{\"@id\":\"https:\\\/\\\/erhardt-stiefel.de\\\/index.php\\\/2026\\\/01\\\/24\\\/eine-offene-tuer\\\/\"},\"author\":{\"name\":\"Erhardt\",\"@id\":\"https:\\\/\\\/erhardt-stiefel.de\\\/#\\\/schema\\\/person\\\/623af879bb14c4ae6622ece81ec006ef\"},\"headline\":\"Eine offene T\u00fcr\",\"datePublished\":\"2026-01-24T10:34:11+00:00\",\"mainEntityOfPage\":{\"@id\":\"https:\\\/\\\/erhardt-stiefel.de\\\/index.php\\\/2026\\\/01\\\/24\\\/eine-offene-tuer\\\/\"},\"wordCount\":493,\"commentCount\":0,\"image\":{\"@id\":\"https:\\\/\\\/erhardt-stiefel.de\\\/index.php\\\/2026\\\/01\\\/24\\\/eine-offene-tuer\\\/#primaryimage\"},\"thumbnailUrl\":\"https:\\\/\\\/erhardt-stiefel.de\\\/wp-content\\\/uploads\\\/2021\\\/01\\\/24.jpg\",\"keywords\":[\"Adler\",\"Januar\",\"Korinther\"],\"articleSection\":[\"Adlerbotschaft\",\"Predigten\"],\"inLanguage\":\"de\",\"potentialAction\":[{\"@type\":\"CommentAction\",\"name\":\"Comment\",\"target\":[\"https:\\\/\\\/erhardt-stiefel.de\\\/index.php\\\/2026\\\/01\\\/24\\\/eine-offene-tuer\\\/#respond\"]}]},{\"@type\":\"WebPage\",\"@id\":\"https:\\\/\\\/erhardt-stiefel.de\\\/index.php\\\/2026\\\/01\\\/24\\\/eine-offene-tuer\\\/\",\"url\":\"https:\\\/\\\/erhardt-stiefel.de\\\/index.php\\\/2026\\\/01\\\/24\\\/eine-offene-tuer\\\/\",\"name\":\"Eine offene T\u00fcr - Erhardt Stiefel&#039;s Fundgrube\",\"isPartOf\":{\"@id\":\"https:\\\/\\\/erhardt-stiefel.de\\\/#website\"},\"primaryImageOfPage\":{\"@id\":\"https:\\\/\\\/erhardt-stiefel.de\\\/index.php\\\/2026\\\/01\\\/24\\\/eine-offene-tuer\\\/#primaryimage\"},\"image\":{\"@id\":\"https:\\\/\\\/erhardt-stiefel.de\\\/index.php\\\/2026\\\/01\\\/24\\\/eine-offene-tuer\\\/#primaryimage\"},\"thumbnailUrl\":\"https:\\\/\\\/erhardt-stiefel.de\\\/wp-content\\\/uploads\\\/2021\\\/01\\\/24.jpg\",\"datePublished\":\"2026-01-24T10:34:11+00:00\",\"author\":{\"@id\":\"https:\\\/\\\/erhardt-stiefel.de\\\/#\\\/schema\\\/person\\\/623af879bb14c4ae6622ece81ec006ef\"},\"breadcrumb\":{\"@id\":\"https:\\\/\\\/erhardt-stiefel.de\\\/index.php\\\/2026\\\/01\\\/24\\\/eine-offene-tuer\\\/#breadcrumb\"},\"inLanguage\":\"de\",\"potentialAction\":[{\"@type\":\"ReadAction\",\"target\":[\"https:\\\/\\\/erhardt-stiefel.de\\\/index.php\\\/2026\\\/01\\\/24\\\/eine-offene-tuer\\\/\"]}]},{\"@type\":\"ImageObject\",\"inLanguage\":\"de\",\"@id\":\"https:\\\/\\\/erhardt-stiefel.de\\\/index.php\\\/2026\\\/01\\\/24\\\/eine-offene-tuer\\\/#primaryimage\",\"url\":\"https:\\\/\\\/erhardt-stiefel.de\\\/wp-content\\\/uploads\\\/2021\\\/01\\\/24.jpg\",\"contentUrl\":\"https:\\\/\\\/erhardt-stiefel.de\\\/wp-content\\\/uploads\\\/2021\\\/01\\\/24.jpg\",\"width\":800,\"height\":887},{\"@type\":\"BreadcrumbList\",\"@id\":\"https:\\\/\\\/erhardt-stiefel.de\\\/index.php\\\/2026\\\/01\\\/24\\\/eine-offene-tuer\\\/#breadcrumb\",\"itemListElement\":[{\"@type\":\"ListItem\",\"position\":1,\"name\":\"Home\",\"item\":\"https:\\\/\\\/erhardt-stiefel.de\\\/\"},{\"@type\":\"ListItem\",\"position\":2,\"name\":\"Eine offene T\u00fcr\"}]},{\"@type\":\"WebSite\",\"@id\":\"https:\\\/\\\/erhardt-stiefel.de\\\/#website\",\"url\":\"https:\\\/\\\/erhardt-stiefel.de\\\/\",\"name\":\"Erhardt Stiefel&#039;s Fundgrube\",\"description\":\"Erfahrungen mit CMS, Genealogie, Gott und der Welt - die ich sehr gerne mit dir teilen w\u00fcrde\",\"potentialAction\":[{\"@type\":\"SearchAction\",\"target\":{\"@type\":\"EntryPoint\",\"urlTemplate\":\"https:\\\/\\\/erhardt-stiefel.de\\\/?s={search_term_string}\"},\"query-input\":{\"@type\":\"PropertyValueSpecification\",\"valueRequired\":true,\"valueName\":\"search_term_string\"}}],\"inLanguage\":\"de\"},{\"@type\":\"Person\",\"@id\":\"https:\\\/\\\/erhardt-stiefel.de\\\/#\\\/schema\\\/person\\\/623af879bb14c4ae6622ece81ec006ef\",\"name\":\"Erhardt\",\"image\":{\"@type\":\"ImageObject\",\"inLanguage\":\"de\",\"@id\":\"https:\\\/\\\/secure.gravatar.com\\\/avatar\\\/086c9cb068fa330c15ed0aabfea0b66ecfa387fd1d6eb1a1a3b0a963becd7f74?s=96&d=mm&r=g\",\"url\":\"https:\\\/\\\/secure.gravatar.com\\\/avatar\\\/086c9cb068fa330c15ed0aabfea0b66ecfa387fd1d6eb1a1a3b0a963becd7f74?s=96&d=mm&r=g\",\"contentUrl\":\"https:\\\/\\\/secure.gravatar.com\\\/avatar\\\/086c9cb068fa330c15ed0aabfea0b66ecfa387fd1d6eb1a1a3b0a963becd7f74?s=96&d=mm&r=g\",\"caption\":\"Erhardt\"},\"sameAs\":[\"https:\\\/\\\/erhardt-stiefel.de\",\"https:\\\/\\\/x.com\\\/erhardtstiefel77\"],\"url\":\"https:\\\/\\\/erhardt-stiefel.de\\\/index.php\\\/author\\\/erhardt_stiefel\\\/\"}]}<\/script>\n<!-- \/ Yoast SEO plugin. -->","yoast_head_json":{"title":"Eine offene T\u00fcr - Erhardt Stiefel&#039;s Fundgrube","robots":{"index":"index","follow":"follow","max-snippet":"max-snippet:-1","max-image-preview":"max-image-preview:large","max-video-preview":"max-video-preview:-1"},"canonical":"https:\/\/erhardt-stiefel.de\/index.php\/2026\/01\/24\/eine-offene-tuer\/","og_locale":"de_DE","og_type":"article","og_title":"Eine offene T\u00fcr - Erhardt Stiefel&#039;s Fundgrube","og_description":"Ich werde aber bis Pfingsten in Ephesus bleiben; denn eine T\u00fcr hat sich mir aufgetan, weit und vielversprechend; und es gibt viele Widersacher. 1. Korinther 16, 8-9 Zu keiner Zeit wurde in Europa und weltweit so eifrig f\u00fcr offene T\u00fcren zur Verbreitung des Evangeliums gebetet wie in unseren Tagen. Haben wir aber auch bedacht, dass &hellip; \u201eEine offene T\u00fcr\u201c weiterlesen","og_url":"https:\/\/erhardt-stiefel.de\/index.php\/2026\/01\/24\/eine-offene-tuer\/","og_site_name":"Erhardt Stiefel&#039;s Fundgrube","article_published_time":"2026-01-24T10:34:11+00:00","og_image":[{"width":800,"height":887,"url":"https:\/\/erhardt-stiefel.de\/wp-content\/uploads\/2021\/01\/24.jpg","type":"image\/jpeg"}],"author":"Erhardt","twitter_card":"summary_large_image","twitter_creator":"@erhardtstiefel77","twitter_misc":{"Geschrieben von":"Erhardt","Gesch\u00e4tzte Lesezeit":"3\u00a0Minuten"},"schema":{"@context":"https:\/\/schema.org","@graph":[{"@type":"Article","@id":"https:\/\/erhardt-stiefel.de\/index.php\/2026\/01\/24\/eine-offene-tuer\/#article","isPartOf":{"@id":"https:\/\/erhardt-stiefel.de\/index.php\/2026\/01\/24\/eine-offene-tuer\/"},"author":{"name":"Erhardt","@id":"https:\/\/erhardt-stiefel.de\/#\/schema\/person\/623af879bb14c4ae6622ece81ec006ef"},"headline":"Eine offene T\u00fcr","datePublished":"2026-01-24T10:34:11+00:00","mainEntityOfPage":{"@id":"https:\/\/erhardt-stiefel.de\/index.php\/2026\/01\/24\/eine-offene-tuer\/"},"wordCount":493,"commentCount":0,"image":{"@id":"https:\/\/erhardt-stiefel.de\/index.php\/2026\/01\/24\/eine-offene-tuer\/#primaryimage"},"thumbnailUrl":"https:\/\/erhardt-stiefel.de\/wp-content\/uploads\/2021\/01\/24.jpg","keywords":["Adler","Januar","Korinther"],"articleSection":["Adlerbotschaft","Predigten"],"inLanguage":"de","potentialAction":[{"@type":"CommentAction","name":"Comment","target":["https:\/\/erhardt-stiefel.de\/index.php\/2026\/01\/24\/eine-offene-tuer\/#respond"]}]},{"@type":"WebPage","@id":"https:\/\/erhardt-stiefel.de\/index.php\/2026\/01\/24\/eine-offene-tuer\/","url":"https:\/\/erhardt-stiefel.de\/index.php\/2026\/01\/24\/eine-offene-tuer\/","name":"Eine offene T\u00fcr - Erhardt Stiefel&#039;s Fundgrube","isPartOf":{"@id":"https:\/\/erhardt-stiefel.de\/#website"},"primaryImageOfPage":{"@id":"https:\/\/erhardt-stiefel.de\/index.php\/2026\/01\/24\/eine-offene-tuer\/#primaryimage"},"image":{"@id":"https:\/\/erhardt-stiefel.de\/index.php\/2026\/01\/24\/eine-offene-tuer\/#primaryimage"},"thumbnailUrl":"https:\/\/erhardt-stiefel.de\/wp-content\/uploads\/2021\/01\/24.jpg","datePublished":"2026-01-24T10:34:11+00:00","author":{"@id":"https:\/\/erhardt-stiefel.de\/#\/schema\/person\/623af879bb14c4ae6622ece81ec006ef"},"breadcrumb":{"@id":"https:\/\/erhardt-stiefel.de\/index.php\/2026\/01\/24\/eine-offene-tuer\/#breadcrumb"},"inLanguage":"de","potentialAction":[{"@type":"ReadAction","target":["https:\/\/erhardt-stiefel.de\/index.php\/2026\/01\/24\/eine-offene-tuer\/"]}]},{"@type":"ImageObject","inLanguage":"de","@id":"https:\/\/erhardt-stiefel.de\/index.php\/2026\/01\/24\/eine-offene-tuer\/#primaryimage","url":"https:\/\/erhardt-stiefel.de\/wp-content\/uploads\/2021\/01\/24.jpg","contentUrl":"https:\/\/erhardt-stiefel.de\/wp-content\/uploads\/2021\/01\/24.jpg","width":800,"height":887},{"@type":"BreadcrumbList","@id":"https:\/\/erhardt-stiefel.de\/index.php\/2026\/01\/24\/eine-offene-tuer\/#breadcrumb","itemListElement":[{"@type":"ListItem","position":1,"name":"Home","item":"https:\/\/erhardt-stiefel.de\/"},{"@type":"ListItem","position":2,"name":"Eine offene T\u00fcr"}]},{"@type":"WebSite","@id":"https:\/\/erhardt-stiefel.de\/#website","url":"https:\/\/erhardt-stiefel.de\/","name":"Erhardt Stiefel&#039;s Fundgrube","description":"Erfahrungen mit CMS, Genealogie, Gott und der Welt - die ich sehr gerne mit dir teilen w\u00fcrde","potentialAction":[{"@type":"SearchAction","target":{"@type":"EntryPoint","urlTemplate":"https:\/\/erhardt-stiefel.de\/?s={search_term_string}"},"query-input":{"@type":"PropertyValueSpecification","valueRequired":true,"valueName":"search_term_string"}}],"inLanguage":"de"},{"@type":"Person","@id":"https:\/\/erhardt-stiefel.de\/#\/schema\/person\/623af879bb14c4ae6622ece81ec006ef","name":"Erhardt","image":{"@type":"ImageObject","inLanguage":"de","@id":"https:\/\/secure.gravatar.com\/avatar\/086c9cb068fa330c15ed0aabfea0b66ecfa387fd1d6eb1a1a3b0a963becd7f74?s=96&d=mm&r=g","url":"https:\/\/secure.gravatar.com\/avatar\/086c9cb068fa330c15ed0aabfea0b66ecfa387fd1d6eb1a1a3b0a963becd7f74?s=96&d=mm&r=g","contentUrl":"https:\/\/secure.gravatar.com\/avatar\/086c9cb068fa330c15ed0aabfea0b66ecfa387fd1d6eb1a1a3b0a963becd7f74?s=96&d=mm&r=g","caption":"Erhardt"},"sameAs":["https:\/\/erhardt-stiefel.de","https:\/\/x.com\/erhardtstiefel77"],"url":"https:\/\/erhardt-stiefel.de\/index.php\/author\/erhardt_stiefel\/"}]}},"jetpack_publicize_connections":[],"jetpack_featured_media_url":"","jetpack_sharing_enabled":true,"jetpack_shortlink":"https:\/\/wp.me\/paRlFh-2Pr","_links":{"self":[{"href":"https:\/\/erhardt-stiefel.de\/index.php\/wp-json\/wp\/v2\/posts\/10877","targetHints":{"allow":["GET"]}}],"collection":[{"href":"https:\/\/erhardt-stiefel.de\/index.php\/wp-json\/wp\/v2\/posts"}],"about":[{"href":"https:\/\/erhardt-stiefel.de\/index.php\/wp-json\/wp\/v2\/types\/post"}],"author":[{"embeddable":true,"href":"https:\/\/erhardt-stiefel.de\/index.php\/wp-json\/wp\/v2\/users\/1"}],"replies":[{"embeddable":true,"href":"https:\/\/erhardt-stiefel.de\/index.php\/wp-json\/wp\/v2\/comments?post=10877"}],"version-history":[{"count":1,"href":"https:\/\/erhardt-stiefel.de\/index.php\/wp-json\/wp\/v2\/posts\/10877\/revisions"}],"predecessor-version":[{"id":10878,"href":"https:\/\/erhardt-stiefel.de\/index.php\/wp-json\/wp\/v2\/posts\/10877\/revisions\/10878"}],"wp:attachment":[{"href":"https:\/\/erhardt-stiefel.de\/index.php\/wp-json\/wp\/v2\/media?parent=10877"}],"wp:term":[{"taxonomy":"category","embeddable":true,"href":"https:\/\/erhardt-stiefel.de\/index.php\/wp-json\/wp\/v2\/categories?post=10877"},{"taxonomy":"post_tag","embeddable":true,"href":"https:\/\/erhardt-stiefel.de\/index.php\/wp-json\/wp\/v2\/tags?post=10877"}],"curies":[{"name":"wp","href":"https:\/\/api.w.org\/{rel}","templated":true}]}}