{"id":11003,"date":"2026-03-05T07:21:00","date_gmt":"2026-03-05T06:21:00","guid":{"rendered":"https:\/\/erhardt-stiefel.de\/?p=11003"},"modified":"2026-03-05T07:21:00","modified_gmt":"2026-03-05T06:21:00","slug":"hoffnung-macht-stark-2","status":"publish","type":"post","link":"https:\/\/erhardt-stiefel.de\/index.php\/2026\/03\/05\/hoffnung-macht-stark-2\/","title":{"rendered":"Hoffnung macht stark"},"content":{"rendered":"<p><img loading=\"lazy\" decoding=\"async\" class=\"aligncenter size-full wp-image-4434\" src=\"https:\/\/erhardt-stiefel.de\/wp-content\/uploads\/2021\/03\/05.jpg\" alt=\"\" width=\"796\" height=\"887\" srcset=\"https:\/\/erhardt-stiefel.de\/wp-content\/uploads\/2021\/03\/05.jpg 796w, https:\/\/erhardt-stiefel.de\/wp-content\/uploads\/2021\/03\/05-269x300.jpg 269w, https:\/\/erhardt-stiefel.de\/wp-content\/uploads\/2021\/03\/05-768x856.jpg 768w\" sizes=\"auto, (max-width: 767px) 89vw, (max-width: 1000px) 54vw, (max-width: 1071px) 543px, 580px\" \/><\/p>\n<p><strong>Durch den Glauben<\/strong> <strong>haben wir Zugang zu dieser Gnade und r\u00fchmen uns der Hoffnung der zuk\u00fcnftigen Herrlichkeit. <a href=\"https:\/\/www.bibleserver.com\/LUT\/R%C3%B6mer5%2C2\" target=\"_blank\" rel=\"noopener noreferrer nofollow\"><span style=\"color: #0000ff;\">R\u00f6mer 5, 2<\/span><\/a><\/strong><\/p>\n<p>Ich besichtigte eine Zelle, in der ein Gefangener Jahre verbringen musste. Die W\u00e4nde waren verschmutzt und mit Kritzeleien versehen. An eine Wand war eine Art Kalender gemalt worden. Der Gefangene hatte jeden verbrachten Tag mit einem Strich sichtbar gemacht. So verschaffte er sich einen \u00dcberblick und wusste, wie viele Tage er noch in dieser Zelle zu verbringen hatte. Mit jedem weiteren Strich r\u00fcckte seine Hoffnung auf Entlassung n\u00e4her.<\/p>\n<p>Sicher, wir f\u00fchren keine Strichliste im Blick auf die Wiederkunft unseres Herrn. Dennoch gibt es etwas, das&nbsp; uns t\u00e4glich Kraft gibt, den angefangenen Weg bis zum Ende fortzusetzen &#8211; trotz Schwierigkeiten, Leid,&nbsp; Entbehrung&nbsp; oder Verfolgung. Wir haben das Versprechen unseres Herrn, der gesagt hat: <em>Ich bereite euch eine St\u00e4tte und komme wieder, um euch zu mir zu holen.<\/em><!--more--><\/p>\n<p>Von dieser Hoffnung getragen leben alle wahren Christen mitten in einer Welt, die t\u00e4glich tiefer in Hoffungslosigkeit versinkt. W\u00e4hrend ganze V\u00f6lker immer unregierbarer werden und Terror, Furcht und Schrecken vielen fast den Atem raubt, singen diese fr\u00f6hlich ihr Lied und nehmen jeden Tag, von der Hoffnung getragen, dankbar aus Gottes H\u00e4nden.<\/p>\n<p>Mit Schrecken verfolge ich den zunehmenden Terrorismus. Es scheint, als habe er bereits die ganze Welt erfasst. Ich sehe die Interviews mit Menschen, die bereit sind, sich zu opfern und sich als lebende Bomben in die Luft zu sprengen.<\/p>\n<p>Fragt man nach den Gr\u00fcnden, so zitieren sie Verse aus dem Koran. Allah hat denen das Paradies versprochen, die sich im Kampf f\u00fcr die Ausbreitung des Islams opfern. Diese Hoffnung macht sie stark und mutig und ein stetig wachsendes Heer von Gleichgesinnten steht in den Startl\u00f6chern und wartet auf ihren Einsatzbefehl.<\/p>\n<p>Gott gab seinem Volk eine Hoffnung mit auf den Weg, als sie \u00c4gypten verlie\u00dfen: Ich bringe euch in ein Land, darin Milch und Honig flie\u00dfen.&nbsp; <a href=\"https:\/\/www.bibleserver.com\/LUT\/2.Mose3%2C8\" target=\"_blank\" rel=\"noopener noreferrer nofollow\"><span style=\"color: #0000ff;\">2. Mos. 3, 8<\/span><\/a>. Diese Hoffnung sollte sie st\u00e4rken, wenn sich Hindernisse in den Weg stellten. Sie sollte daf\u00fcr sorgen, dass sie mitten in der Wildnis fr\u00f6hlich singen konnten.<\/p>\n<p>Kaum hatten sie ihre Reise angetreten, da hatten sie auch schon ihre Hoffnung und damit das Ziel ihrer Wanderung aus den Augen verloren. Niemand von ihnen erreichte das Ziel.<\/p>\n<p>Gottes Volk ist immer noch unterwegs. Die W\u00fcste ist weiterhin Realit\u00e4t. Der Weg ist nicht leichter geworden. Aber was geschieht, wenn das Ziel der Wanderung verloren geht oder dar\u00fcber nicht mehr gesprochen wird? Den Moslems wird Tag und Nacht Hoffnung gepredigt. Jeder kennt die Koranverse und hat sie sich unausl\u00f6schlich eingepr\u00e4gt.<\/p>\n<p>Als Abraham die Goldene Stadt, das Ziel seiner Wanderung erblickte, war er sofort bereit, als Fremdling im Land zu leben. Er baute keine H\u00e4user, sondern wohnte in Zelten, weil er wusste, dass etwas viel Besseres auf ihn wartete. <a href=\"https:\/\/www.bibleserver.com\/LUT\/Hebr%C3%A4er11%2C8-10\" target=\"_blank\" rel=\"noopener noreferrer nofollow\"><span style=\"color: #0000ff;\">Hebr. 11,8-10<\/span><\/a><\/p>\n<p>Kennt Gottes Volk seine Hoffnung und ist es davon begeistert? Mit welchen Themen besch\u00e4ftigen wir uns in dieser Zeit?<\/p>\n","protected":false},"excerpt":{"rendered":"<p>Durch den Glauben haben wir Zugang zu dieser Gnade und r\u00fchmen uns der Hoffnung der zuk\u00fcnftigen Herrlichkeit. R\u00f6mer 5, 2 Ich besichtigte eine Zelle, in der ein Gefangener Jahre verbringen musste. Die W\u00e4nde waren verschmutzt und mit Kritzeleien versehen. An eine Wand war eine Art Kalender gemalt worden. Der Gefangene hatte jeden verbrachten Tag mit &hellip; <\/p>\n<p class=\"link-more\"><a href=\"https:\/\/erhardt-stiefel.de\/index.php\/2026\/03\/05\/hoffnung-macht-stark-2\/\" class=\"more-link\"><span class=\"screen-reader-text\">\u201eHoffnung macht stark\u201c<\/span> weiterlesen<\/a><\/p>\n","protected":false},"author":1,"featured_media":0,"comment_status":"open","ping_status":"closed","sticky":false,"template":"","format":"standard","meta":{"_exactmetrics_skip_tracking":false,"_exactmetrics_sitenote_active":false,"_exactmetrics_sitenote_note":"","_exactmetrics_sitenote_category":0,"ngg_post_thumbnail":0,"jetpack_post_was_ever_published":false,"_jetpack_newsletter_access":"","_jetpack_dont_email_post_to_subs":false,"_jetpack_newsletter_tier_id":0,"_jetpack_memberships_contains_paywalled_content":false,"_jetpack_memberships_contains_paid_content":false,"footnotes":"","jetpack_publicize_message":"","jetpack_publicize_feature_enabled":true,"jetpack_social_post_already_shared":true,"jetpack_social_options":{"image_generator_settings":{"template":"highway","default_image_id":0,"font":"","enabled":false},"version":2}},"categories":[319,311],"tags":[317,373,374],"class_list":["post-11003","post","type-post","status-publish","format-standard","hentry","category-adlerbotschaft","category-predigten","tag-adler","tag-maerz","tag-roemer"],"yoast_head":"<!-- This site is optimized with the Yoast SEO plugin v27.4 - https:\/\/yoast.com\/product\/yoast-seo-wordpress\/ -->\n<title>Hoffnung macht stark - Erhardt Stiefel&#039;s Fundgrube<\/title>\n<meta name=\"robots\" content=\"index, follow, max-snippet:-1, max-image-preview:large, max-video-preview:-1\" \/>\n<link rel=\"canonical\" href=\"https:\/\/erhardt-stiefel.de\/index.php\/2026\/03\/05\/hoffnung-macht-stark-2\/\" \/>\n<meta property=\"og:locale\" content=\"de_DE\" \/>\n<meta property=\"og:type\" content=\"article\" \/>\n<meta property=\"og:title\" content=\"Hoffnung macht stark - Erhardt Stiefel&#039;s Fundgrube\" \/>\n<meta property=\"og:description\" content=\"Durch den Glauben haben wir Zugang zu dieser Gnade und r\u00fchmen uns der Hoffnung der zuk\u00fcnftigen Herrlichkeit. R\u00f6mer 5, 2 Ich besichtigte eine Zelle, in der ein Gefangener Jahre verbringen musste. Die W\u00e4nde waren verschmutzt und mit Kritzeleien versehen. An eine Wand war eine Art Kalender gemalt worden. Der Gefangene hatte jeden verbrachten Tag mit &hellip; \u201eHoffnung macht stark\u201c weiterlesen\" \/>\n<meta property=\"og:url\" content=\"https:\/\/erhardt-stiefel.de\/index.php\/2026\/03\/05\/hoffnung-macht-stark-2\/\" \/>\n<meta property=\"og:site_name\" content=\"Erhardt Stiefel&#039;s Fundgrube\" \/>\n<meta property=\"article:published_time\" content=\"2026-03-05T06:21:00+00:00\" \/>\n<meta property=\"og:image\" content=\"https:\/\/erhardt-stiefel.de\/wp-content\/uploads\/2021\/03\/05.jpg\" \/>\n\t<meta property=\"og:image:width\" content=\"796\" \/>\n\t<meta property=\"og:image:height\" content=\"887\" \/>\n\t<meta property=\"og:image:type\" content=\"image\/jpeg\" \/>\n<meta name=\"author\" content=\"Erhardt\" \/>\n<meta name=\"twitter:card\" content=\"summary_large_image\" \/>\n<meta name=\"twitter:creator\" content=\"@erhardtstiefel77\" \/>\n<meta name=\"twitter:label1\" content=\"Geschrieben von\" \/>\n\t<meta name=\"twitter:data1\" content=\"Erhardt\" \/>\n\t<meta name=\"twitter:label2\" content=\"Gesch\u00e4tzte Lesezeit\" \/>\n\t<meta name=\"twitter:data2\" content=\"3\u00a0Minuten\" \/>\n<script type=\"application\/ld+json\" class=\"yoast-schema-graph\">{\"@context\":\"https:\\\/\\\/schema.org\",\"@graph\":[{\"@type\":\"Article\",\"@id\":\"https:\\\/\\\/erhardt-stiefel.de\\\/index.php\\\/2026\\\/03\\\/05\\\/hoffnung-macht-stark-2\\\/#article\",\"isPartOf\":{\"@id\":\"https:\\\/\\\/erhardt-stiefel.de\\\/index.php\\\/2026\\\/03\\\/05\\\/hoffnung-macht-stark-2\\\/\"},\"author\":{\"name\":\"Erhardt\",\"@id\":\"https:\\\/\\\/erhardt-stiefel.de\\\/#\\\/schema\\\/person\\\/623af879bb14c4ae6622ece81ec006ef\"},\"headline\":\"Hoffnung macht stark\",\"datePublished\":\"2026-03-05T06:21:00+00:00\",\"mainEntityOfPage\":{\"@id\":\"https:\\\/\\\/erhardt-stiefel.de\\\/index.php\\\/2026\\\/03\\\/05\\\/hoffnung-macht-stark-2\\\/\"},\"wordCount\":511,\"commentCount\":0,\"image\":{\"@id\":\"https:\\\/\\\/erhardt-stiefel.de\\\/index.php\\\/2026\\\/03\\\/05\\\/hoffnung-macht-stark-2\\\/#primaryimage\"},\"thumbnailUrl\":\"https:\\\/\\\/erhardt-stiefel.de\\\/wp-content\\\/uploads\\\/2021\\\/03\\\/05.jpg\",\"keywords\":[\"Adler\",\"M\u00e4rz\",\"R\u00f6mer\"],\"articleSection\":[\"Adlerbotschaft\",\"Predigten\"],\"inLanguage\":\"de\",\"potentialAction\":[{\"@type\":\"CommentAction\",\"name\":\"Comment\",\"target\":[\"https:\\\/\\\/erhardt-stiefel.de\\\/index.php\\\/2026\\\/03\\\/05\\\/hoffnung-macht-stark-2\\\/#respond\"]}]},{\"@type\":\"WebPage\",\"@id\":\"https:\\\/\\\/erhardt-stiefel.de\\\/index.php\\\/2026\\\/03\\\/05\\\/hoffnung-macht-stark-2\\\/\",\"url\":\"https:\\\/\\\/erhardt-stiefel.de\\\/index.php\\\/2026\\\/03\\\/05\\\/hoffnung-macht-stark-2\\\/\",\"name\":\"Hoffnung macht stark - Erhardt Stiefel&#039;s Fundgrube\",\"isPartOf\":{\"@id\":\"https:\\\/\\\/erhardt-stiefel.de\\\/#website\"},\"primaryImageOfPage\":{\"@id\":\"https:\\\/\\\/erhardt-stiefel.de\\\/index.php\\\/2026\\\/03\\\/05\\\/hoffnung-macht-stark-2\\\/#primaryimage\"},\"image\":{\"@id\":\"https:\\\/\\\/erhardt-stiefel.de\\\/index.php\\\/2026\\\/03\\\/05\\\/hoffnung-macht-stark-2\\\/#primaryimage\"},\"thumbnailUrl\":\"https:\\\/\\\/erhardt-stiefel.de\\\/wp-content\\\/uploads\\\/2021\\\/03\\\/05.jpg\",\"datePublished\":\"2026-03-05T06:21:00+00:00\",\"author\":{\"@id\":\"https:\\\/\\\/erhardt-stiefel.de\\\/#\\\/schema\\\/person\\\/623af879bb14c4ae6622ece81ec006ef\"},\"breadcrumb\":{\"@id\":\"https:\\\/\\\/erhardt-stiefel.de\\\/index.php\\\/2026\\\/03\\\/05\\\/hoffnung-macht-stark-2\\\/#breadcrumb\"},\"inLanguage\":\"de\",\"potentialAction\":[{\"@type\":\"ReadAction\",\"target\":[\"https:\\\/\\\/erhardt-stiefel.de\\\/index.php\\\/2026\\\/03\\\/05\\\/hoffnung-macht-stark-2\\\/\"]}]},{\"@type\":\"ImageObject\",\"inLanguage\":\"de\",\"@id\":\"https:\\\/\\\/erhardt-stiefel.de\\\/index.php\\\/2026\\\/03\\\/05\\\/hoffnung-macht-stark-2\\\/#primaryimage\",\"url\":\"https:\\\/\\\/erhardt-stiefel.de\\\/wp-content\\\/uploads\\\/2021\\\/03\\\/05.jpg\",\"contentUrl\":\"https:\\\/\\\/erhardt-stiefel.de\\\/wp-content\\\/uploads\\\/2021\\\/03\\\/05.jpg\",\"width\":796,\"height\":887},{\"@type\":\"BreadcrumbList\",\"@id\":\"https:\\\/\\\/erhardt-stiefel.de\\\/index.php\\\/2026\\\/03\\\/05\\\/hoffnung-macht-stark-2\\\/#breadcrumb\",\"itemListElement\":[{\"@type\":\"ListItem\",\"position\":1,\"name\":\"Home\",\"item\":\"https:\\\/\\\/erhardt-stiefel.de\\\/\"},{\"@type\":\"ListItem\",\"position\":2,\"name\":\"Hoffnung macht stark\"}]},{\"@type\":\"WebSite\",\"@id\":\"https:\\\/\\\/erhardt-stiefel.de\\\/#website\",\"url\":\"https:\\\/\\\/erhardt-stiefel.de\\\/\",\"name\":\"Erhardt Stiefel&#039;s Fundgrube\",\"description\":\"Erfahrungen mit CMS, Genealogie, Gott und der Welt - die ich sehr gerne mit dir teilen w\u00fcrde\",\"potentialAction\":[{\"@type\":\"SearchAction\",\"target\":{\"@type\":\"EntryPoint\",\"urlTemplate\":\"https:\\\/\\\/erhardt-stiefel.de\\\/?s={search_term_string}\"},\"query-input\":{\"@type\":\"PropertyValueSpecification\",\"valueRequired\":true,\"valueName\":\"search_term_string\"}}],\"inLanguage\":\"de\"},{\"@type\":\"Person\",\"@id\":\"https:\\\/\\\/erhardt-stiefel.de\\\/#\\\/schema\\\/person\\\/623af879bb14c4ae6622ece81ec006ef\",\"name\":\"Erhardt\",\"image\":{\"@type\":\"ImageObject\",\"inLanguage\":\"de\",\"@id\":\"https:\\\/\\\/secure.gravatar.com\\\/avatar\\\/086c9cb068fa330c15ed0aabfea0b66ecfa387fd1d6eb1a1a3b0a963becd7f74?s=96&d=mm&r=g\",\"url\":\"https:\\\/\\\/secure.gravatar.com\\\/avatar\\\/086c9cb068fa330c15ed0aabfea0b66ecfa387fd1d6eb1a1a3b0a963becd7f74?s=96&d=mm&r=g\",\"contentUrl\":\"https:\\\/\\\/secure.gravatar.com\\\/avatar\\\/086c9cb068fa330c15ed0aabfea0b66ecfa387fd1d6eb1a1a3b0a963becd7f74?s=96&d=mm&r=g\",\"caption\":\"Erhardt\"},\"sameAs\":[\"https:\\\/\\\/erhardt-stiefel.de\",\"https:\\\/\\\/x.com\\\/erhardtstiefel77\"],\"url\":\"https:\\\/\\\/erhardt-stiefel.de\\\/index.php\\\/author\\\/erhardt_stiefel\\\/\"}]}<\/script>\n<!-- \/ Yoast SEO plugin. -->","yoast_head_json":{"title":"Hoffnung macht stark - Erhardt Stiefel&#039;s Fundgrube","robots":{"index":"index","follow":"follow","max-snippet":"max-snippet:-1","max-image-preview":"max-image-preview:large","max-video-preview":"max-video-preview:-1"},"canonical":"https:\/\/erhardt-stiefel.de\/index.php\/2026\/03\/05\/hoffnung-macht-stark-2\/","og_locale":"de_DE","og_type":"article","og_title":"Hoffnung macht stark - Erhardt Stiefel&#039;s Fundgrube","og_description":"Durch den Glauben haben wir Zugang zu dieser Gnade und r\u00fchmen uns der Hoffnung der zuk\u00fcnftigen Herrlichkeit. R\u00f6mer 5, 2 Ich besichtigte eine Zelle, in der ein Gefangener Jahre verbringen musste. Die W\u00e4nde waren verschmutzt und mit Kritzeleien versehen. An eine Wand war eine Art Kalender gemalt worden. Der Gefangene hatte jeden verbrachten Tag mit &hellip; \u201eHoffnung macht stark\u201c weiterlesen","og_url":"https:\/\/erhardt-stiefel.de\/index.php\/2026\/03\/05\/hoffnung-macht-stark-2\/","og_site_name":"Erhardt Stiefel&#039;s Fundgrube","article_published_time":"2026-03-05T06:21:00+00:00","og_image":[{"width":796,"height":887,"url":"https:\/\/erhardt-stiefel.de\/wp-content\/uploads\/2021\/03\/05.jpg","type":"image\/jpeg"}],"author":"Erhardt","twitter_card":"summary_large_image","twitter_creator":"@erhardtstiefel77","twitter_misc":{"Geschrieben von":"Erhardt","Gesch\u00e4tzte Lesezeit":"3\u00a0Minuten"},"schema":{"@context":"https:\/\/schema.org","@graph":[{"@type":"Article","@id":"https:\/\/erhardt-stiefel.de\/index.php\/2026\/03\/05\/hoffnung-macht-stark-2\/#article","isPartOf":{"@id":"https:\/\/erhardt-stiefel.de\/index.php\/2026\/03\/05\/hoffnung-macht-stark-2\/"},"author":{"name":"Erhardt","@id":"https:\/\/erhardt-stiefel.de\/#\/schema\/person\/623af879bb14c4ae6622ece81ec006ef"},"headline":"Hoffnung macht stark","datePublished":"2026-03-05T06:21:00+00:00","mainEntityOfPage":{"@id":"https:\/\/erhardt-stiefel.de\/index.php\/2026\/03\/05\/hoffnung-macht-stark-2\/"},"wordCount":511,"commentCount":0,"image":{"@id":"https:\/\/erhardt-stiefel.de\/index.php\/2026\/03\/05\/hoffnung-macht-stark-2\/#primaryimage"},"thumbnailUrl":"https:\/\/erhardt-stiefel.de\/wp-content\/uploads\/2021\/03\/05.jpg","keywords":["Adler","M\u00e4rz","R\u00f6mer"],"articleSection":["Adlerbotschaft","Predigten"],"inLanguage":"de","potentialAction":[{"@type":"CommentAction","name":"Comment","target":["https:\/\/erhardt-stiefel.de\/index.php\/2026\/03\/05\/hoffnung-macht-stark-2\/#respond"]}]},{"@type":"WebPage","@id":"https:\/\/erhardt-stiefel.de\/index.php\/2026\/03\/05\/hoffnung-macht-stark-2\/","url":"https:\/\/erhardt-stiefel.de\/index.php\/2026\/03\/05\/hoffnung-macht-stark-2\/","name":"Hoffnung macht stark - Erhardt Stiefel&#039;s Fundgrube","isPartOf":{"@id":"https:\/\/erhardt-stiefel.de\/#website"},"primaryImageOfPage":{"@id":"https:\/\/erhardt-stiefel.de\/index.php\/2026\/03\/05\/hoffnung-macht-stark-2\/#primaryimage"},"image":{"@id":"https:\/\/erhardt-stiefel.de\/index.php\/2026\/03\/05\/hoffnung-macht-stark-2\/#primaryimage"},"thumbnailUrl":"https:\/\/erhardt-stiefel.de\/wp-content\/uploads\/2021\/03\/05.jpg","datePublished":"2026-03-05T06:21:00+00:00","author":{"@id":"https:\/\/erhardt-stiefel.de\/#\/schema\/person\/623af879bb14c4ae6622ece81ec006ef"},"breadcrumb":{"@id":"https:\/\/erhardt-stiefel.de\/index.php\/2026\/03\/05\/hoffnung-macht-stark-2\/#breadcrumb"},"inLanguage":"de","potentialAction":[{"@type":"ReadAction","target":["https:\/\/erhardt-stiefel.de\/index.php\/2026\/03\/05\/hoffnung-macht-stark-2\/"]}]},{"@type":"ImageObject","inLanguage":"de","@id":"https:\/\/erhardt-stiefel.de\/index.php\/2026\/03\/05\/hoffnung-macht-stark-2\/#primaryimage","url":"https:\/\/erhardt-stiefel.de\/wp-content\/uploads\/2021\/03\/05.jpg","contentUrl":"https:\/\/erhardt-stiefel.de\/wp-content\/uploads\/2021\/03\/05.jpg","width":796,"height":887},{"@type":"BreadcrumbList","@id":"https:\/\/erhardt-stiefel.de\/index.php\/2026\/03\/05\/hoffnung-macht-stark-2\/#breadcrumb","itemListElement":[{"@type":"ListItem","position":1,"name":"Home","item":"https:\/\/erhardt-stiefel.de\/"},{"@type":"ListItem","position":2,"name":"Hoffnung macht stark"}]},{"@type":"WebSite","@id":"https:\/\/erhardt-stiefel.de\/#website","url":"https:\/\/erhardt-stiefel.de\/","name":"Erhardt Stiefel&#039;s Fundgrube","description":"Erfahrungen mit CMS, Genealogie, Gott und der Welt - die ich sehr gerne mit dir teilen w\u00fcrde","potentialAction":[{"@type":"SearchAction","target":{"@type":"EntryPoint","urlTemplate":"https:\/\/erhardt-stiefel.de\/?s={search_term_string}"},"query-input":{"@type":"PropertyValueSpecification","valueRequired":true,"valueName":"search_term_string"}}],"inLanguage":"de"},{"@type":"Person","@id":"https:\/\/erhardt-stiefel.de\/#\/schema\/person\/623af879bb14c4ae6622ece81ec006ef","name":"Erhardt","image":{"@type":"ImageObject","inLanguage":"de","@id":"https:\/\/secure.gravatar.com\/avatar\/086c9cb068fa330c15ed0aabfea0b66ecfa387fd1d6eb1a1a3b0a963becd7f74?s=96&d=mm&r=g","url":"https:\/\/secure.gravatar.com\/avatar\/086c9cb068fa330c15ed0aabfea0b66ecfa387fd1d6eb1a1a3b0a963becd7f74?s=96&d=mm&r=g","contentUrl":"https:\/\/secure.gravatar.com\/avatar\/086c9cb068fa330c15ed0aabfea0b66ecfa387fd1d6eb1a1a3b0a963becd7f74?s=96&d=mm&r=g","caption":"Erhardt"},"sameAs":["https:\/\/erhardt-stiefel.de","https:\/\/x.com\/erhardtstiefel77"],"url":"https:\/\/erhardt-stiefel.de\/index.php\/author\/erhardt_stiefel\/"}]}},"jetpack_publicize_connections":[],"jetpack_featured_media_url":"","jetpack_sharing_enabled":true,"jetpack_shortlink":"https:\/\/wp.me\/paRlFh-2Rt","_links":{"self":[{"href":"https:\/\/erhardt-stiefel.de\/index.php\/wp-json\/wp\/v2\/posts\/11003","targetHints":{"allow":["GET"]}}],"collection":[{"href":"https:\/\/erhardt-stiefel.de\/index.php\/wp-json\/wp\/v2\/posts"}],"about":[{"href":"https:\/\/erhardt-stiefel.de\/index.php\/wp-json\/wp\/v2\/types\/post"}],"author":[{"embeddable":true,"href":"https:\/\/erhardt-stiefel.de\/index.php\/wp-json\/wp\/v2\/users\/1"}],"replies":[{"embeddable":true,"href":"https:\/\/erhardt-stiefel.de\/index.php\/wp-json\/wp\/v2\/comments?post=11003"}],"version-history":[{"count":1,"href":"https:\/\/erhardt-stiefel.de\/index.php\/wp-json\/wp\/v2\/posts\/11003\/revisions"}],"predecessor-version":[{"id":11004,"href":"https:\/\/erhardt-stiefel.de\/index.php\/wp-json\/wp\/v2\/posts\/11003\/revisions\/11004"}],"wp:attachment":[{"href":"https:\/\/erhardt-stiefel.de\/index.php\/wp-json\/wp\/v2\/media?parent=11003"}],"wp:term":[{"taxonomy":"category","embeddable":true,"href":"https:\/\/erhardt-stiefel.de\/index.php\/wp-json\/wp\/v2\/categories?post=11003"},{"taxonomy":"post_tag","embeddable":true,"href":"https:\/\/erhardt-stiefel.de\/index.php\/wp-json\/wp\/v2\/tags?post=11003"}],"curies":[{"name":"wp","href":"https:\/\/api.w.org\/{rel}","templated":true}]}}