{"id":11018,"date":"2026-03-10T09:12:00","date_gmt":"2026-03-10T08:12:00","guid":{"rendered":"https:\/\/erhardt-stiefel.de\/?p=11018"},"modified":"2026-03-10T09:12:00","modified_gmt":"2026-03-10T08:12:00","slug":"achte-auf-die-kleinen-anfaenge-2","status":"publish","type":"post","link":"https:\/\/erhardt-stiefel.de\/index.php\/2026\/03\/10\/achte-auf-die-kleinen-anfaenge-2\/","title":{"rendered":"Achte auf die kleinen Anf\u00e4nge"},"content":{"rendered":"<p><img loading=\"lazy\" decoding=\"async\" class=\"aligncenter size-full wp-image-4454\" src=\"https:\/\/erhardt-stiefel.de\/wp-content\/uploads\/2021\/03\/10.jpg\" alt=\"\" width=\"796\" height=\"882\" srcset=\"https:\/\/erhardt-stiefel.de\/wp-content\/uploads\/2021\/03\/10.jpg 796w, https:\/\/erhardt-stiefel.de\/wp-content\/uploads\/2021\/03\/10-271x300.jpg 271w, https:\/\/erhardt-stiefel.de\/wp-content\/uploads\/2021\/03\/10-768x851.jpg 768w\" sizes=\"auto, (max-width: 767px) 89vw, (max-width: 1000px) 54vw, (max-width: 1071px) 543px, 580px\" \/><\/p>\n<p><strong>Und beim siebenten Mal sprach er: Siehe, es steigt eine kleine Wolke auf aus dem Meer wie eines Mannes Hand. Elia sprach: Geh hin und sage Ahab: Spann an und fahre hinab, damit dich der Regen nicht aufh\u00e4lt. <a href=\"https:\/\/www.bibleserver.com\/LUT\/1.K%C3%B6nige18%2C44\" target=\"_blank\" rel=\"noopener noreferrer nofollow\"><span style=\"color: #0000ff;\">1. K\u00f6nige 18, 44<\/span>.<\/a><\/strong><\/p>\n<p>Als Elia das siebente Mal um Regen gebetet hatte, zeigte sich am Horizont eine winzige Wolke. Sie war aus dem Wasser emporgestiegen. \u201eSo gro\u00df, wie die Hand eines Mannes,\u201c sagte der Diener Elias. Dabei wird er gedacht haben: \u201eWas n\u00fctzt eine kleine Wolke, wo es doch im ganzen Land dreieinhalb Jahre nicht mehr geregnet hat. Da braucht es gro\u00dfe Wolken, schwere Regenwolken, und keine winzigen W\u00f6lkchen. Soll das die Antwort auf ein so ausgiebiges Gebet sein?\u201c Elia sah das v\u00f6llig anders. Als er die Nachricht vernahm, horchte er auf. Er wird gesagt haben: \u201eWas, es ist schon eine Wolke zu sehen? Das ist der Anfang des erbetenen Regens!\u201c Schnell lie\u00df er K\u00f6nig Ahab ausrichten: \u201eSieh zu, dass du trocken nach Hause kommst. Es rauscht schon, als wollte es sehr regnen.\u201c Kaum hatte er das gesagt, war der ganze Himmel bedeckt und es begann wirklich zu regnen. <!--more--><\/p>\n<p>Nicht immer kommt die Erh\u00f6rung so, wie wir sie uns vorgestellt haben, besonders dann nicht, wenn wir um Erweckung beten. Das interessanteste Kapitel der Kirchengeschichte wird gegenw\u00e4rtig geschrieben. Zu keiner Zeit wurde mehr f\u00fcr unser Land gebetet, als es gegenw\u00e4rtig getan wird. Zu keiner Zeit gab es so viele Bibelschulen, die junge Menschen ausbilden, wie gegenw\u00e4rtig.<\/p>\n<p>Tausende nehmen t\u00e4glich weltweit die frohe Botschaft an und werden Christen. Es scheint, als br\u00fcte der Heilige Geist \u00fcber ganzen V\u00f6lkern. T\u00e4glich werden weltweit neue Gemeinden gegr\u00fcndet, und das in Gebieten, wo noch nie das Evangelium verk\u00fcndet worden ist. \u2013 Aus kleinen Wolken wurde ein gro\u00dfer Regen.<\/p>\n<p>Jesus vergleicht das Himmelreich mit einem Sauerteig, der unter viel Mehl verborgen liegt und allm\u00e4hlich alles durchs\u00e4uert. <a href=\"https:\/\/www.bibleserver.com\/LUT\/Matth%C3%A4us13%2C33\" target=\"_blank\" rel=\"noopener noreferrer nofollow\"><span style=\"color: #0000ff;\">Matth. 13, 33<\/span><\/a>.<\/p>\n<p>Erweckung gleicht nicht selten dem geheimnisvollen Prozess des G\u00e4rens, wie beim Sauerteig. W\u00e4hrend eines Gottesdienstes kann sich eine Person f\u00fcr Gott entscheiden, die Gott als Schl\u00fcssel benutzt, einen gro\u00dfen Regen auszul\u00f6sen.<\/p>\n<p>Untersuchen wir die Berichte \u00fcber Erweckungen f\u00e4llt auf, dass in der Regel alles klein und bedeutungslos anfing. Aus kleinen Hauskreisen oder bescheidenen Anf\u00e4ngen von Arbeiten unter Kindern, Frauen oder Jugendlichen wuchsen mit der Zeit gro\u00dfartige Gemeinden hervor.<\/p>\n<p>Johannes berichtet, wie eine einzelne Frau zum Schl\u00fcssel f\u00fcr Erweckung wurde. Das ganze Dorf kam zu Jesus und sagte anschlie\u00dfend<em>: Wir glauben hinfort nicht um deiner Rede willen; wir haben selber geh\u00f6rt und erkannt, dass dieser ist wahrlich der Welt Heiland. <\/em><a href=\"https:\/\/www.bibleserver.com\/LUT\/Johannes4%2C39-42\" target=\"_blank\" rel=\"noopener noreferrer nofollow\"><span style=\"color: #0000ff;\">Joh. 4, 39-42<\/span><\/a>.<\/p>\n<p>Achten wir bei allem, was wir f\u00fcr Gott tun wollen, auf die kleinen Wolken. Eine von ihnen k\u00f6nnte die Antwort sein auf unsere vielen Gebete um Erweckung oder auf Anliegen, die unser pers\u00f6nliches Leben betreffen.<\/p>\n","protected":false},"excerpt":{"rendered":"<p>Und beim siebenten Mal sprach er: Siehe, es steigt eine kleine Wolke auf aus dem Meer wie eines Mannes Hand. Elia sprach: Geh hin und sage Ahab: Spann an und fahre hinab, damit dich der Regen nicht aufh\u00e4lt. 1. K\u00f6nige 18, 44. Als Elia das siebente Mal um Regen gebetet hatte, zeigte sich am Horizont &hellip; <\/p>\n<p class=\"link-more\"><a href=\"https:\/\/erhardt-stiefel.de\/index.php\/2026\/03\/10\/achte-auf-die-kleinen-anfaenge-2\/\" class=\"more-link\"><span class=\"screen-reader-text\">\u201eAchte auf die kleinen Anf\u00e4nge\u201c<\/span> weiterlesen<\/a><\/p>\n","protected":false},"author":1,"featured_media":0,"comment_status":"open","ping_status":"closed","sticky":false,"template":"","format":"standard","meta":{"_exactmetrics_skip_tracking":false,"_exactmetrics_sitenote_active":false,"_exactmetrics_sitenote_note":"","_exactmetrics_sitenote_category":0,"ngg_post_thumbnail":0,"jetpack_post_was_ever_published":false,"_jetpack_newsletter_access":"","_jetpack_dont_email_post_to_subs":false,"_jetpack_newsletter_tier_id":0,"_jetpack_memberships_contains_paywalled_content":false,"_jetpack_memberships_contains_paid_content":false,"footnotes":"","jetpack_publicize_message":"","jetpack_publicize_feature_enabled":true,"jetpack_social_post_already_shared":true,"jetpack_social_options":{"image_generator_settings":{"template":"highway","default_image_id":0,"font":"","enabled":false},"version":2}},"categories":[319,311],"tags":[317,375,373],"class_list":["post-11018","post","type-post","status-publish","format-standard","hentry","category-adlerbotschaft","category-predigten","tag-adler","tag-koenige","tag-maerz"],"yoast_head":"<!-- This site is optimized with the Yoast SEO plugin v27.4 - https:\/\/yoast.com\/product\/yoast-seo-wordpress\/ -->\n<title>Achte auf die kleinen Anf\u00e4nge - Erhardt Stiefel&#039;s Fundgrube<\/title>\n<meta name=\"robots\" content=\"index, follow, max-snippet:-1, max-image-preview:large, max-video-preview:-1\" \/>\n<link rel=\"canonical\" href=\"https:\/\/erhardt-stiefel.de\/index.php\/2026\/03\/10\/achte-auf-die-kleinen-anfaenge-2\/\" \/>\n<meta property=\"og:locale\" content=\"de_DE\" \/>\n<meta property=\"og:type\" content=\"article\" \/>\n<meta property=\"og:title\" content=\"Achte auf die kleinen Anf\u00e4nge - Erhardt Stiefel&#039;s Fundgrube\" \/>\n<meta property=\"og:description\" content=\"Und beim siebenten Mal sprach er: Siehe, es steigt eine kleine Wolke auf aus dem Meer wie eines Mannes Hand. Elia sprach: Geh hin und sage Ahab: Spann an und fahre hinab, damit dich der Regen nicht aufh\u00e4lt. 1. K\u00f6nige 18, 44. Als Elia das siebente Mal um Regen gebetet hatte, zeigte sich am Horizont &hellip; \u201eAchte auf die kleinen Anf\u00e4nge\u201c weiterlesen\" \/>\n<meta property=\"og:url\" content=\"https:\/\/erhardt-stiefel.de\/index.php\/2026\/03\/10\/achte-auf-die-kleinen-anfaenge-2\/\" \/>\n<meta property=\"og:site_name\" content=\"Erhardt Stiefel&#039;s Fundgrube\" \/>\n<meta property=\"article:published_time\" content=\"2026-03-10T08:12:00+00:00\" \/>\n<meta property=\"og:image\" content=\"https:\/\/erhardt-stiefel.de\/wp-content\/uploads\/2021\/03\/10.jpg\" \/>\n\t<meta property=\"og:image:width\" content=\"796\" \/>\n\t<meta property=\"og:image:height\" content=\"882\" \/>\n\t<meta property=\"og:image:type\" content=\"image\/jpeg\" \/>\n<meta name=\"author\" content=\"Erhardt\" \/>\n<meta name=\"twitter:card\" content=\"summary_large_image\" \/>\n<meta name=\"twitter:creator\" content=\"@erhardtstiefel77\" \/>\n<meta name=\"twitter:label1\" content=\"Geschrieben von\" \/>\n\t<meta name=\"twitter:data1\" content=\"Erhardt\" \/>\n\t<meta name=\"twitter:label2\" content=\"Gesch\u00e4tzte Lesezeit\" \/>\n\t<meta name=\"twitter:data2\" content=\"3\u00a0Minuten\" \/>\n<script type=\"application\/ld+json\" class=\"yoast-schema-graph\">{\"@context\":\"https:\\\/\\\/schema.org\",\"@graph\":[{\"@type\":\"Article\",\"@id\":\"https:\\\/\\\/erhardt-stiefel.de\\\/index.php\\\/2026\\\/03\\\/10\\\/achte-auf-die-kleinen-anfaenge-2\\\/#article\",\"isPartOf\":{\"@id\":\"https:\\\/\\\/erhardt-stiefel.de\\\/index.php\\\/2026\\\/03\\\/10\\\/achte-auf-die-kleinen-anfaenge-2\\\/\"},\"author\":{\"name\":\"Erhardt\",\"@id\":\"https:\\\/\\\/erhardt-stiefel.de\\\/#\\\/schema\\\/person\\\/623af879bb14c4ae6622ece81ec006ef\"},\"headline\":\"Achte auf die kleinen Anf\u00e4nge\",\"datePublished\":\"2026-03-10T08:12:00+00:00\",\"mainEntityOfPage\":{\"@id\":\"https:\\\/\\\/erhardt-stiefel.de\\\/index.php\\\/2026\\\/03\\\/10\\\/achte-auf-die-kleinen-anfaenge-2\\\/\"},\"wordCount\":494,\"commentCount\":0,\"image\":{\"@id\":\"https:\\\/\\\/erhardt-stiefel.de\\\/index.php\\\/2026\\\/03\\\/10\\\/achte-auf-die-kleinen-anfaenge-2\\\/#primaryimage\"},\"thumbnailUrl\":\"https:\\\/\\\/erhardt-stiefel.de\\\/wp-content\\\/uploads\\\/2021\\\/03\\\/10.jpg\",\"keywords\":[\"Adler\",\"K\u00f6nige\",\"M\u00e4rz\"],\"articleSection\":[\"Adlerbotschaft\",\"Predigten\"],\"inLanguage\":\"de\",\"potentialAction\":[{\"@type\":\"CommentAction\",\"name\":\"Comment\",\"target\":[\"https:\\\/\\\/erhardt-stiefel.de\\\/index.php\\\/2026\\\/03\\\/10\\\/achte-auf-die-kleinen-anfaenge-2\\\/#respond\"]}]},{\"@type\":\"WebPage\",\"@id\":\"https:\\\/\\\/erhardt-stiefel.de\\\/index.php\\\/2026\\\/03\\\/10\\\/achte-auf-die-kleinen-anfaenge-2\\\/\",\"url\":\"https:\\\/\\\/erhardt-stiefel.de\\\/index.php\\\/2026\\\/03\\\/10\\\/achte-auf-die-kleinen-anfaenge-2\\\/\",\"name\":\"Achte auf die kleinen Anf\u00e4nge - Erhardt Stiefel&#039;s Fundgrube\",\"isPartOf\":{\"@id\":\"https:\\\/\\\/erhardt-stiefel.de\\\/#website\"},\"primaryImageOfPage\":{\"@id\":\"https:\\\/\\\/erhardt-stiefel.de\\\/index.php\\\/2026\\\/03\\\/10\\\/achte-auf-die-kleinen-anfaenge-2\\\/#primaryimage\"},\"image\":{\"@id\":\"https:\\\/\\\/erhardt-stiefel.de\\\/index.php\\\/2026\\\/03\\\/10\\\/achte-auf-die-kleinen-anfaenge-2\\\/#primaryimage\"},\"thumbnailUrl\":\"https:\\\/\\\/erhardt-stiefel.de\\\/wp-content\\\/uploads\\\/2021\\\/03\\\/10.jpg\",\"datePublished\":\"2026-03-10T08:12:00+00:00\",\"author\":{\"@id\":\"https:\\\/\\\/erhardt-stiefel.de\\\/#\\\/schema\\\/person\\\/623af879bb14c4ae6622ece81ec006ef\"},\"breadcrumb\":{\"@id\":\"https:\\\/\\\/erhardt-stiefel.de\\\/index.php\\\/2026\\\/03\\\/10\\\/achte-auf-die-kleinen-anfaenge-2\\\/#breadcrumb\"},\"inLanguage\":\"de\",\"potentialAction\":[{\"@type\":\"ReadAction\",\"target\":[\"https:\\\/\\\/erhardt-stiefel.de\\\/index.php\\\/2026\\\/03\\\/10\\\/achte-auf-die-kleinen-anfaenge-2\\\/\"]}]},{\"@type\":\"ImageObject\",\"inLanguage\":\"de\",\"@id\":\"https:\\\/\\\/erhardt-stiefel.de\\\/index.php\\\/2026\\\/03\\\/10\\\/achte-auf-die-kleinen-anfaenge-2\\\/#primaryimage\",\"url\":\"https:\\\/\\\/erhardt-stiefel.de\\\/wp-content\\\/uploads\\\/2021\\\/03\\\/10.jpg\",\"contentUrl\":\"https:\\\/\\\/erhardt-stiefel.de\\\/wp-content\\\/uploads\\\/2021\\\/03\\\/10.jpg\",\"width\":796,\"height\":882},{\"@type\":\"BreadcrumbList\",\"@id\":\"https:\\\/\\\/erhardt-stiefel.de\\\/index.php\\\/2026\\\/03\\\/10\\\/achte-auf-die-kleinen-anfaenge-2\\\/#breadcrumb\",\"itemListElement\":[{\"@type\":\"ListItem\",\"position\":1,\"name\":\"Home\",\"item\":\"https:\\\/\\\/erhardt-stiefel.de\\\/\"},{\"@type\":\"ListItem\",\"position\":2,\"name\":\"Achte auf die kleinen Anf\u00e4nge\"}]},{\"@type\":\"WebSite\",\"@id\":\"https:\\\/\\\/erhardt-stiefel.de\\\/#website\",\"url\":\"https:\\\/\\\/erhardt-stiefel.de\\\/\",\"name\":\"Erhardt Stiefel&#039;s Fundgrube\",\"description\":\"Erfahrungen mit CMS, Genealogie, Gott und der Welt - die ich sehr gerne mit dir teilen w\u00fcrde\",\"potentialAction\":[{\"@type\":\"SearchAction\",\"target\":{\"@type\":\"EntryPoint\",\"urlTemplate\":\"https:\\\/\\\/erhardt-stiefel.de\\\/?s={search_term_string}\"},\"query-input\":{\"@type\":\"PropertyValueSpecification\",\"valueRequired\":true,\"valueName\":\"search_term_string\"}}],\"inLanguage\":\"de\"},{\"@type\":\"Person\",\"@id\":\"https:\\\/\\\/erhardt-stiefel.de\\\/#\\\/schema\\\/person\\\/623af879bb14c4ae6622ece81ec006ef\",\"name\":\"Erhardt\",\"image\":{\"@type\":\"ImageObject\",\"inLanguage\":\"de\",\"@id\":\"https:\\\/\\\/secure.gravatar.com\\\/avatar\\\/086c9cb068fa330c15ed0aabfea0b66ecfa387fd1d6eb1a1a3b0a963becd7f74?s=96&d=mm&r=g\",\"url\":\"https:\\\/\\\/secure.gravatar.com\\\/avatar\\\/086c9cb068fa330c15ed0aabfea0b66ecfa387fd1d6eb1a1a3b0a963becd7f74?s=96&d=mm&r=g\",\"contentUrl\":\"https:\\\/\\\/secure.gravatar.com\\\/avatar\\\/086c9cb068fa330c15ed0aabfea0b66ecfa387fd1d6eb1a1a3b0a963becd7f74?s=96&d=mm&r=g\",\"caption\":\"Erhardt\"},\"sameAs\":[\"https:\\\/\\\/erhardt-stiefel.de\",\"https:\\\/\\\/x.com\\\/erhardtstiefel77\"],\"url\":\"https:\\\/\\\/erhardt-stiefel.de\\\/index.php\\\/author\\\/erhardt_stiefel\\\/\"}]}<\/script>\n<!-- \/ Yoast SEO plugin. -->","yoast_head_json":{"title":"Achte auf die kleinen Anf\u00e4nge - Erhardt Stiefel&#039;s Fundgrube","robots":{"index":"index","follow":"follow","max-snippet":"max-snippet:-1","max-image-preview":"max-image-preview:large","max-video-preview":"max-video-preview:-1"},"canonical":"https:\/\/erhardt-stiefel.de\/index.php\/2026\/03\/10\/achte-auf-die-kleinen-anfaenge-2\/","og_locale":"de_DE","og_type":"article","og_title":"Achte auf die kleinen Anf\u00e4nge - Erhardt Stiefel&#039;s Fundgrube","og_description":"Und beim siebenten Mal sprach er: Siehe, es steigt eine kleine Wolke auf aus dem Meer wie eines Mannes Hand. Elia sprach: Geh hin und sage Ahab: Spann an und fahre hinab, damit dich der Regen nicht aufh\u00e4lt. 1. K\u00f6nige 18, 44. Als Elia das siebente Mal um Regen gebetet hatte, zeigte sich am Horizont &hellip; \u201eAchte auf die kleinen Anf\u00e4nge\u201c weiterlesen","og_url":"https:\/\/erhardt-stiefel.de\/index.php\/2026\/03\/10\/achte-auf-die-kleinen-anfaenge-2\/","og_site_name":"Erhardt Stiefel&#039;s Fundgrube","article_published_time":"2026-03-10T08:12:00+00:00","og_image":[{"width":796,"height":882,"url":"https:\/\/erhardt-stiefel.de\/wp-content\/uploads\/2021\/03\/10.jpg","type":"image\/jpeg"}],"author":"Erhardt","twitter_card":"summary_large_image","twitter_creator":"@erhardtstiefel77","twitter_misc":{"Geschrieben von":"Erhardt","Gesch\u00e4tzte Lesezeit":"3\u00a0Minuten"},"schema":{"@context":"https:\/\/schema.org","@graph":[{"@type":"Article","@id":"https:\/\/erhardt-stiefel.de\/index.php\/2026\/03\/10\/achte-auf-die-kleinen-anfaenge-2\/#article","isPartOf":{"@id":"https:\/\/erhardt-stiefel.de\/index.php\/2026\/03\/10\/achte-auf-die-kleinen-anfaenge-2\/"},"author":{"name":"Erhardt","@id":"https:\/\/erhardt-stiefel.de\/#\/schema\/person\/623af879bb14c4ae6622ece81ec006ef"},"headline":"Achte auf die kleinen Anf\u00e4nge","datePublished":"2026-03-10T08:12:00+00:00","mainEntityOfPage":{"@id":"https:\/\/erhardt-stiefel.de\/index.php\/2026\/03\/10\/achte-auf-die-kleinen-anfaenge-2\/"},"wordCount":494,"commentCount":0,"image":{"@id":"https:\/\/erhardt-stiefel.de\/index.php\/2026\/03\/10\/achte-auf-die-kleinen-anfaenge-2\/#primaryimage"},"thumbnailUrl":"https:\/\/erhardt-stiefel.de\/wp-content\/uploads\/2021\/03\/10.jpg","keywords":["Adler","K\u00f6nige","M\u00e4rz"],"articleSection":["Adlerbotschaft","Predigten"],"inLanguage":"de","potentialAction":[{"@type":"CommentAction","name":"Comment","target":["https:\/\/erhardt-stiefel.de\/index.php\/2026\/03\/10\/achte-auf-die-kleinen-anfaenge-2\/#respond"]}]},{"@type":"WebPage","@id":"https:\/\/erhardt-stiefel.de\/index.php\/2026\/03\/10\/achte-auf-die-kleinen-anfaenge-2\/","url":"https:\/\/erhardt-stiefel.de\/index.php\/2026\/03\/10\/achte-auf-die-kleinen-anfaenge-2\/","name":"Achte auf die kleinen Anf\u00e4nge - Erhardt Stiefel&#039;s Fundgrube","isPartOf":{"@id":"https:\/\/erhardt-stiefel.de\/#website"},"primaryImageOfPage":{"@id":"https:\/\/erhardt-stiefel.de\/index.php\/2026\/03\/10\/achte-auf-die-kleinen-anfaenge-2\/#primaryimage"},"image":{"@id":"https:\/\/erhardt-stiefel.de\/index.php\/2026\/03\/10\/achte-auf-die-kleinen-anfaenge-2\/#primaryimage"},"thumbnailUrl":"https:\/\/erhardt-stiefel.de\/wp-content\/uploads\/2021\/03\/10.jpg","datePublished":"2026-03-10T08:12:00+00:00","author":{"@id":"https:\/\/erhardt-stiefel.de\/#\/schema\/person\/623af879bb14c4ae6622ece81ec006ef"},"breadcrumb":{"@id":"https:\/\/erhardt-stiefel.de\/index.php\/2026\/03\/10\/achte-auf-die-kleinen-anfaenge-2\/#breadcrumb"},"inLanguage":"de","potentialAction":[{"@type":"ReadAction","target":["https:\/\/erhardt-stiefel.de\/index.php\/2026\/03\/10\/achte-auf-die-kleinen-anfaenge-2\/"]}]},{"@type":"ImageObject","inLanguage":"de","@id":"https:\/\/erhardt-stiefel.de\/index.php\/2026\/03\/10\/achte-auf-die-kleinen-anfaenge-2\/#primaryimage","url":"https:\/\/erhardt-stiefel.de\/wp-content\/uploads\/2021\/03\/10.jpg","contentUrl":"https:\/\/erhardt-stiefel.de\/wp-content\/uploads\/2021\/03\/10.jpg","width":796,"height":882},{"@type":"BreadcrumbList","@id":"https:\/\/erhardt-stiefel.de\/index.php\/2026\/03\/10\/achte-auf-die-kleinen-anfaenge-2\/#breadcrumb","itemListElement":[{"@type":"ListItem","position":1,"name":"Home","item":"https:\/\/erhardt-stiefel.de\/"},{"@type":"ListItem","position":2,"name":"Achte auf die kleinen Anf\u00e4nge"}]},{"@type":"WebSite","@id":"https:\/\/erhardt-stiefel.de\/#website","url":"https:\/\/erhardt-stiefel.de\/","name":"Erhardt Stiefel&#039;s Fundgrube","description":"Erfahrungen mit CMS, Genealogie, Gott und der Welt - die ich sehr gerne mit dir teilen w\u00fcrde","potentialAction":[{"@type":"SearchAction","target":{"@type":"EntryPoint","urlTemplate":"https:\/\/erhardt-stiefel.de\/?s={search_term_string}"},"query-input":{"@type":"PropertyValueSpecification","valueRequired":true,"valueName":"search_term_string"}}],"inLanguage":"de"},{"@type":"Person","@id":"https:\/\/erhardt-stiefel.de\/#\/schema\/person\/623af879bb14c4ae6622ece81ec006ef","name":"Erhardt","image":{"@type":"ImageObject","inLanguage":"de","@id":"https:\/\/secure.gravatar.com\/avatar\/086c9cb068fa330c15ed0aabfea0b66ecfa387fd1d6eb1a1a3b0a963becd7f74?s=96&d=mm&r=g","url":"https:\/\/secure.gravatar.com\/avatar\/086c9cb068fa330c15ed0aabfea0b66ecfa387fd1d6eb1a1a3b0a963becd7f74?s=96&d=mm&r=g","contentUrl":"https:\/\/secure.gravatar.com\/avatar\/086c9cb068fa330c15ed0aabfea0b66ecfa387fd1d6eb1a1a3b0a963becd7f74?s=96&d=mm&r=g","caption":"Erhardt"},"sameAs":["https:\/\/erhardt-stiefel.de","https:\/\/x.com\/erhardtstiefel77"],"url":"https:\/\/erhardt-stiefel.de\/index.php\/author\/erhardt_stiefel\/"}]}},"jetpack_publicize_connections":[],"jetpack_featured_media_url":"","jetpack_sharing_enabled":true,"jetpack_shortlink":"https:\/\/wp.me\/paRlFh-2RI","_links":{"self":[{"href":"https:\/\/erhardt-stiefel.de\/index.php\/wp-json\/wp\/v2\/posts\/11018","targetHints":{"allow":["GET"]}}],"collection":[{"href":"https:\/\/erhardt-stiefel.de\/index.php\/wp-json\/wp\/v2\/posts"}],"about":[{"href":"https:\/\/erhardt-stiefel.de\/index.php\/wp-json\/wp\/v2\/types\/post"}],"author":[{"embeddable":true,"href":"https:\/\/erhardt-stiefel.de\/index.php\/wp-json\/wp\/v2\/users\/1"}],"replies":[{"embeddable":true,"href":"https:\/\/erhardt-stiefel.de\/index.php\/wp-json\/wp\/v2\/comments?post=11018"}],"version-history":[{"count":1,"href":"https:\/\/erhardt-stiefel.de\/index.php\/wp-json\/wp\/v2\/posts\/11018\/revisions"}],"predecessor-version":[{"id":11019,"href":"https:\/\/erhardt-stiefel.de\/index.php\/wp-json\/wp\/v2\/posts\/11018\/revisions\/11019"}],"wp:attachment":[{"href":"https:\/\/erhardt-stiefel.de\/index.php\/wp-json\/wp\/v2\/media?parent=11018"}],"wp:term":[{"taxonomy":"category","embeddable":true,"href":"https:\/\/erhardt-stiefel.de\/index.php\/wp-json\/wp\/v2\/categories?post=11018"},{"taxonomy":"post_tag","embeddable":true,"href":"https:\/\/erhardt-stiefel.de\/index.php\/wp-json\/wp\/v2\/tags?post=11018"}],"curies":[{"name":"wp","href":"https:\/\/api.w.org\/{rel}","templated":true}]}}