{"id":2480,"date":"2019-08-03T14:39:31","date_gmt":"2019-08-03T14:39:31","guid":{"rendered":"https:\/\/erhardt-stiefel.de\/?p=2480"},"modified":"2019-08-20T14:12:50","modified_gmt":"2019-08-20T14:12:50","slug":"die-neue-parkbank-ist-da","status":"publish","type":"post","link":"https:\/\/erhardt-stiefel.de\/index.php\/2019\/08\/03\/die-neue-parkbank-ist-da\/","title":{"rendered":"Die neue Parkbank ist da"},"content":{"rendered":"<p>&nbsp;<img loading=\"lazy\" decoding=\"async\" class=\"aligncenter size-full wp-image-2482\" src=\"https:\/\/erhardt-stiefel.de\/wp-content\/uploads\/2019\/08\/Parkbank_20190802_125616.jpg\" alt=\"\" width=\"1600\" height=\"1200\" srcset=\"https:\/\/erhardt-stiefel.de\/wp-content\/uploads\/2019\/08\/Parkbank_20190802_125616.jpg 1600w, https:\/\/erhardt-stiefel.de\/wp-content\/uploads\/2019\/08\/Parkbank_20190802_125616-300x225.jpg 300w, https:\/\/erhardt-stiefel.de\/wp-content\/uploads\/2019\/08\/Parkbank_20190802_125616-768x576.jpg 768w, https:\/\/erhardt-stiefel.de\/wp-content\/uploads\/2019\/08\/Parkbank_20190802_125616-1024x768.jpg 1024w\" sizes=\"auto, (max-width: 767px) 89vw, (max-width: 1000px) 54vw, (max-width: 1071px) 543px, 580px\" \/><\/p>\n<p>Gestern haben wir &#8222;unsere&#8220; Parkbank auf der L\u00f6ffelstelz &#8222;in Betrieb genommen&#8220;. An dieser Stelle stand vor 54 Jahren auch schon eine Bank. Auf der haben wir uns im Fr\u00fchling 1965 zum erstenmal &#8222;beschnuppert&#8220;.&nbsp;<\/p>\n<p><!--more-->Als es Helga im vergangenen Herbst gesundheitlich so schlecht ging, dass wir beide dachten unser gemeinsamer Lebenweg geht zu Ende, bat ich sie darum noch einmal gemeinsam auf &#8222;unserer&#8220; Bank zu sitzen. Ich holte sie vom Krankenhaus ab und wir fuhren auf den nahen Parkplatz, aber Helga war zu schwach um die 100m dorthin zu laufen. Da ging ich allein um meinen Kummer auf der Bank abzulegen auf der wir soviel Freude erlebt hatten. Aber &#8211; es war keine Bank mehr da. Auf dem R\u00fcckweg kam mir der Gedanke, die Stadt M\u00fchlacker darum zu bitten an der Stelle wo unser Gl\u00fcck begann, wieder eine Bank aufzustellen.<\/p>\n<p>Als ich wieder zur\u00fcck im Auto war, erz\u00e4hlte ich Helga von meiner Idee und machte ihr Mut im kommenden Jahr wieder mit mir zusammen auf &#8222;unserer&#8220; Bank zu sitzen.&nbsp; War es diese Zielsetzung oder war es die Gnade Gottes? Sicher Beides: Ab M\u00e4rz 2019 ging es mit Helgas Gesundheit wieder aufw\u00e4rts und wir erinnerten uns an die Idee vom November 2018. Ich schrieb unseren Wunsch an die Stadtverwaltung M\u00fchlacker und bekam prompt eine Zusage vom Oberb\u00fcrgermeister Frank Schneider pers\u00f6nlich.<\/p>\n<p>Kurze Zeit sp\u00e4ter wurde mir vom Umwelt- und Tiefbauamt sogar in Aussicht gestellt, dass die Bank bis zu unserem 53. Hochzeitstag am 25.08. dort stehen wird. Bereits gestern konnte ich nun diese Erinnerungsplakette anbringen.<\/p>\n<p><img loading=\"lazy\" decoding=\"async\" class=\"aligncenter size-full wp-image-2558\" src=\"https:\/\/erhardt-stiefel.de\/wp-content\/uploads\/2019\/08\/Namensschild-auf-der-neuen-Parkbank.jpg\" alt=\"\" width=\"346\" height=\"168\" srcset=\"https:\/\/erhardt-stiefel.de\/wp-content\/uploads\/2019\/08\/Namensschild-auf-der-neuen-Parkbank.jpg 346w, https:\/\/erhardt-stiefel.de\/wp-content\/uploads\/2019\/08\/Namensschild-auf-der-neuen-Parkbank-300x146.jpg 300w\" sizes=\"auto, (max-width: 346px) 100vw, 346px\" \/><\/p>\n<p>Danach h\u00f6rten wir uns auf der Bank einige Lieder aus meiner zuvor eigens daf\u00fcr erstellten <span style=\"color: #3366ff;\"><strong><a style=\"color: #3366ff;\" href=\"https:\/\/music.youtube.com\/watch?v=Hyt8ipO5RFc&amp;list=PLFzygUW99hftphTPrJKMJUdo62OpokOqG\" target=\"_blank\" rel=\"noopener noreferrer\">Playlist<\/a><\/strong><\/span> an, schwelgten in Nostalgie und &#8211; machten wieder Zukunftspl\u00e4ne. Wir danken allen Beteiligten der Stadtverwaltung M\u00fchlacker f\u00fcr die Verwirklichung unsres Wunsches!<\/p>\n<p>Allen die dies lesen noch ein Tipp:<br \/>\nDie Bank steht ganz am s\u00fcdlichen Ende des Parks an der Burgruine L\u00f6ffelstelz oberhalb des Grillplatzes unter den m\u00e4chtigen Kiefern die 1965 schon alt waren. Herzlich willkommen und wenn ihr darauf Platz nehmt, denkt an uns.<\/p>\n<table id=\"INCREDIMAINTABLE\" width=\"100%\" cellspacing=\"0\" cellpadding=\"2\" border=\"0\">\n<tbody>\n<tr>\n<td id=\"INCREDITEXTREGION\" style=\"font-size: 12pt; position: relative; direction: ltr;\" width=\"100%\" valign=\"top\">\n<div id=\"INCREDI_TEXT_AREA\" style=\"font-size: 12pt; font-family: Comic Sans MS; padding-left: 2px;\">\n<div>\n<div>\n<div><span style=\"color: #ff00ff; font-size: medium;\"><em>Es wird in hundert Jahren wieder so ein Fr\u00fchling sein,<br \/>\ngenau so sch\u00f6n mein Schatz, wie heut.<br \/>\nVielleicht steht dann noch uns&#8217;re alte Bank im Sonnenschein,<br \/>\ndoch die dort sitzen, das sind leider andre Leut.<br \/>\nDrum lass uns nicht nach fernen Tagen fragen,<br \/>\nnoch bleiben wir ein gutes Weilchen hier.<br \/>\nUnd wird in hundert Jahren wieder so ein Fr\u00fchling sein,<br \/>\nes kann nicht sch\u00f6ner sein als heut mit dir.<\/em><\/span><\/div>\n<\/div>\n<\/div>\n<\/div>\n<\/td>\n<\/tr>\n<\/tbody>\n<\/table>\n","protected":false},"excerpt":{"rendered":"<p>&nbsp; Gestern haben wir &#8222;unsere&#8220; Parkbank auf der L\u00f6ffelstelz &#8222;in Betrieb genommen&#8220;. An dieser Stelle stand vor 54 Jahren auch schon eine Bank. Auf der haben wir uns im Fr\u00fchling 1965 zum erstenmal &#8222;beschnuppert&#8220;.&nbsp;<\/p>\n","protected":false},"author":1,"featured_media":0,"comment_status":"open","ping_status":"closed","sticky":false,"template":"","format":"standard","meta":{"_exactmetrics_skip_tracking":false,"_exactmetrics_sitenote_active":false,"_exactmetrics_sitenote_note":"","_exactmetrics_sitenote_category":0,"ngg_post_thumbnail":0,"jetpack_post_was_ever_published":false,"_jetpack_newsletter_access":"","_jetpack_dont_email_post_to_subs":false,"_jetpack_newsletter_tier_id":0,"_jetpack_memberships_contains_paywalled_content":false,"_jetpack_memberships_contains_paid_content":false,"footnotes":"","jetpack_publicize_message":"","jetpack_publicize_feature_enabled":true,"jetpack_social_post_already_shared":true,"jetpack_social_options":{"image_generator_settings":{"template":"highway","default_image_id":0,"font":"","enabled":false},"version":2}},"categories":[6],"tags":[62,61,63,60],"class_list":["post-2480","post","type-post","status-publish","format-standard","hentry","category-allgemeine","tag-loeffelstelz","tag-nostalgie","tag-parkbank","tag-unsere-bank"],"yoast_head":"<!-- This site is optimized with the Yoast SEO plugin v27.5 - https:\/\/yoast.com\/product\/yoast-seo-wordpress\/ -->\n<title>Die neue Parkbank ist da - Erhardt Stiefel&#039;s Fundgrube<\/title>\n<meta name=\"robots\" content=\"index, follow, max-snippet:-1, max-image-preview:large, max-video-preview:-1\" \/>\n<link rel=\"canonical\" href=\"https:\/\/erhardt-stiefel.de\/index.php\/2019\/08\/03\/die-neue-parkbank-ist-da\/\" \/>\n<meta property=\"og:locale\" content=\"de_DE\" \/>\n<meta property=\"og:type\" content=\"article\" \/>\n<meta property=\"og:title\" content=\"Die neue Parkbank ist da - Erhardt Stiefel&#039;s Fundgrube\" \/>\n<meta property=\"og:description\" content=\"&nbsp; Gestern haben wir &#8222;unsere&#8220; Parkbank auf der L\u00f6ffelstelz &#8222;in Betrieb genommen&#8220;. An dieser Stelle stand vor 54 Jahren auch schon eine Bank. Auf der haben wir uns im Fr\u00fchling 1965 zum erstenmal &#8222;beschnuppert&#8220;.&nbsp;\" \/>\n<meta property=\"og:url\" content=\"https:\/\/erhardt-stiefel.de\/index.php\/2019\/08\/03\/die-neue-parkbank-ist-da\/\" \/>\n<meta property=\"og:site_name\" content=\"Erhardt Stiefel&#039;s Fundgrube\" \/>\n<meta property=\"article:published_time\" content=\"2019-08-03T14:39:31+00:00\" \/>\n<meta property=\"article:modified_time\" content=\"2019-08-20T14:12:50+00:00\" \/>\n<meta property=\"og:image\" content=\"https:\/\/erhardt-stiefel.de\/wp-content\/uploads\/2019\/08\/Parkbank_20190802_125616.jpg\" \/>\n<meta name=\"author\" content=\"Erhardt\" \/>\n<meta name=\"twitter:card\" content=\"summary_large_image\" \/>\n<meta name=\"twitter:creator\" content=\"@erhardtstiefel77\" \/>\n<meta name=\"twitter:label1\" content=\"Geschrieben von\" \/>\n\t<meta name=\"twitter:data1\" content=\"Erhardt\" \/>\n\t<meta name=\"twitter:label2\" content=\"Gesch\u00e4tzte Lesezeit\" \/>\n\t<meta name=\"twitter:data2\" content=\"2\u00a0Minuten\" \/>\n<script type=\"application\/ld+json\" class=\"yoast-schema-graph\">{\"@context\":\"https:\\\/\\\/schema.org\",\"@graph\":[{\"@type\":\"Article\",\"@id\":\"https:\\\/\\\/erhardt-stiefel.de\\\/index.php\\\/2019\\\/08\\\/03\\\/die-neue-parkbank-ist-da\\\/#article\",\"isPartOf\":{\"@id\":\"https:\\\/\\\/erhardt-stiefel.de\\\/index.php\\\/2019\\\/08\\\/03\\\/die-neue-parkbank-ist-da\\\/\"},\"author\":{\"name\":\"Erhardt\",\"@id\":\"https:\\\/\\\/erhardt-stiefel.de\\\/#\\\/schema\\\/person\\\/623af879bb14c4ae6622ece81ec006ef\"},\"headline\":\"Die neue Parkbank ist da\",\"datePublished\":\"2019-08-03T14:39:31+00:00\",\"dateModified\":\"2019-08-20T14:12:50+00:00\",\"mainEntityOfPage\":{\"@id\":\"https:\\\/\\\/erhardt-stiefel.de\\\/index.php\\\/2019\\\/08\\\/03\\\/die-neue-parkbank-ist-da\\\/\"},\"wordCount\":427,\"commentCount\":0,\"image\":{\"@id\":\"https:\\\/\\\/erhardt-stiefel.de\\\/index.php\\\/2019\\\/08\\\/03\\\/die-neue-parkbank-ist-da\\\/#primaryimage\"},\"thumbnailUrl\":\"https:\\\/\\\/erhardt-stiefel.de\\\/wp-content\\\/uploads\\\/2019\\\/08\\\/Parkbank_20190802_125616.jpg\",\"keywords\":[\"L\u00f6ffelstelz\",\"Nostalgie\",\"Parkbank\",\"Unsere Bank\"],\"articleSection\":[\"Allgemeine Beitr\u00e4ge\"],\"inLanguage\":\"de\",\"potentialAction\":[{\"@type\":\"CommentAction\",\"name\":\"Comment\",\"target\":[\"https:\\\/\\\/erhardt-stiefel.de\\\/index.php\\\/2019\\\/08\\\/03\\\/die-neue-parkbank-ist-da\\\/#respond\"]}]},{\"@type\":\"WebPage\",\"@id\":\"https:\\\/\\\/erhardt-stiefel.de\\\/index.php\\\/2019\\\/08\\\/03\\\/die-neue-parkbank-ist-da\\\/\",\"url\":\"https:\\\/\\\/erhardt-stiefel.de\\\/index.php\\\/2019\\\/08\\\/03\\\/die-neue-parkbank-ist-da\\\/\",\"name\":\"Die neue Parkbank ist da - Erhardt Stiefel&#039;s Fundgrube\",\"isPartOf\":{\"@id\":\"https:\\\/\\\/erhardt-stiefel.de\\\/#website\"},\"primaryImageOfPage\":{\"@id\":\"https:\\\/\\\/erhardt-stiefel.de\\\/index.php\\\/2019\\\/08\\\/03\\\/die-neue-parkbank-ist-da\\\/#primaryimage\"},\"image\":{\"@id\":\"https:\\\/\\\/erhardt-stiefel.de\\\/index.php\\\/2019\\\/08\\\/03\\\/die-neue-parkbank-ist-da\\\/#primaryimage\"},\"thumbnailUrl\":\"https:\\\/\\\/erhardt-stiefel.de\\\/wp-content\\\/uploads\\\/2019\\\/08\\\/Parkbank_20190802_125616.jpg\",\"datePublished\":\"2019-08-03T14:39:31+00:00\",\"dateModified\":\"2019-08-20T14:12:50+00:00\",\"author\":{\"@id\":\"https:\\\/\\\/erhardt-stiefel.de\\\/#\\\/schema\\\/person\\\/623af879bb14c4ae6622ece81ec006ef\"},\"breadcrumb\":{\"@id\":\"https:\\\/\\\/erhardt-stiefel.de\\\/index.php\\\/2019\\\/08\\\/03\\\/die-neue-parkbank-ist-da\\\/#breadcrumb\"},\"inLanguage\":\"de\",\"potentialAction\":[{\"@type\":\"ReadAction\",\"target\":[\"https:\\\/\\\/erhardt-stiefel.de\\\/index.php\\\/2019\\\/08\\\/03\\\/die-neue-parkbank-ist-da\\\/\"]}]},{\"@type\":\"ImageObject\",\"inLanguage\":\"de\",\"@id\":\"https:\\\/\\\/erhardt-stiefel.de\\\/index.php\\\/2019\\\/08\\\/03\\\/die-neue-parkbank-ist-da\\\/#primaryimage\",\"url\":\"https:\\\/\\\/erhardt-stiefel.de\\\/wp-content\\\/uploads\\\/2019\\\/08\\\/Parkbank_20190802_125616.jpg\",\"contentUrl\":\"https:\\\/\\\/erhardt-stiefel.de\\\/wp-content\\\/uploads\\\/2019\\\/08\\\/Parkbank_20190802_125616.jpg\",\"width\":1600,\"height\":1200},{\"@type\":\"BreadcrumbList\",\"@id\":\"https:\\\/\\\/erhardt-stiefel.de\\\/index.php\\\/2019\\\/08\\\/03\\\/die-neue-parkbank-ist-da\\\/#breadcrumb\",\"itemListElement\":[{\"@type\":\"ListItem\",\"position\":1,\"name\":\"Home\",\"item\":\"https:\\\/\\\/erhardt-stiefel.de\\\/\"},{\"@type\":\"ListItem\",\"position\":2,\"name\":\"Die neue Parkbank ist da\"}]},{\"@type\":\"WebSite\",\"@id\":\"https:\\\/\\\/erhardt-stiefel.de\\\/#website\",\"url\":\"https:\\\/\\\/erhardt-stiefel.de\\\/\",\"name\":\"Erhardt Stiefel&#039;s Fundgrube\",\"description\":\"Erfahrungen mit CMS, Genealogie, Gott und der Welt - die ich sehr gerne mit dir teilen w\u00fcrde\",\"potentialAction\":[{\"@type\":\"SearchAction\",\"target\":{\"@type\":\"EntryPoint\",\"urlTemplate\":\"https:\\\/\\\/erhardt-stiefel.de\\\/?s={search_term_string}\"},\"query-input\":{\"@type\":\"PropertyValueSpecification\",\"valueRequired\":true,\"valueName\":\"search_term_string\"}}],\"inLanguage\":\"de\"},{\"@type\":\"Person\",\"@id\":\"https:\\\/\\\/erhardt-stiefel.de\\\/#\\\/schema\\\/person\\\/623af879bb14c4ae6622ece81ec006ef\",\"name\":\"Erhardt\",\"image\":{\"@type\":\"ImageObject\",\"inLanguage\":\"de\",\"@id\":\"https:\\\/\\\/secure.gravatar.com\\\/avatar\\\/086c9cb068fa330c15ed0aabfea0b66ecfa387fd1d6eb1a1a3b0a963becd7f74?s=96&d=mm&r=g\",\"url\":\"https:\\\/\\\/secure.gravatar.com\\\/avatar\\\/086c9cb068fa330c15ed0aabfea0b66ecfa387fd1d6eb1a1a3b0a963becd7f74?s=96&d=mm&r=g\",\"contentUrl\":\"https:\\\/\\\/secure.gravatar.com\\\/avatar\\\/086c9cb068fa330c15ed0aabfea0b66ecfa387fd1d6eb1a1a3b0a963becd7f74?s=96&d=mm&r=g\",\"caption\":\"Erhardt\"},\"sameAs\":[\"https:\\\/\\\/erhardt-stiefel.de\",\"https:\\\/\\\/x.com\\\/erhardtstiefel77\"],\"url\":\"https:\\\/\\\/erhardt-stiefel.de\\\/index.php\\\/author\\\/erhardt_stiefel\\\/\"}]}<\/script>\n<!-- \/ Yoast SEO plugin. -->","yoast_head_json":{"title":"Die neue Parkbank ist da - Erhardt Stiefel&#039;s Fundgrube","robots":{"index":"index","follow":"follow","max-snippet":"max-snippet:-1","max-image-preview":"max-image-preview:large","max-video-preview":"max-video-preview:-1"},"canonical":"https:\/\/erhardt-stiefel.de\/index.php\/2019\/08\/03\/die-neue-parkbank-ist-da\/","og_locale":"de_DE","og_type":"article","og_title":"Die neue Parkbank ist da - Erhardt Stiefel&#039;s Fundgrube","og_description":"&nbsp; Gestern haben wir &#8222;unsere&#8220; Parkbank auf der L\u00f6ffelstelz &#8222;in Betrieb genommen&#8220;. An dieser Stelle stand vor 54 Jahren auch schon eine Bank. Auf der haben wir uns im Fr\u00fchling 1965 zum erstenmal &#8222;beschnuppert&#8220;.&nbsp;","og_url":"https:\/\/erhardt-stiefel.de\/index.php\/2019\/08\/03\/die-neue-parkbank-ist-da\/","og_site_name":"Erhardt Stiefel&#039;s Fundgrube","article_published_time":"2019-08-03T14:39:31+00:00","article_modified_time":"2019-08-20T14:12:50+00:00","og_image":[{"url":"https:\/\/erhardt-stiefel.de\/wp-content\/uploads\/2019\/08\/Parkbank_20190802_125616.jpg","type":"","width":"","height":""}],"author":"Erhardt","twitter_card":"summary_large_image","twitter_creator":"@erhardtstiefel77","twitter_misc":{"Geschrieben von":"Erhardt","Gesch\u00e4tzte Lesezeit":"2\u00a0Minuten"},"schema":{"@context":"https:\/\/schema.org","@graph":[{"@type":"Article","@id":"https:\/\/erhardt-stiefel.de\/index.php\/2019\/08\/03\/die-neue-parkbank-ist-da\/#article","isPartOf":{"@id":"https:\/\/erhardt-stiefel.de\/index.php\/2019\/08\/03\/die-neue-parkbank-ist-da\/"},"author":{"name":"Erhardt","@id":"https:\/\/erhardt-stiefel.de\/#\/schema\/person\/623af879bb14c4ae6622ece81ec006ef"},"headline":"Die neue Parkbank ist da","datePublished":"2019-08-03T14:39:31+00:00","dateModified":"2019-08-20T14:12:50+00:00","mainEntityOfPage":{"@id":"https:\/\/erhardt-stiefel.de\/index.php\/2019\/08\/03\/die-neue-parkbank-ist-da\/"},"wordCount":427,"commentCount":0,"image":{"@id":"https:\/\/erhardt-stiefel.de\/index.php\/2019\/08\/03\/die-neue-parkbank-ist-da\/#primaryimage"},"thumbnailUrl":"https:\/\/erhardt-stiefel.de\/wp-content\/uploads\/2019\/08\/Parkbank_20190802_125616.jpg","keywords":["L\u00f6ffelstelz","Nostalgie","Parkbank","Unsere Bank"],"articleSection":["Allgemeine Beitr\u00e4ge"],"inLanguage":"de","potentialAction":[{"@type":"CommentAction","name":"Comment","target":["https:\/\/erhardt-stiefel.de\/index.php\/2019\/08\/03\/die-neue-parkbank-ist-da\/#respond"]}]},{"@type":"WebPage","@id":"https:\/\/erhardt-stiefel.de\/index.php\/2019\/08\/03\/die-neue-parkbank-ist-da\/","url":"https:\/\/erhardt-stiefel.de\/index.php\/2019\/08\/03\/die-neue-parkbank-ist-da\/","name":"Die neue Parkbank ist da - Erhardt Stiefel&#039;s Fundgrube","isPartOf":{"@id":"https:\/\/erhardt-stiefel.de\/#website"},"primaryImageOfPage":{"@id":"https:\/\/erhardt-stiefel.de\/index.php\/2019\/08\/03\/die-neue-parkbank-ist-da\/#primaryimage"},"image":{"@id":"https:\/\/erhardt-stiefel.de\/index.php\/2019\/08\/03\/die-neue-parkbank-ist-da\/#primaryimage"},"thumbnailUrl":"https:\/\/erhardt-stiefel.de\/wp-content\/uploads\/2019\/08\/Parkbank_20190802_125616.jpg","datePublished":"2019-08-03T14:39:31+00:00","dateModified":"2019-08-20T14:12:50+00:00","author":{"@id":"https:\/\/erhardt-stiefel.de\/#\/schema\/person\/623af879bb14c4ae6622ece81ec006ef"},"breadcrumb":{"@id":"https:\/\/erhardt-stiefel.de\/index.php\/2019\/08\/03\/die-neue-parkbank-ist-da\/#breadcrumb"},"inLanguage":"de","potentialAction":[{"@type":"ReadAction","target":["https:\/\/erhardt-stiefel.de\/index.php\/2019\/08\/03\/die-neue-parkbank-ist-da\/"]}]},{"@type":"ImageObject","inLanguage":"de","@id":"https:\/\/erhardt-stiefel.de\/index.php\/2019\/08\/03\/die-neue-parkbank-ist-da\/#primaryimage","url":"https:\/\/erhardt-stiefel.de\/wp-content\/uploads\/2019\/08\/Parkbank_20190802_125616.jpg","contentUrl":"https:\/\/erhardt-stiefel.de\/wp-content\/uploads\/2019\/08\/Parkbank_20190802_125616.jpg","width":1600,"height":1200},{"@type":"BreadcrumbList","@id":"https:\/\/erhardt-stiefel.de\/index.php\/2019\/08\/03\/die-neue-parkbank-ist-da\/#breadcrumb","itemListElement":[{"@type":"ListItem","position":1,"name":"Home","item":"https:\/\/erhardt-stiefel.de\/"},{"@type":"ListItem","position":2,"name":"Die neue Parkbank ist da"}]},{"@type":"WebSite","@id":"https:\/\/erhardt-stiefel.de\/#website","url":"https:\/\/erhardt-stiefel.de\/","name":"Erhardt Stiefel&#039;s Fundgrube","description":"Erfahrungen mit CMS, Genealogie, Gott und der Welt - die ich sehr gerne mit dir teilen w\u00fcrde","potentialAction":[{"@type":"SearchAction","target":{"@type":"EntryPoint","urlTemplate":"https:\/\/erhardt-stiefel.de\/?s={search_term_string}"},"query-input":{"@type":"PropertyValueSpecification","valueRequired":true,"valueName":"search_term_string"}}],"inLanguage":"de"},{"@type":"Person","@id":"https:\/\/erhardt-stiefel.de\/#\/schema\/person\/623af879bb14c4ae6622ece81ec006ef","name":"Erhardt","image":{"@type":"ImageObject","inLanguage":"de","@id":"https:\/\/secure.gravatar.com\/avatar\/086c9cb068fa330c15ed0aabfea0b66ecfa387fd1d6eb1a1a3b0a963becd7f74?s=96&d=mm&r=g","url":"https:\/\/secure.gravatar.com\/avatar\/086c9cb068fa330c15ed0aabfea0b66ecfa387fd1d6eb1a1a3b0a963becd7f74?s=96&d=mm&r=g","contentUrl":"https:\/\/secure.gravatar.com\/avatar\/086c9cb068fa330c15ed0aabfea0b66ecfa387fd1d6eb1a1a3b0a963becd7f74?s=96&d=mm&r=g","caption":"Erhardt"},"sameAs":["https:\/\/erhardt-stiefel.de","https:\/\/x.com\/erhardtstiefel77"],"url":"https:\/\/erhardt-stiefel.de\/index.php\/author\/erhardt_stiefel\/"}]}},"jetpack_publicize_connections":[],"jetpack_featured_media_url":"","jetpack_sharing_enabled":true,"jetpack_shortlink":"https:\/\/wp.me\/paRlFh-E0","_links":{"self":[{"href":"https:\/\/erhardt-stiefel.de\/index.php\/wp-json\/wp\/v2\/posts\/2480","targetHints":{"allow":["GET"]}}],"collection":[{"href":"https:\/\/erhardt-stiefel.de\/index.php\/wp-json\/wp\/v2\/posts"}],"about":[{"href":"https:\/\/erhardt-stiefel.de\/index.php\/wp-json\/wp\/v2\/types\/post"}],"author":[{"embeddable":true,"href":"https:\/\/erhardt-stiefel.de\/index.php\/wp-json\/wp\/v2\/users\/1"}],"replies":[{"embeddable":true,"href":"https:\/\/erhardt-stiefel.de\/index.php\/wp-json\/wp\/v2\/comments?post=2480"}],"version-history":[{"count":5,"href":"https:\/\/erhardt-stiefel.de\/index.php\/wp-json\/wp\/v2\/posts\/2480\/revisions"}],"predecessor-version":[{"id":2557,"href":"https:\/\/erhardt-stiefel.de\/index.php\/wp-json\/wp\/v2\/posts\/2480\/revisions\/2557"}],"wp:attachment":[{"href":"https:\/\/erhardt-stiefel.de\/index.php\/wp-json\/wp\/v2\/media?parent=2480"}],"wp:term":[{"taxonomy":"category","embeddable":true,"href":"https:\/\/erhardt-stiefel.de\/index.php\/wp-json\/wp\/v2\/categories?post=2480"},{"taxonomy":"post_tag","embeddable":true,"href":"https:\/\/erhardt-stiefel.de\/index.php\/wp-json\/wp\/v2\/tags?post=2480"}],"curies":[{"name":"wp","href":"https:\/\/api.w.org\/{rel}","templated":true}]}}