{"id":2488,"date":"2019-08-06T12:44:13","date_gmt":"2019-08-06T12:44:13","guid":{"rendered":"https:\/\/erhardt-stiefel.de\/?p=2488"},"modified":"2019-08-20T14:16:31","modified_gmt":"2019-08-20T14:16:31","slug":"suchet-so-werdet-ihr-finden","status":"publish","type":"post","link":"https:\/\/erhardt-stiefel.de\/index.php\/2019\/08\/06\/suchet-so-werdet-ihr-finden\/","title":{"rendered":"Suchet, so werdet ihr finden."},"content":{"rendered":"<p>Vor einiger Zeit bekam meine Frau von ihrem Patenkind Benedikt, der Theologie studiert, eine CD mit einer seiner aktuellen Predigten.&nbsp; Als Zugabe f\u00fcr mich hatte er die CD auf diesem Bild (originalverpackt) beigelegt.<\/p>\n<p><img loading=\"lazy\" decoding=\"async\" class=\"aligncenter size-full wp-image-2495\" src=\"https:\/\/erhardt-stiefel.de\/wp-content\/uploads\/2019\/08\/Der-Urknall-und-die-Gottesfrage.jpg\" alt=\"\" width=\"800\" height=\"485\" srcset=\"https:\/\/erhardt-stiefel.de\/wp-content\/uploads\/2019\/08\/Der-Urknall-und-die-Gottesfrage.jpg 800w, https:\/\/erhardt-stiefel.de\/wp-content\/uploads\/2019\/08\/Der-Urknall-und-die-Gottesfrage-300x182.jpg 300w, https:\/\/erhardt-stiefel.de\/wp-content\/uploads\/2019\/08\/Der-Urknall-und-die-Gottesfrage-768x466.jpg 768w\" sizes=\"auto, (max-width: 767px) 89vw, (max-width: 1000px) 54vw, (max-width: 1071px) 543px, 580px\" \/><\/p>\n<p>Nachdem ich Benedikts <span style=\"text-decoration: underline;\">gute<\/span> Predigt angeh\u00f6rt hatte, interessierte ich mich auch noch f\u00fcr seine Zugabe. Was der Vortrag von Prof. Dr. Thomas Schimmel bei mir ausl\u00f6ste, ist der Grund f\u00fcr diesen Beitrag, &#8211; der mir sehr wichtig ist.<\/p>\n<p><!--more-->Der Vortrag von Prof. Schimmel ist sehr beeindruckend und erstaunlich gut verst\u00e4ndlich &#8211; auch f\u00fcr einen Volkssch\u00fcler. Meine Vorstellung von der Gr\u00f6sse Gottes ist dabei um mindestens ein Dutzend Zehnerpotenzen gewachsen. Am Ende des Vortrags war ich \u00fcberw\u00e4ltigt von der Liebe Gottes zu uns Menschen, der das ganze Universum mit allen Naturgesetzen so genial und nur f\u00fcr uns geschaffen hat. Und dann sp\u00fcrte ich den Drang diese Erfahrung weiter zu geben und mit meinen Freunden zu teilen.<\/p>\n<p>Sofort googelte ich nach dem <strong><span style=\"color: #3366ff;\"><a style=\"color: #3366ff;\" href=\"http:\/\/www.betulius-verlag.de\/der-urknall.html\" target=\"_blank\" rel=\"noopener noreferrer\">Betulius Verlag<\/a><\/span><\/strong>, der diese CD f\u00fcr 7\u20ac vertreibt. Auf der CD ist der Vortrag allerdings nur als Audio gespeichert und weil Prof. Schimmel immer wieder Bilder vom Universum kommentierte, begann ich weiter im internet zu suchen. Zun\u00e4chst fand ich den Vortrag in <strong><span style=\"color: #3366ff;\"><a style=\"color: #3366ff;\" href=\"https:\/\/www.youtube.com\/watch?v=CL2YBM9YTE8\" target=\"_blank\" rel=\"noopener noreferrer\">YouTube<\/a><\/span><\/strong>, aber auch da ohne Video und Bilder. Interessant war f\u00fcr mich, dass der Vortrag dort \u00fcber 10.000 Aufrufe, aber nur einen Kommentar hatte und der auch die fehlenden Bilder bem\u00e4ngelte.<\/p>\n<p>Da fiel mir der Hinweis Jesu in der Bibel ein, den auch Prof. Schimmel zitiert hatte: <strong><em><span style=\"color: #ff00ff;\">Suchet, so werdet ihr finden.<\/span><\/em><\/strong> Da begann ich <span style=\"text-decoration: underline;\">ernsthaft<\/span> zu suchen!<br \/>\nSchlie\u00dflich fand ich den <strong><span style=\"color: #3366ff;\"><a style=\"color: #3366ff;\" href=\"https:\/\/videoonline.edu.lmu.de\/de\/node\/6459\" target=\"_blank\" rel=\"noopener noreferrer\">Link der Ludwig-Maximilians-Universit\u00e4t M\u00fcnchen<\/a><\/span><\/strong>, wo man den Vortrag als Video und alle 107 Folien dazu anschauen kann.&nbsp; W\u00e4hrend ich ihn mir ein zweitesmal anh\u00f6rte, diesmal mit optischer Darstellung der Zahlen und Begriffe inkl. der Dynamik des Dozenten, da bekam ich den Impuls f\u00fcr diesen Beitrag.<br \/>\nIch w\u00fcnsche Ihnen, dir, euch, Gottes Segen beim Sehen, H\u00f6ren, Staunen, Verstehen und &#8211; Glauben!<\/p>\n","protected":false},"excerpt":{"rendered":"<p>Vor einiger Zeit bekam meine Frau von ihrem Patenkind Benedikt, der Theologie studiert, eine CD mit einer seiner aktuellen Predigten.&nbsp; Als Zugabe f\u00fcr mich hatte er die CD auf diesem Bild (originalverpackt) beigelegt. Nachdem ich Benedikts gute Predigt angeh\u00f6rt hatte, interessierte ich mich auch noch f\u00fcr seine Zugabe. Was der Vortrag von Prof. Dr. Thomas &hellip; <\/p>\n<p class=\"link-more\"><a href=\"https:\/\/erhardt-stiefel.de\/index.php\/2019\/08\/06\/suchet-so-werdet-ihr-finden\/\" class=\"more-link\"><span class=\"screen-reader-text\">\u201eSuchet, so werdet ihr finden.\u201c<\/span> weiterlesen<\/a><\/p>\n","protected":false},"author":1,"featured_media":0,"comment_status":"open","ping_status":"closed","sticky":false,"template":"","format":"standard","meta":{"_exactmetrics_skip_tracking":false,"_exactmetrics_sitenote_active":false,"_exactmetrics_sitenote_note":"","_exactmetrics_sitenote_category":0,"ngg_post_thumbnail":0,"jetpack_post_was_ever_published":false,"_jetpack_newsletter_access":"","_jetpack_dont_email_post_to_subs":false,"_jetpack_newsletter_tier_id":0,"_jetpack_memberships_contains_paywalled_content":false,"_jetpack_memberships_contains_paid_content":false,"footnotes":"","jetpack_publicize_message":"","jetpack_publicize_feature_enabled":true,"jetpack_social_post_already_shared":true,"jetpack_social_options":{"image_generator_settings":{"template":"highway","default_image_id":0,"font":"","enabled":false},"version":2}},"categories":[6],"tags":[68,66,64,67,65],"class_list":["post-2488","post","type-post","status-publish","format-standard","hentry","category-allgemeine","tag-evolution","tag-glaube","tag-gott","tag-schoepfung","tag-universum"],"yoast_head":"<!-- This site is optimized with the Yoast SEO plugin v27.5 - https:\/\/yoast.com\/product\/yoast-seo-wordpress\/ -->\n<title>Suchet, so werdet ihr finden. - Erhardt Stiefel&#039;s Fundgrube<\/title>\n<meta name=\"robots\" content=\"index, follow, max-snippet:-1, max-image-preview:large, max-video-preview:-1\" \/>\n<link rel=\"canonical\" href=\"https:\/\/erhardt-stiefel.de\/index.php\/2019\/08\/06\/suchet-so-werdet-ihr-finden\/\" \/>\n<meta property=\"og:locale\" content=\"de_DE\" \/>\n<meta property=\"og:type\" content=\"article\" \/>\n<meta property=\"og:title\" content=\"Suchet, so werdet ihr finden. - Erhardt Stiefel&#039;s Fundgrube\" \/>\n<meta property=\"og:description\" content=\"Vor einiger Zeit bekam meine Frau von ihrem Patenkind Benedikt, der Theologie studiert, eine CD mit einer seiner aktuellen Predigten.&nbsp; Als Zugabe f\u00fcr mich hatte er die CD auf diesem Bild (originalverpackt) beigelegt. Nachdem ich Benedikts gute Predigt angeh\u00f6rt hatte, interessierte ich mich auch noch f\u00fcr seine Zugabe. Was der Vortrag von Prof. Dr. Thomas &hellip; \u201eSuchet, so werdet ihr finden.\u201c weiterlesen\" \/>\n<meta property=\"og:url\" content=\"https:\/\/erhardt-stiefel.de\/index.php\/2019\/08\/06\/suchet-so-werdet-ihr-finden\/\" \/>\n<meta property=\"og:site_name\" content=\"Erhardt Stiefel&#039;s Fundgrube\" \/>\n<meta property=\"article:published_time\" content=\"2019-08-06T12:44:13+00:00\" \/>\n<meta property=\"article:modified_time\" content=\"2019-08-20T14:16:31+00:00\" \/>\n<meta property=\"og:image\" content=\"https:\/\/erhardt-stiefel.de\/wp-content\/uploads\/2019\/08\/Der-Urknall-und-die-Gottesfrage.jpg\" \/>\n<meta name=\"author\" content=\"Erhardt\" \/>\n<meta name=\"twitter:card\" content=\"summary_large_image\" \/>\n<meta name=\"twitter:creator\" content=\"@erhardtstiefel77\" \/>\n<meta name=\"twitter:label1\" content=\"Geschrieben von\" \/>\n\t<meta name=\"twitter:data1\" content=\"Erhardt\" \/>\n\t<meta name=\"twitter:label2\" content=\"Gesch\u00e4tzte Lesezeit\" \/>\n\t<meta name=\"twitter:data2\" content=\"2\u00a0Minuten\" \/>\n<script type=\"application\/ld+json\" class=\"yoast-schema-graph\">{\"@context\":\"https:\\\/\\\/schema.org\",\"@graph\":[{\"@type\":\"Article\",\"@id\":\"https:\\\/\\\/erhardt-stiefel.de\\\/index.php\\\/2019\\\/08\\\/06\\\/suchet-so-werdet-ihr-finden\\\/#article\",\"isPartOf\":{\"@id\":\"https:\\\/\\\/erhardt-stiefel.de\\\/index.php\\\/2019\\\/08\\\/06\\\/suchet-so-werdet-ihr-finden\\\/\"},\"author\":{\"name\":\"Erhardt\",\"@id\":\"https:\\\/\\\/erhardt-stiefel.de\\\/#\\\/schema\\\/person\\\/623af879bb14c4ae6622ece81ec006ef\"},\"headline\":\"Suchet, so werdet ihr finden.\",\"datePublished\":\"2019-08-06T12:44:13+00:00\",\"dateModified\":\"2019-08-20T14:16:31+00:00\",\"mainEntityOfPage\":{\"@id\":\"https:\\\/\\\/erhardt-stiefel.de\\\/index.php\\\/2019\\\/08\\\/06\\\/suchet-so-werdet-ihr-finden\\\/\"},\"wordCount\":345,\"commentCount\":0,\"image\":{\"@id\":\"https:\\\/\\\/erhardt-stiefel.de\\\/index.php\\\/2019\\\/08\\\/06\\\/suchet-so-werdet-ihr-finden\\\/#primaryimage\"},\"thumbnailUrl\":\"https:\\\/\\\/erhardt-stiefel.de\\\/wp-content\\\/uploads\\\/2019\\\/08\\\/Der-Urknall-und-die-Gottesfrage.jpg\",\"keywords\":[\"Evolution\",\"Glaube\",\"Gott\",\"Sch\u00f6pfung\",\"Universum\"],\"articleSection\":[\"Allgemeine Beitr\u00e4ge\"],\"inLanguage\":\"de\",\"potentialAction\":[{\"@type\":\"CommentAction\",\"name\":\"Comment\",\"target\":[\"https:\\\/\\\/erhardt-stiefel.de\\\/index.php\\\/2019\\\/08\\\/06\\\/suchet-so-werdet-ihr-finden\\\/#respond\"]}]},{\"@type\":\"WebPage\",\"@id\":\"https:\\\/\\\/erhardt-stiefel.de\\\/index.php\\\/2019\\\/08\\\/06\\\/suchet-so-werdet-ihr-finden\\\/\",\"url\":\"https:\\\/\\\/erhardt-stiefel.de\\\/index.php\\\/2019\\\/08\\\/06\\\/suchet-so-werdet-ihr-finden\\\/\",\"name\":\"Suchet, so werdet ihr finden. - Erhardt Stiefel&#039;s Fundgrube\",\"isPartOf\":{\"@id\":\"https:\\\/\\\/erhardt-stiefel.de\\\/#website\"},\"primaryImageOfPage\":{\"@id\":\"https:\\\/\\\/erhardt-stiefel.de\\\/index.php\\\/2019\\\/08\\\/06\\\/suchet-so-werdet-ihr-finden\\\/#primaryimage\"},\"image\":{\"@id\":\"https:\\\/\\\/erhardt-stiefel.de\\\/index.php\\\/2019\\\/08\\\/06\\\/suchet-so-werdet-ihr-finden\\\/#primaryimage\"},\"thumbnailUrl\":\"https:\\\/\\\/erhardt-stiefel.de\\\/wp-content\\\/uploads\\\/2019\\\/08\\\/Der-Urknall-und-die-Gottesfrage.jpg\",\"datePublished\":\"2019-08-06T12:44:13+00:00\",\"dateModified\":\"2019-08-20T14:16:31+00:00\",\"author\":{\"@id\":\"https:\\\/\\\/erhardt-stiefel.de\\\/#\\\/schema\\\/person\\\/623af879bb14c4ae6622ece81ec006ef\"},\"breadcrumb\":{\"@id\":\"https:\\\/\\\/erhardt-stiefel.de\\\/index.php\\\/2019\\\/08\\\/06\\\/suchet-so-werdet-ihr-finden\\\/#breadcrumb\"},\"inLanguage\":\"de\",\"potentialAction\":[{\"@type\":\"ReadAction\",\"target\":[\"https:\\\/\\\/erhardt-stiefel.de\\\/index.php\\\/2019\\\/08\\\/06\\\/suchet-so-werdet-ihr-finden\\\/\"]}]},{\"@type\":\"ImageObject\",\"inLanguage\":\"de\",\"@id\":\"https:\\\/\\\/erhardt-stiefel.de\\\/index.php\\\/2019\\\/08\\\/06\\\/suchet-so-werdet-ihr-finden\\\/#primaryimage\",\"url\":\"https:\\\/\\\/erhardt-stiefel.de\\\/wp-content\\\/uploads\\\/2019\\\/08\\\/Der-Urknall-und-die-Gottesfrage.jpg\",\"contentUrl\":\"https:\\\/\\\/erhardt-stiefel.de\\\/wp-content\\\/uploads\\\/2019\\\/08\\\/Der-Urknall-und-die-Gottesfrage.jpg\",\"width\":800,\"height\":485},{\"@type\":\"BreadcrumbList\",\"@id\":\"https:\\\/\\\/erhardt-stiefel.de\\\/index.php\\\/2019\\\/08\\\/06\\\/suchet-so-werdet-ihr-finden\\\/#breadcrumb\",\"itemListElement\":[{\"@type\":\"ListItem\",\"position\":1,\"name\":\"Home\",\"item\":\"https:\\\/\\\/erhardt-stiefel.de\\\/\"},{\"@type\":\"ListItem\",\"position\":2,\"name\":\"Suchet, so werdet ihr finden.\"}]},{\"@type\":\"WebSite\",\"@id\":\"https:\\\/\\\/erhardt-stiefel.de\\\/#website\",\"url\":\"https:\\\/\\\/erhardt-stiefel.de\\\/\",\"name\":\"Erhardt Stiefel&#039;s Fundgrube\",\"description\":\"Erfahrungen mit CMS, Genealogie, Gott und der Welt - die ich sehr gerne mit dir teilen w\u00fcrde\",\"potentialAction\":[{\"@type\":\"SearchAction\",\"target\":{\"@type\":\"EntryPoint\",\"urlTemplate\":\"https:\\\/\\\/erhardt-stiefel.de\\\/?s={search_term_string}\"},\"query-input\":{\"@type\":\"PropertyValueSpecification\",\"valueRequired\":true,\"valueName\":\"search_term_string\"}}],\"inLanguage\":\"de\"},{\"@type\":\"Person\",\"@id\":\"https:\\\/\\\/erhardt-stiefel.de\\\/#\\\/schema\\\/person\\\/623af879bb14c4ae6622ece81ec006ef\",\"name\":\"Erhardt\",\"image\":{\"@type\":\"ImageObject\",\"inLanguage\":\"de\",\"@id\":\"https:\\\/\\\/secure.gravatar.com\\\/avatar\\\/086c9cb068fa330c15ed0aabfea0b66ecfa387fd1d6eb1a1a3b0a963becd7f74?s=96&d=mm&r=g\",\"url\":\"https:\\\/\\\/secure.gravatar.com\\\/avatar\\\/086c9cb068fa330c15ed0aabfea0b66ecfa387fd1d6eb1a1a3b0a963becd7f74?s=96&d=mm&r=g\",\"contentUrl\":\"https:\\\/\\\/secure.gravatar.com\\\/avatar\\\/086c9cb068fa330c15ed0aabfea0b66ecfa387fd1d6eb1a1a3b0a963becd7f74?s=96&d=mm&r=g\",\"caption\":\"Erhardt\"},\"sameAs\":[\"https:\\\/\\\/erhardt-stiefel.de\",\"https:\\\/\\\/x.com\\\/erhardtstiefel77\"],\"url\":\"https:\\\/\\\/erhardt-stiefel.de\\\/index.php\\\/author\\\/erhardt_stiefel\\\/\"}]}<\/script>\n<!-- \/ Yoast SEO plugin. -->","yoast_head_json":{"title":"Suchet, so werdet ihr finden. - Erhardt Stiefel&#039;s Fundgrube","robots":{"index":"index","follow":"follow","max-snippet":"max-snippet:-1","max-image-preview":"max-image-preview:large","max-video-preview":"max-video-preview:-1"},"canonical":"https:\/\/erhardt-stiefel.de\/index.php\/2019\/08\/06\/suchet-so-werdet-ihr-finden\/","og_locale":"de_DE","og_type":"article","og_title":"Suchet, so werdet ihr finden. - Erhardt Stiefel&#039;s Fundgrube","og_description":"Vor einiger Zeit bekam meine Frau von ihrem Patenkind Benedikt, der Theologie studiert, eine CD mit einer seiner aktuellen Predigten.&nbsp; Als Zugabe f\u00fcr mich hatte er die CD auf diesem Bild (originalverpackt) beigelegt. Nachdem ich Benedikts gute Predigt angeh\u00f6rt hatte, interessierte ich mich auch noch f\u00fcr seine Zugabe. Was der Vortrag von Prof. Dr. Thomas &hellip; \u201eSuchet, so werdet ihr finden.\u201c weiterlesen","og_url":"https:\/\/erhardt-stiefel.de\/index.php\/2019\/08\/06\/suchet-so-werdet-ihr-finden\/","og_site_name":"Erhardt Stiefel&#039;s Fundgrube","article_published_time":"2019-08-06T12:44:13+00:00","article_modified_time":"2019-08-20T14:16:31+00:00","og_image":[{"url":"https:\/\/erhardt-stiefel.de\/wp-content\/uploads\/2019\/08\/Der-Urknall-und-die-Gottesfrage.jpg","type":"","width":"","height":""}],"author":"Erhardt","twitter_card":"summary_large_image","twitter_creator":"@erhardtstiefel77","twitter_misc":{"Geschrieben von":"Erhardt","Gesch\u00e4tzte Lesezeit":"2\u00a0Minuten"},"schema":{"@context":"https:\/\/schema.org","@graph":[{"@type":"Article","@id":"https:\/\/erhardt-stiefel.de\/index.php\/2019\/08\/06\/suchet-so-werdet-ihr-finden\/#article","isPartOf":{"@id":"https:\/\/erhardt-stiefel.de\/index.php\/2019\/08\/06\/suchet-so-werdet-ihr-finden\/"},"author":{"name":"Erhardt","@id":"https:\/\/erhardt-stiefel.de\/#\/schema\/person\/623af879bb14c4ae6622ece81ec006ef"},"headline":"Suchet, so werdet ihr finden.","datePublished":"2019-08-06T12:44:13+00:00","dateModified":"2019-08-20T14:16:31+00:00","mainEntityOfPage":{"@id":"https:\/\/erhardt-stiefel.de\/index.php\/2019\/08\/06\/suchet-so-werdet-ihr-finden\/"},"wordCount":345,"commentCount":0,"image":{"@id":"https:\/\/erhardt-stiefel.de\/index.php\/2019\/08\/06\/suchet-so-werdet-ihr-finden\/#primaryimage"},"thumbnailUrl":"https:\/\/erhardt-stiefel.de\/wp-content\/uploads\/2019\/08\/Der-Urknall-und-die-Gottesfrage.jpg","keywords":["Evolution","Glaube","Gott","Sch\u00f6pfung","Universum"],"articleSection":["Allgemeine Beitr\u00e4ge"],"inLanguage":"de","potentialAction":[{"@type":"CommentAction","name":"Comment","target":["https:\/\/erhardt-stiefel.de\/index.php\/2019\/08\/06\/suchet-so-werdet-ihr-finden\/#respond"]}]},{"@type":"WebPage","@id":"https:\/\/erhardt-stiefel.de\/index.php\/2019\/08\/06\/suchet-so-werdet-ihr-finden\/","url":"https:\/\/erhardt-stiefel.de\/index.php\/2019\/08\/06\/suchet-so-werdet-ihr-finden\/","name":"Suchet, so werdet ihr finden. - Erhardt Stiefel&#039;s Fundgrube","isPartOf":{"@id":"https:\/\/erhardt-stiefel.de\/#website"},"primaryImageOfPage":{"@id":"https:\/\/erhardt-stiefel.de\/index.php\/2019\/08\/06\/suchet-so-werdet-ihr-finden\/#primaryimage"},"image":{"@id":"https:\/\/erhardt-stiefel.de\/index.php\/2019\/08\/06\/suchet-so-werdet-ihr-finden\/#primaryimage"},"thumbnailUrl":"https:\/\/erhardt-stiefel.de\/wp-content\/uploads\/2019\/08\/Der-Urknall-und-die-Gottesfrage.jpg","datePublished":"2019-08-06T12:44:13+00:00","dateModified":"2019-08-20T14:16:31+00:00","author":{"@id":"https:\/\/erhardt-stiefel.de\/#\/schema\/person\/623af879bb14c4ae6622ece81ec006ef"},"breadcrumb":{"@id":"https:\/\/erhardt-stiefel.de\/index.php\/2019\/08\/06\/suchet-so-werdet-ihr-finden\/#breadcrumb"},"inLanguage":"de","potentialAction":[{"@type":"ReadAction","target":["https:\/\/erhardt-stiefel.de\/index.php\/2019\/08\/06\/suchet-so-werdet-ihr-finden\/"]}]},{"@type":"ImageObject","inLanguage":"de","@id":"https:\/\/erhardt-stiefel.de\/index.php\/2019\/08\/06\/suchet-so-werdet-ihr-finden\/#primaryimage","url":"https:\/\/erhardt-stiefel.de\/wp-content\/uploads\/2019\/08\/Der-Urknall-und-die-Gottesfrage.jpg","contentUrl":"https:\/\/erhardt-stiefel.de\/wp-content\/uploads\/2019\/08\/Der-Urknall-und-die-Gottesfrage.jpg","width":800,"height":485},{"@type":"BreadcrumbList","@id":"https:\/\/erhardt-stiefel.de\/index.php\/2019\/08\/06\/suchet-so-werdet-ihr-finden\/#breadcrumb","itemListElement":[{"@type":"ListItem","position":1,"name":"Home","item":"https:\/\/erhardt-stiefel.de\/"},{"@type":"ListItem","position":2,"name":"Suchet, so werdet ihr finden."}]},{"@type":"WebSite","@id":"https:\/\/erhardt-stiefel.de\/#website","url":"https:\/\/erhardt-stiefel.de\/","name":"Erhardt Stiefel&#039;s Fundgrube","description":"Erfahrungen mit CMS, Genealogie, Gott und der Welt - die ich sehr gerne mit dir teilen w\u00fcrde","potentialAction":[{"@type":"SearchAction","target":{"@type":"EntryPoint","urlTemplate":"https:\/\/erhardt-stiefel.de\/?s={search_term_string}"},"query-input":{"@type":"PropertyValueSpecification","valueRequired":true,"valueName":"search_term_string"}}],"inLanguage":"de"},{"@type":"Person","@id":"https:\/\/erhardt-stiefel.de\/#\/schema\/person\/623af879bb14c4ae6622ece81ec006ef","name":"Erhardt","image":{"@type":"ImageObject","inLanguage":"de","@id":"https:\/\/secure.gravatar.com\/avatar\/086c9cb068fa330c15ed0aabfea0b66ecfa387fd1d6eb1a1a3b0a963becd7f74?s=96&d=mm&r=g","url":"https:\/\/secure.gravatar.com\/avatar\/086c9cb068fa330c15ed0aabfea0b66ecfa387fd1d6eb1a1a3b0a963becd7f74?s=96&d=mm&r=g","contentUrl":"https:\/\/secure.gravatar.com\/avatar\/086c9cb068fa330c15ed0aabfea0b66ecfa387fd1d6eb1a1a3b0a963becd7f74?s=96&d=mm&r=g","caption":"Erhardt"},"sameAs":["https:\/\/erhardt-stiefel.de","https:\/\/x.com\/erhardtstiefel77"],"url":"https:\/\/erhardt-stiefel.de\/index.php\/author\/erhardt_stiefel\/"}]}},"jetpack_publicize_connections":[],"jetpack_featured_media_url":"","jetpack_sharing_enabled":true,"jetpack_shortlink":"https:\/\/wp.me\/paRlFh-E8","_links":{"self":[{"href":"https:\/\/erhardt-stiefel.de\/index.php\/wp-json\/wp\/v2\/posts\/2488","targetHints":{"allow":["GET"]}}],"collection":[{"href":"https:\/\/erhardt-stiefel.de\/index.php\/wp-json\/wp\/v2\/posts"}],"about":[{"href":"https:\/\/erhardt-stiefel.de\/index.php\/wp-json\/wp\/v2\/types\/post"}],"author":[{"embeddable":true,"href":"https:\/\/erhardt-stiefel.de\/index.php\/wp-json\/wp\/v2\/users\/1"}],"replies":[{"embeddable":true,"href":"https:\/\/erhardt-stiefel.de\/index.php\/wp-json\/wp\/v2\/comments?post=2488"}],"version-history":[{"count":11,"href":"https:\/\/erhardt-stiefel.de\/index.php\/wp-json\/wp\/v2\/posts\/2488\/revisions"}],"predecessor-version":[{"id":2607,"href":"https:\/\/erhardt-stiefel.de\/index.php\/wp-json\/wp\/v2\/posts\/2488\/revisions\/2607"}],"wp:attachment":[{"href":"https:\/\/erhardt-stiefel.de\/index.php\/wp-json\/wp\/v2\/media?parent=2488"}],"wp:term":[{"taxonomy":"category","embeddable":true,"href":"https:\/\/erhardt-stiefel.de\/index.php\/wp-json\/wp\/v2\/categories?post=2488"},{"taxonomy":"post_tag","embeddable":true,"href":"https:\/\/erhardt-stiefel.de\/index.php\/wp-json\/wp\/v2\/tags?post=2488"}],"curies":[{"name":"wp","href":"https:\/\/api.w.org\/{rel}","templated":true}]}}