{"id":2639,"date":"2019-08-26T08:48:05","date_gmt":"2019-08-26T08:48:05","guid":{"rendered":"https:\/\/erhardt-stiefel.de\/?p=2639"},"modified":"2019-08-26T09:59:32","modified_gmt":"2019-08-26T09:59:32","slug":"artikel-im-muehlacker-tagblatt","status":"publish","type":"post","link":"https:\/\/erhardt-stiefel.de\/index.php\/2019\/08\/26\/artikel-im-muehlacker-tagblatt\/","title":{"rendered":"Artikel im M\u00fchlacker Tagblatt"},"content":{"rendered":"<div class=\"meta single\"><span class=\"meta-author\">Von Thomas Eier<\/span> <span class=\"meta-date\">Erstellt: 24. August 2019, 00:00 Uhr<\/span><\/div>\n<h1 class=\"post-title\"><a title=\"weiter zu Der Zauber des B\u00e4nkleins bei der Burg\" href=\"https:\/\/muehlacker-tagblatt.de\/region-muehlacker\/muehlacker\/der-zauber-des-baenkleins-bei-der-burg\/\" rel=\"bookmark\">Der Zauber des B\u00e4nkleins bei der Burg<\/a><\/h1>\n<h2>Das Iptinger Ehepaar Erhardt und Helga Stiefel verbindet mit seinem Lieblingsplatz in M\u00fchlacker ganz besondere Erinnerungen.<\/h2>\n<p><img loading=\"lazy\" decoding=\"async\" class=\"aligncenter size-full wp-image-2636\" src=\"https:\/\/erhardt-stiefel.de\/wp-content\/uploads\/2019\/08\/Stiefel_Erhardt_Helga_53ster_Hochzeitstag.jpg\" alt=\"\" width=\"568\" height=\"274\" srcset=\"https:\/\/erhardt-stiefel.de\/wp-content\/uploads\/2019\/08\/Stiefel_Erhardt_Helga_53ster_Hochzeitstag.jpg 568w, https:\/\/erhardt-stiefel.de\/wp-content\/uploads\/2019\/08\/Stiefel_Erhardt_Helga_53ster_Hochzeitstag-300x145.jpg 300w\" sizes=\"auto, (max-width: 568px) 100vw, 568px\" \/><\/p>\n<p><span class=\"incontent-title\">Diesen Sonntag feiert das Ehepaar Stiefel aus Iptingen seinen 53.Hochzeitstag und l\u00e4dt dazu Familie und Freunde ins \u201eIl Castello\u201c, die Gastst\u00e4tte bei der Burg L\u00f6ffelstelz, ein. Der Schauplatz der Feier ist alles andere als zuf\u00e4llig gew\u00e4hlt, und das liegt an einer Sitzbank in der N\u00e4he.<\/span><!--more--><\/p>\n<p><img loading=\"lazy\" decoding=\"async\" class=\"aligncenter size-full wp-image-2637\" src=\"https:\/\/erhardt-stiefel.de\/wp-content\/uploads\/2019\/08\/MT_20190824.jpg\" alt=\"\" width=\"568\" height=\"441\" srcset=\"https:\/\/erhardt-stiefel.de\/wp-content\/uploads\/2019\/08\/MT_20190824.jpg 568w, https:\/\/erhardt-stiefel.de\/wp-content\/uploads\/2019\/08\/MT_20190824-300x233.jpg 300w\" sizes=\"auto, (max-width: 568px) 100vw, 568px\" \/><\/p>\n<p><em><span class=\"caption\">Ein Metallschildchen an der gespendeten Sitzbank erinnert an den romantischen Hintergrund.<\/span><\/em><\/p>\n<p><strong>M\u00fchlacker.<\/strong> In einer Ecke der Burganlagen, unweit des Grillplatzes, k\u00f6nnen Besucher im Schatten m\u00e4chtiger alter B\u00e4ume die Stille in der Natur genie\u00dfen. Doch \u00fcber den reinen Erholungswert hinaus hat die schlichte Sitzgelegenheit, die sich auf den ersten Blick nicht von anderen unterscheidet, f\u00fcr Helga und Erhardt Stiefel eine besondere und sehr pers\u00f6nliche Bedeutung. \u201eEs ist unser Kennenlern-B\u00e4nkchen\u201c, sagt Helga Stiefel mit einem L\u00e4cheln.<\/p>\n<p>Die gemeinsamen Erinnerungen reichen, wie ein Metallschildchen an der R\u00fcckenlehne offenbart, zur\u00fcck bis ins Fr\u00fchjahr 1965, als sich an selber Stelle aus einer Bekanntschaft mehr entwickelte. Noch mit Sicherheitsabstand hatten der 23-j\u00e4hrige Erhardt und die 17-j\u00e4hrige Helga, als sie damals ihren Spaziergang unterbrachen, auf der Bank Platz genommen und waren sich dann rasch n\u00e4her gekommen. \u201eIch habe ihre Hand genommen, und sie hat sich nicht gewehrt\u201c, beschreibt Erhardt Stiefel die ersten zarten Bande, die in eine lebenslange Verbindung m\u00fcndeten.<\/p>\n<p>\u00dcber f\u00fcnf Jahrzehnte sp\u00e4ter geh\u00f6ren drei erwachsene Kinder \u2013 zwei S\u00f6hne und eine Tochter \u2013 und drei Enkelkinder zur Familie, die sich 1974 den Traum vom Eigenheim in Iptingen erf\u00fcllte. Helga Stiefel stammt urspr\u00fcnglich aus Hochdorf, und der geb\u00fcrtige Donauschwabe Erhardt war 1960 der Arbeit wegen aus Westfalen in den S\u00fcden gekommen, wo er einige Jahre erst in Lienzingen und dann an der Enzstra\u00dfe in<a href=\"http:\/\/https:\/\/muehlacker-tagblatt.de\/region-muehlacker\/muehlacker\/\"> M\u00fchlacker <\/a>wohnte \u2013 nur eine kurze Episode in jungen Jahren, aber jene, in der die Basis f\u00fcr eine gro\u00dfe Liebe gelegt wurde. Der Ingenieur f\u00fcr Elektrotechnik, der nach den Lehrjahren und acht Jahren bei der Bundeswehr 32 Jahre bei SEL in Zuffenhausen besch\u00e4ftigt war, und die kaufm\u00e4nnische Angestellte, die sich beim Sozialpsychiatrischen Dienst in<a href=\"http:\/\/https:\/\/muehlacker-tagblatt.de\/nachbarregionen\/pforzheim\/\"> Pforzheim <\/a>engagierte, blieben<a href=\"http:\/\/https:\/\/muehlacker-tagblatt.de\/region-muehlacker\/muehlacker\/\"> M\u00fchlacker <\/a>und ihrem Lieblingsplatz bei der Burg immer verbunden, der im vergangenen Jahr in dramatischer Form neu in den Fokus r\u00fcckte.<\/p>\n<p>Ein schweres Herzleiden bedrohte das Leben von Helga Stiefel, und nach einem station\u00e4ren Aufenthalt im<a href=\"http:\/\/https:\/\/muehlacker-tagblatt.de\/region-muehlacker\/muehlacker\/\"> M\u00fchlacker <\/a>Krankenhaus, als die Zukunft ungewiss schien, fasste ihr Mann den spontanen Entschluss zu einem Abstecher zur Burg, um die Sorgen abzuladen und neue Kraft zu sch\u00f6pfen. Doch wie das Ehepaar Stiefel feststellen musste, war hier die geliebte alte Bank verschwunden. \u201eDa kam mir der Geistesblitz, und ich habe zu ihr gesagt, ich werde eine neue Bank spenden, und wir beide sitzen dann wieder gemeinsam drauf\u201c, schildert Erhardt Stiefel seinen Entschluss zwischen Hoffen und Bangen.<\/p>\n<p>Das Happy End folgte in doppelter Hinsicht, denn als sich Helga Stiefel erholte, setzte ihr Mann sein Versprechen umgehend in die Tat um und stiftete eine Bank. Dieses Zeichen der Dankbarkeit wiederum passte ideal zu den Bem\u00fchungen der B\u00fcrgerstiftung, der Stadt M\u00fchlacker und ihrer Partner, die Burganlagen in ein hochwertiges Arboretum mit Baumlehrpfad, neuer Bepflanzung und neuer Blumenwiese zu verwandeln. Zur Aufenthaltsqualit\u00e4t geh\u00f6ren Sitzgelegenheiten zum Verweilen, und als der Iptinger mit seiner Spendenofferte im Rathaus anklopfte, rannte er offene T\u00fcren ein. \u201eIch habe auf einer Karte den gew\u00fcnschten Standort markiert, dann ging alles ganz schnell\u201c, lobt der 77-J\u00e4hrige die rasche Reaktion der Stadtverwaltung und das unb\u00fcrokratische Verfahren.<\/p>\n<p>Ruck, zuck, stand am entsprechend befestigten Standort auf der Wiese oberhalb vom Grillplatz die neue Holzbank, deren Spenderschildchen an der R\u00fcckenlehne den romantischen Hintergrund andeutet: \u201eHelga &amp; Erhardt \u2013 im Fr\u00fchling 1965\u201c steht darauf eingraviert, und wenn die 72-J\u00e4hrige und ihr Mann heute den Platz besuchen, an dem alles begann, hat das auch Z\u00fcge eines gl\u00fccklichen Neuanfangs.<\/p>\n<p>Die Umgebung habe sich \u2013 abgesehen von den sichtbaren Erfolgen des Arboretum-Projekts \u2013 kaum ver\u00e4ndert, nur der Bewuchs vorne an der Felskante sei dichter geworden, was die Aussicht erschwere, sagt der fr\u00fchere Segelflieger Erhardt Stiefel, der von den Burganlagen aus gerne das Geschehen am Himmel \u00fcber D\u00fcrrmenz verfolgt. Gemeinsam mit seiner Frau nat\u00fcrlich, die von gem\u00fctlichen Spazierg\u00e4ngen in den sch\u00f6nen Winkeln M\u00fchlackers \u2013 zum Beispiel entlang der Enz in Richtung Enzberg \u2013 schw\u00e4rmt. Der sch\u00f6nste Platz jedoch bleibt die Bank bei der Burg, und das gilt auch und gerade am Hochzeitstag.<\/p>\n","protected":false},"excerpt":{"rendered":"<p>Von Thomas Eier Erstellt: 24. August 2019, 00:00 Uhr Der Zauber des B\u00e4nkleins bei der Burg Das Iptinger Ehepaar Erhardt und Helga Stiefel verbindet mit seinem Lieblingsplatz in M\u00fchlacker ganz besondere Erinnerungen. Diesen Sonntag feiert das Ehepaar Stiefel aus Iptingen seinen 53.Hochzeitstag und l\u00e4dt dazu Familie und Freunde ins \u201eIl Castello\u201c, die Gastst\u00e4tte bei der &hellip; <\/p>\n<p class=\"link-more\"><a href=\"https:\/\/erhardt-stiefel.de\/index.php\/2019\/08\/26\/artikel-im-muehlacker-tagblatt\/\" class=\"more-link\"><span class=\"screen-reader-text\">\u201eArtikel im M\u00fchlacker Tagblatt\u201c<\/span> weiterlesen<\/a><\/p>\n","protected":false},"author":1,"featured_media":0,"comment_status":"open","ping_status":"closed","sticky":false,"template":"","format":"standard","meta":{"_exactmetrics_skip_tracking":false,"_exactmetrics_sitenote_active":false,"_exactmetrics_sitenote_note":"","_exactmetrics_sitenote_category":0,"ngg_post_thumbnail":0,"jetpack_post_was_ever_published":false,"_jetpack_newsletter_access":"","_jetpack_dont_email_post_to_subs":false,"_jetpack_newsletter_tier_id":0,"_jetpack_memberships_contains_paywalled_content":false,"_jetpack_memberships_contains_paid_content":false,"footnotes":"","jetpack_publicize_message":"","jetpack_publicize_feature_enabled":true,"jetpack_social_post_already_shared":true,"jetpack_social_options":{"image_generator_settings":{"template":"highway","default_image_id":0,"font":"","enabled":false},"version":2}},"categories":[6],"tags":[91,92,62,63,60],"class_list":["post-2639","post","type-post","status-publish","format-standard","hentry","category-allgemeine","tag-burg","tag-hochzeitstag","tag-loeffelstelz","tag-parkbank","tag-unsere-bank"],"yoast_head":"<!-- This site is optimized with the Yoast SEO plugin v27.5 - https:\/\/yoast.com\/product\/yoast-seo-wordpress\/ -->\n<title>Artikel im M\u00fchlacker Tagblatt - Erhardt Stiefel&#039;s Fundgrube<\/title>\n<meta name=\"robots\" content=\"index, follow, max-snippet:-1, max-image-preview:large, max-video-preview:-1\" \/>\n<link rel=\"canonical\" href=\"https:\/\/erhardt-stiefel.de\/index.php\/2019\/08\/26\/artikel-im-muehlacker-tagblatt\/\" \/>\n<meta property=\"og:locale\" content=\"de_DE\" \/>\n<meta property=\"og:type\" content=\"article\" \/>\n<meta property=\"og:title\" content=\"Artikel im M\u00fchlacker Tagblatt - Erhardt Stiefel&#039;s Fundgrube\" \/>\n<meta property=\"og:description\" content=\"Von Thomas Eier Erstellt: 24. August 2019, 00:00 Uhr Der Zauber des B\u00e4nkleins bei der Burg Das Iptinger Ehepaar Erhardt und Helga Stiefel verbindet mit seinem Lieblingsplatz in M\u00fchlacker ganz besondere Erinnerungen. Diesen Sonntag feiert das Ehepaar Stiefel aus Iptingen seinen 53.Hochzeitstag und l\u00e4dt dazu Familie und Freunde ins \u201eIl Castello\u201c, die Gastst\u00e4tte bei der &hellip; \u201eArtikel im M\u00fchlacker Tagblatt\u201c weiterlesen\" \/>\n<meta property=\"og:url\" content=\"https:\/\/erhardt-stiefel.de\/index.php\/2019\/08\/26\/artikel-im-muehlacker-tagblatt\/\" \/>\n<meta property=\"og:site_name\" content=\"Erhardt Stiefel&#039;s Fundgrube\" \/>\n<meta property=\"article:published_time\" content=\"2019-08-26T08:48:05+00:00\" \/>\n<meta property=\"article:modified_time\" content=\"2019-08-26T09:59:32+00:00\" \/>\n<meta property=\"og:image\" content=\"https:\/\/erhardt-stiefel.de\/wp-content\/uploads\/2019\/08\/Stiefel_Erhardt_Helga_53ster_Hochzeitstag.jpg\" \/>\n<meta name=\"author\" content=\"Erhardt\" \/>\n<meta name=\"twitter:card\" content=\"summary_large_image\" \/>\n<meta name=\"twitter:creator\" content=\"@erhardtstiefel77\" \/>\n<meta name=\"twitter:label1\" content=\"Geschrieben von\" \/>\n\t<meta name=\"twitter:data1\" content=\"Erhardt\" \/>\n\t<meta name=\"twitter:label2\" content=\"Gesch\u00e4tzte Lesezeit\" \/>\n\t<meta name=\"twitter:data2\" content=\"4\u00a0Minuten\" \/>\n<script type=\"application\/ld+json\" class=\"yoast-schema-graph\">{\"@context\":\"https:\\\/\\\/schema.org\",\"@graph\":[{\"@type\":\"Article\",\"@id\":\"https:\\\/\\\/erhardt-stiefel.de\\\/index.php\\\/2019\\\/08\\\/26\\\/artikel-im-muehlacker-tagblatt\\\/#article\",\"isPartOf\":{\"@id\":\"https:\\\/\\\/erhardt-stiefel.de\\\/index.php\\\/2019\\\/08\\\/26\\\/artikel-im-muehlacker-tagblatt\\\/\"},\"author\":{\"name\":\"Erhardt\",\"@id\":\"https:\\\/\\\/erhardt-stiefel.de\\\/#\\\/schema\\\/person\\\/623af879bb14c4ae6622ece81ec006ef\"},\"headline\":\"Artikel im M\u00fchlacker Tagblatt\",\"datePublished\":\"2019-08-26T08:48:05+00:00\",\"dateModified\":\"2019-08-26T09:59:32+00:00\",\"mainEntityOfPage\":{\"@id\":\"https:\\\/\\\/erhardt-stiefel.de\\\/index.php\\\/2019\\\/08\\\/26\\\/artikel-im-muehlacker-tagblatt\\\/\"},\"wordCount\":775,\"commentCount\":3,\"image\":{\"@id\":\"https:\\\/\\\/erhardt-stiefel.de\\\/index.php\\\/2019\\\/08\\\/26\\\/artikel-im-muehlacker-tagblatt\\\/#primaryimage\"},\"thumbnailUrl\":\"https:\\\/\\\/erhardt-stiefel.de\\\/wp-content\\\/uploads\\\/2019\\\/08\\\/Stiefel_Erhardt_Helga_53ster_Hochzeitstag.jpg\",\"keywords\":[\"Burg\",\"Hochzeitstag\",\"L\u00f6ffelstelz\",\"Parkbank\",\"Unsere Bank\"],\"articleSection\":[\"Allgemeine Beitr\u00e4ge\"],\"inLanguage\":\"de\",\"potentialAction\":[{\"@type\":\"CommentAction\",\"name\":\"Comment\",\"target\":[\"https:\\\/\\\/erhardt-stiefel.de\\\/index.php\\\/2019\\\/08\\\/26\\\/artikel-im-muehlacker-tagblatt\\\/#respond\"]}]},{\"@type\":\"WebPage\",\"@id\":\"https:\\\/\\\/erhardt-stiefel.de\\\/index.php\\\/2019\\\/08\\\/26\\\/artikel-im-muehlacker-tagblatt\\\/\",\"url\":\"https:\\\/\\\/erhardt-stiefel.de\\\/index.php\\\/2019\\\/08\\\/26\\\/artikel-im-muehlacker-tagblatt\\\/\",\"name\":\"Artikel im M\u00fchlacker Tagblatt - Erhardt Stiefel&#039;s Fundgrube\",\"isPartOf\":{\"@id\":\"https:\\\/\\\/erhardt-stiefel.de\\\/#website\"},\"primaryImageOfPage\":{\"@id\":\"https:\\\/\\\/erhardt-stiefel.de\\\/index.php\\\/2019\\\/08\\\/26\\\/artikel-im-muehlacker-tagblatt\\\/#primaryimage\"},\"image\":{\"@id\":\"https:\\\/\\\/erhardt-stiefel.de\\\/index.php\\\/2019\\\/08\\\/26\\\/artikel-im-muehlacker-tagblatt\\\/#primaryimage\"},\"thumbnailUrl\":\"https:\\\/\\\/erhardt-stiefel.de\\\/wp-content\\\/uploads\\\/2019\\\/08\\\/Stiefel_Erhardt_Helga_53ster_Hochzeitstag.jpg\",\"datePublished\":\"2019-08-26T08:48:05+00:00\",\"dateModified\":\"2019-08-26T09:59:32+00:00\",\"author\":{\"@id\":\"https:\\\/\\\/erhardt-stiefel.de\\\/#\\\/schema\\\/person\\\/623af879bb14c4ae6622ece81ec006ef\"},\"breadcrumb\":{\"@id\":\"https:\\\/\\\/erhardt-stiefel.de\\\/index.php\\\/2019\\\/08\\\/26\\\/artikel-im-muehlacker-tagblatt\\\/#breadcrumb\"},\"inLanguage\":\"de\",\"potentialAction\":[{\"@type\":\"ReadAction\",\"target\":[\"https:\\\/\\\/erhardt-stiefel.de\\\/index.php\\\/2019\\\/08\\\/26\\\/artikel-im-muehlacker-tagblatt\\\/\"]}]},{\"@type\":\"ImageObject\",\"inLanguage\":\"de\",\"@id\":\"https:\\\/\\\/erhardt-stiefel.de\\\/index.php\\\/2019\\\/08\\\/26\\\/artikel-im-muehlacker-tagblatt\\\/#primaryimage\",\"url\":\"https:\\\/\\\/erhardt-stiefel.de\\\/wp-content\\\/uploads\\\/2019\\\/08\\\/Stiefel_Erhardt_Helga_53ster_Hochzeitstag.jpg\",\"contentUrl\":\"https:\\\/\\\/erhardt-stiefel.de\\\/wp-content\\\/uploads\\\/2019\\\/08\\\/Stiefel_Erhardt_Helga_53ster_Hochzeitstag.jpg\",\"width\":568,\"height\":274},{\"@type\":\"BreadcrumbList\",\"@id\":\"https:\\\/\\\/erhardt-stiefel.de\\\/index.php\\\/2019\\\/08\\\/26\\\/artikel-im-muehlacker-tagblatt\\\/#breadcrumb\",\"itemListElement\":[{\"@type\":\"ListItem\",\"position\":1,\"name\":\"Home\",\"item\":\"https:\\\/\\\/erhardt-stiefel.de\\\/\"},{\"@type\":\"ListItem\",\"position\":2,\"name\":\"Artikel im M\u00fchlacker Tagblatt\"}]},{\"@type\":\"WebSite\",\"@id\":\"https:\\\/\\\/erhardt-stiefel.de\\\/#website\",\"url\":\"https:\\\/\\\/erhardt-stiefel.de\\\/\",\"name\":\"Erhardt Stiefel&#039;s Fundgrube\",\"description\":\"Erfahrungen mit CMS, Genealogie, Gott und der Welt - die ich sehr gerne mit dir teilen w\u00fcrde\",\"potentialAction\":[{\"@type\":\"SearchAction\",\"target\":{\"@type\":\"EntryPoint\",\"urlTemplate\":\"https:\\\/\\\/erhardt-stiefel.de\\\/?s={search_term_string}\"},\"query-input\":{\"@type\":\"PropertyValueSpecification\",\"valueRequired\":true,\"valueName\":\"search_term_string\"}}],\"inLanguage\":\"de\"},{\"@type\":\"Person\",\"@id\":\"https:\\\/\\\/erhardt-stiefel.de\\\/#\\\/schema\\\/person\\\/623af879bb14c4ae6622ece81ec006ef\",\"name\":\"Erhardt\",\"image\":{\"@type\":\"ImageObject\",\"inLanguage\":\"de\",\"@id\":\"https:\\\/\\\/secure.gravatar.com\\\/avatar\\\/086c9cb068fa330c15ed0aabfea0b66ecfa387fd1d6eb1a1a3b0a963becd7f74?s=96&d=mm&r=g\",\"url\":\"https:\\\/\\\/secure.gravatar.com\\\/avatar\\\/086c9cb068fa330c15ed0aabfea0b66ecfa387fd1d6eb1a1a3b0a963becd7f74?s=96&d=mm&r=g\",\"contentUrl\":\"https:\\\/\\\/secure.gravatar.com\\\/avatar\\\/086c9cb068fa330c15ed0aabfea0b66ecfa387fd1d6eb1a1a3b0a963becd7f74?s=96&d=mm&r=g\",\"caption\":\"Erhardt\"},\"sameAs\":[\"https:\\\/\\\/erhardt-stiefel.de\",\"https:\\\/\\\/x.com\\\/erhardtstiefel77\"],\"url\":\"https:\\\/\\\/erhardt-stiefel.de\\\/index.php\\\/author\\\/erhardt_stiefel\\\/\"}]}<\/script>\n<!-- \/ Yoast SEO plugin. -->","yoast_head_json":{"title":"Artikel im M\u00fchlacker Tagblatt - Erhardt Stiefel&#039;s Fundgrube","robots":{"index":"index","follow":"follow","max-snippet":"max-snippet:-1","max-image-preview":"max-image-preview:large","max-video-preview":"max-video-preview:-1"},"canonical":"https:\/\/erhardt-stiefel.de\/index.php\/2019\/08\/26\/artikel-im-muehlacker-tagblatt\/","og_locale":"de_DE","og_type":"article","og_title":"Artikel im M\u00fchlacker Tagblatt - Erhardt Stiefel&#039;s Fundgrube","og_description":"Von Thomas Eier Erstellt: 24. August 2019, 00:00 Uhr Der Zauber des B\u00e4nkleins bei der Burg Das Iptinger Ehepaar Erhardt und Helga Stiefel verbindet mit seinem Lieblingsplatz in M\u00fchlacker ganz besondere Erinnerungen. Diesen Sonntag feiert das Ehepaar Stiefel aus Iptingen seinen 53.Hochzeitstag und l\u00e4dt dazu Familie und Freunde ins \u201eIl Castello\u201c, die Gastst\u00e4tte bei der &hellip; \u201eArtikel im M\u00fchlacker Tagblatt\u201c weiterlesen","og_url":"https:\/\/erhardt-stiefel.de\/index.php\/2019\/08\/26\/artikel-im-muehlacker-tagblatt\/","og_site_name":"Erhardt Stiefel&#039;s Fundgrube","article_published_time":"2019-08-26T08:48:05+00:00","article_modified_time":"2019-08-26T09:59:32+00:00","og_image":[{"url":"https:\/\/erhardt-stiefel.de\/wp-content\/uploads\/2019\/08\/Stiefel_Erhardt_Helga_53ster_Hochzeitstag.jpg","type":"","width":"","height":""}],"author":"Erhardt","twitter_card":"summary_large_image","twitter_creator":"@erhardtstiefel77","twitter_misc":{"Geschrieben von":"Erhardt","Gesch\u00e4tzte Lesezeit":"4\u00a0Minuten"},"schema":{"@context":"https:\/\/schema.org","@graph":[{"@type":"Article","@id":"https:\/\/erhardt-stiefel.de\/index.php\/2019\/08\/26\/artikel-im-muehlacker-tagblatt\/#article","isPartOf":{"@id":"https:\/\/erhardt-stiefel.de\/index.php\/2019\/08\/26\/artikel-im-muehlacker-tagblatt\/"},"author":{"name":"Erhardt","@id":"https:\/\/erhardt-stiefel.de\/#\/schema\/person\/623af879bb14c4ae6622ece81ec006ef"},"headline":"Artikel im M\u00fchlacker Tagblatt","datePublished":"2019-08-26T08:48:05+00:00","dateModified":"2019-08-26T09:59:32+00:00","mainEntityOfPage":{"@id":"https:\/\/erhardt-stiefel.de\/index.php\/2019\/08\/26\/artikel-im-muehlacker-tagblatt\/"},"wordCount":775,"commentCount":3,"image":{"@id":"https:\/\/erhardt-stiefel.de\/index.php\/2019\/08\/26\/artikel-im-muehlacker-tagblatt\/#primaryimage"},"thumbnailUrl":"https:\/\/erhardt-stiefel.de\/wp-content\/uploads\/2019\/08\/Stiefel_Erhardt_Helga_53ster_Hochzeitstag.jpg","keywords":["Burg","Hochzeitstag","L\u00f6ffelstelz","Parkbank","Unsere Bank"],"articleSection":["Allgemeine Beitr\u00e4ge"],"inLanguage":"de","potentialAction":[{"@type":"CommentAction","name":"Comment","target":["https:\/\/erhardt-stiefel.de\/index.php\/2019\/08\/26\/artikel-im-muehlacker-tagblatt\/#respond"]}]},{"@type":"WebPage","@id":"https:\/\/erhardt-stiefel.de\/index.php\/2019\/08\/26\/artikel-im-muehlacker-tagblatt\/","url":"https:\/\/erhardt-stiefel.de\/index.php\/2019\/08\/26\/artikel-im-muehlacker-tagblatt\/","name":"Artikel im M\u00fchlacker Tagblatt - Erhardt Stiefel&#039;s Fundgrube","isPartOf":{"@id":"https:\/\/erhardt-stiefel.de\/#website"},"primaryImageOfPage":{"@id":"https:\/\/erhardt-stiefel.de\/index.php\/2019\/08\/26\/artikel-im-muehlacker-tagblatt\/#primaryimage"},"image":{"@id":"https:\/\/erhardt-stiefel.de\/index.php\/2019\/08\/26\/artikel-im-muehlacker-tagblatt\/#primaryimage"},"thumbnailUrl":"https:\/\/erhardt-stiefel.de\/wp-content\/uploads\/2019\/08\/Stiefel_Erhardt_Helga_53ster_Hochzeitstag.jpg","datePublished":"2019-08-26T08:48:05+00:00","dateModified":"2019-08-26T09:59:32+00:00","author":{"@id":"https:\/\/erhardt-stiefel.de\/#\/schema\/person\/623af879bb14c4ae6622ece81ec006ef"},"breadcrumb":{"@id":"https:\/\/erhardt-stiefel.de\/index.php\/2019\/08\/26\/artikel-im-muehlacker-tagblatt\/#breadcrumb"},"inLanguage":"de","potentialAction":[{"@type":"ReadAction","target":["https:\/\/erhardt-stiefel.de\/index.php\/2019\/08\/26\/artikel-im-muehlacker-tagblatt\/"]}]},{"@type":"ImageObject","inLanguage":"de","@id":"https:\/\/erhardt-stiefel.de\/index.php\/2019\/08\/26\/artikel-im-muehlacker-tagblatt\/#primaryimage","url":"https:\/\/erhardt-stiefel.de\/wp-content\/uploads\/2019\/08\/Stiefel_Erhardt_Helga_53ster_Hochzeitstag.jpg","contentUrl":"https:\/\/erhardt-stiefel.de\/wp-content\/uploads\/2019\/08\/Stiefel_Erhardt_Helga_53ster_Hochzeitstag.jpg","width":568,"height":274},{"@type":"BreadcrumbList","@id":"https:\/\/erhardt-stiefel.de\/index.php\/2019\/08\/26\/artikel-im-muehlacker-tagblatt\/#breadcrumb","itemListElement":[{"@type":"ListItem","position":1,"name":"Home","item":"https:\/\/erhardt-stiefel.de\/"},{"@type":"ListItem","position":2,"name":"Artikel im M\u00fchlacker Tagblatt"}]},{"@type":"WebSite","@id":"https:\/\/erhardt-stiefel.de\/#website","url":"https:\/\/erhardt-stiefel.de\/","name":"Erhardt Stiefel&#039;s Fundgrube","description":"Erfahrungen mit CMS, Genealogie, Gott und der Welt - die ich sehr gerne mit dir teilen w\u00fcrde","potentialAction":[{"@type":"SearchAction","target":{"@type":"EntryPoint","urlTemplate":"https:\/\/erhardt-stiefel.de\/?s={search_term_string}"},"query-input":{"@type":"PropertyValueSpecification","valueRequired":true,"valueName":"search_term_string"}}],"inLanguage":"de"},{"@type":"Person","@id":"https:\/\/erhardt-stiefel.de\/#\/schema\/person\/623af879bb14c4ae6622ece81ec006ef","name":"Erhardt","image":{"@type":"ImageObject","inLanguage":"de","@id":"https:\/\/secure.gravatar.com\/avatar\/086c9cb068fa330c15ed0aabfea0b66ecfa387fd1d6eb1a1a3b0a963becd7f74?s=96&d=mm&r=g","url":"https:\/\/secure.gravatar.com\/avatar\/086c9cb068fa330c15ed0aabfea0b66ecfa387fd1d6eb1a1a3b0a963becd7f74?s=96&d=mm&r=g","contentUrl":"https:\/\/secure.gravatar.com\/avatar\/086c9cb068fa330c15ed0aabfea0b66ecfa387fd1d6eb1a1a3b0a963becd7f74?s=96&d=mm&r=g","caption":"Erhardt"},"sameAs":["https:\/\/erhardt-stiefel.de","https:\/\/x.com\/erhardtstiefel77"],"url":"https:\/\/erhardt-stiefel.de\/index.php\/author\/erhardt_stiefel\/"}]}},"jetpack_publicize_connections":[],"jetpack_featured_media_url":"","jetpack_sharing_enabled":true,"jetpack_shortlink":"https:\/\/wp.me\/paRlFh-Gz","_links":{"self":[{"href":"https:\/\/erhardt-stiefel.de\/index.php\/wp-json\/wp\/v2\/posts\/2639","targetHints":{"allow":["GET"]}}],"collection":[{"href":"https:\/\/erhardt-stiefel.de\/index.php\/wp-json\/wp\/v2\/posts"}],"about":[{"href":"https:\/\/erhardt-stiefel.de\/index.php\/wp-json\/wp\/v2\/types\/post"}],"author":[{"embeddable":true,"href":"https:\/\/erhardt-stiefel.de\/index.php\/wp-json\/wp\/v2\/users\/1"}],"replies":[{"embeddable":true,"href":"https:\/\/erhardt-stiefel.de\/index.php\/wp-json\/wp\/v2\/comments?post=2639"}],"version-history":[{"count":3,"href":"https:\/\/erhardt-stiefel.de\/index.php\/wp-json\/wp\/v2\/posts\/2639\/revisions"}],"predecessor-version":[{"id":2642,"href":"https:\/\/erhardt-stiefel.de\/index.php\/wp-json\/wp\/v2\/posts\/2639\/revisions\/2642"}],"wp:attachment":[{"href":"https:\/\/erhardt-stiefel.de\/index.php\/wp-json\/wp\/v2\/media?parent=2639"}],"wp:term":[{"taxonomy":"category","embeddable":true,"href":"https:\/\/erhardt-stiefel.de\/index.php\/wp-json\/wp\/v2\/categories?post=2639"},{"taxonomy":"post_tag","embeddable":true,"href":"https:\/\/erhardt-stiefel.de\/index.php\/wp-json\/wp\/v2\/tags?post=2639"}],"curies":[{"name":"wp","href":"https:\/\/api.w.org\/{rel}","templated":true}]}}