{"id":3202,"date":"2019-10-23T10:18:56","date_gmt":"2019-10-23T10:18:56","guid":{"rendered":"https:\/\/erhardt-stiefel.de\/?p=3202"},"modified":"2019-11-13T12:06:42","modified_gmt":"2019-11-13T12:06:42","slug":"neue-funktion-der-bildergalerie","status":"publish","type":"post","link":"https:\/\/erhardt-stiefel.de\/index.php\/2019\/10\/23\/neue-funktion-der-bildergalerie\/","title":{"rendered":"Neue Funktion der Bildergalerie"},"content":{"rendered":"<p>Weil die <strong>Bildergalerie der Mittwochsgruppe<\/strong> inzwischen mehr 300 Bilder enth\u00e4lt und nicht jeder alle Bilder durchsuchen m\u00f6chte um ein ganz bestimmtes Bild zu finden, habe ich diese neue Funktion eingef\u00fchrt um die Bildanzeige nach Stichworten filtern zu k\u00f6nnen.<\/p>\n<p>Wei\u00df man ungef\u00e4hr in welchem Jahr das gesuchte Bild gemacht wurde (z.B. 2005) oder welche Aktion&nbsp; da stattfand (z.B. Jahresausflug) oder wo das Ziel des Ausflug war (z.B. Elsass),&nbsp; dann kann man das <strong>Stichwort<\/strong> anklicken und es wird eine Auswahl von Bildern angezeigt, unter denen das gesuchte dann (hoffentlich) ist. Die Stichwortliste sieht etwa so aus und die Schriftgr\u00f6\u00dfe entspricht der Anzahl der gefundenen Bilder.<\/p>\n<p><img loading=\"lazy\" decoding=\"async\" class=\"aligncenter size-full wp-image-3203\" src=\"https:\/\/erhardt-stiefel.de\/wp-content\/uploads\/2019\/10\/Stichwortwahl.jpg\" alt=\"\" width=\"723\" height=\"207\" srcset=\"https:\/\/erhardt-stiefel.de\/wp-content\/uploads\/2019\/10\/Stichwortwahl.jpg 723w, https:\/\/erhardt-stiefel.de\/wp-content\/uploads\/2019\/10\/Stichwortwahl-300x86.jpg 300w\" sizes=\"auto, (max-width: 723px) 100vw, 723px\" \/><\/p>\n<p>Die neue Funktion findet ihr im <strong>Men\u00fc &gt; Mittwochsgruppe &gt; Bildauswahl<\/strong>&nbsp;<br \/>\nMit diesem Link kommt man auch <span style=\"color: #0000ff;\"><a style=\"color: #0000ff;\" href=\"https:\/\/erhardt-stiefel.de\/index.php\/bilderauswahl\/\" target=\"_blank\" rel=\"noopener noreferrer\">direkt zur Bildauswahl<\/a><\/span><\/p>\n","protected":false},"excerpt":{"rendered":"<p>Weil die Bildergalerie der Mittwochsgruppe inzwischen mehr 300 Bilder enth\u00e4lt und nicht jeder alle Bilder durchsuchen m\u00f6chte um ein ganz bestimmtes Bild zu finden, habe ich diese neue Funktion eingef\u00fchrt um die Bildanzeige nach Stichworten filtern zu k\u00f6nnen. Wei\u00df man ungef\u00e4hr in welchem Jahr das gesuchte Bild gemacht wurde (z.B. 2005) oder welche Aktion&nbsp; da &hellip; <\/p>\n<p class=\"link-more\"><a href=\"https:\/\/erhardt-stiefel.de\/index.php\/2019\/10\/23\/neue-funktion-der-bildergalerie\/\" class=\"more-link\"><span class=\"screen-reader-text\">\u201eNeue Funktion der Bildergalerie\u201c<\/span> weiterlesen<\/a><\/p>\n","protected":false},"author":1,"featured_media":0,"comment_status":"open","ping_status":"closed","sticky":false,"template":"","format":"standard","meta":{"_exactmetrics_skip_tracking":false,"_exactmetrics_sitenote_active":false,"_exactmetrics_sitenote_note":"","_exactmetrics_sitenote_category":0,"ngg_post_thumbnail":0,"jetpack_post_was_ever_published":false,"_jetpack_newsletter_access":"","_jetpack_dont_email_post_to_subs":false,"_jetpack_newsletter_tier_id":0,"_jetpack_memberships_contains_paywalled_content":false,"_jetpack_memberships_contains_paid_content":false,"footnotes":"","jetpack_publicize_message":"","jetpack_publicize_feature_enabled":true,"jetpack_social_post_already_shared":false,"jetpack_social_options":{"image_generator_settings":{"template":"highway","default_image_id":0,"font":"","enabled":false},"version":2}},"categories":[15],"tags":[31,33,16],"class_list":["post-3202","post","type-post","status-publish","format-standard","hentry","category-mittwochsgruppe","tag-bildergalerie","tag-gruppenbilder","tag-mittwochsgruppe"],"yoast_head":"<!-- This site is optimized with the Yoast SEO plugin v27.5 - https:\/\/yoast.com\/product\/yoast-seo-wordpress\/ -->\n<title>Neue Funktion der Bildergalerie - Erhardt Stiefel&#039;s Fundgrube<\/title>\n<meta name=\"robots\" content=\"index, follow, max-snippet:-1, max-image-preview:large, max-video-preview:-1\" \/>\n<link rel=\"canonical\" href=\"https:\/\/erhardt-stiefel.de\/index.php\/2019\/10\/23\/neue-funktion-der-bildergalerie\/\" \/>\n<meta property=\"og:locale\" content=\"de_DE\" \/>\n<meta property=\"og:type\" content=\"article\" \/>\n<meta property=\"og:title\" content=\"Neue Funktion der Bildergalerie - Erhardt Stiefel&#039;s Fundgrube\" \/>\n<meta property=\"og:description\" content=\"Weil die Bildergalerie der Mittwochsgruppe inzwischen mehr 300 Bilder enth\u00e4lt und nicht jeder alle Bilder durchsuchen m\u00f6chte um ein ganz bestimmtes Bild zu finden, habe ich diese neue Funktion eingef\u00fchrt um die Bildanzeige nach Stichworten filtern zu k\u00f6nnen. Wei\u00df man ungef\u00e4hr in welchem Jahr das gesuchte Bild gemacht wurde (z.B. 2005) oder welche Aktion&nbsp; da &hellip; \u201eNeue Funktion der Bildergalerie\u201c weiterlesen\" \/>\n<meta property=\"og:url\" content=\"https:\/\/erhardt-stiefel.de\/index.php\/2019\/10\/23\/neue-funktion-der-bildergalerie\/\" \/>\n<meta property=\"og:site_name\" content=\"Erhardt Stiefel&#039;s Fundgrube\" \/>\n<meta property=\"article:published_time\" content=\"2019-10-23T10:18:56+00:00\" \/>\n<meta property=\"article:modified_time\" content=\"2019-11-13T12:06:42+00:00\" \/>\n<meta property=\"og:image\" content=\"https:\/\/erhardt-stiefel.de\/wp-content\/uploads\/2019\/10\/Stichwortwahl.jpg\" \/>\n<meta name=\"author\" content=\"Erhardt\" \/>\n<meta name=\"twitter:card\" content=\"summary_large_image\" \/>\n<meta name=\"twitter:creator\" content=\"@erhardtstiefel77\" \/>\n<meta name=\"twitter:label1\" content=\"Geschrieben von\" \/>\n\t<meta name=\"twitter:data1\" content=\"Erhardt\" \/>\n\t<meta name=\"twitter:label2\" content=\"Gesch\u00e4tzte Lesezeit\" \/>\n\t<meta name=\"twitter:data2\" content=\"1\u00a0Minute\" \/>\n<script type=\"application\/ld+json\" class=\"yoast-schema-graph\">{\"@context\":\"https:\\\/\\\/schema.org\",\"@graph\":[{\"@type\":\"Article\",\"@id\":\"https:\\\/\\\/erhardt-stiefel.de\\\/index.php\\\/2019\\\/10\\\/23\\\/neue-funktion-der-bildergalerie\\\/#article\",\"isPartOf\":{\"@id\":\"https:\\\/\\\/erhardt-stiefel.de\\\/index.php\\\/2019\\\/10\\\/23\\\/neue-funktion-der-bildergalerie\\\/\"},\"author\":{\"name\":\"Erhardt\",\"@id\":\"https:\\\/\\\/erhardt-stiefel.de\\\/#\\\/schema\\\/person\\\/623af879bb14c4ae6622ece81ec006ef\"},\"headline\":\"Neue Funktion der Bildergalerie\",\"datePublished\":\"2019-10-23T10:18:56+00:00\",\"dateModified\":\"2019-11-13T12:06:42+00:00\",\"mainEntityOfPage\":{\"@id\":\"https:\\\/\\\/erhardt-stiefel.de\\\/index.php\\\/2019\\\/10\\\/23\\\/neue-funktion-der-bildergalerie\\\/\"},\"wordCount\":137,\"commentCount\":0,\"image\":{\"@id\":\"https:\\\/\\\/erhardt-stiefel.de\\\/index.php\\\/2019\\\/10\\\/23\\\/neue-funktion-der-bildergalerie\\\/#primaryimage\"},\"thumbnailUrl\":\"https:\\\/\\\/erhardt-stiefel.de\\\/wp-content\\\/uploads\\\/2019\\\/10\\\/Stichwortwahl.jpg\",\"keywords\":[\"Bildergalerie\",\"Gruppenbilder\",\"Mittwochsgruppe\"],\"articleSection\":[\"Mittwochsgruppe\"],\"inLanguage\":\"de\",\"potentialAction\":[{\"@type\":\"CommentAction\",\"name\":\"Comment\",\"target\":[\"https:\\\/\\\/erhardt-stiefel.de\\\/index.php\\\/2019\\\/10\\\/23\\\/neue-funktion-der-bildergalerie\\\/#respond\"]}]},{\"@type\":\"WebPage\",\"@id\":\"https:\\\/\\\/erhardt-stiefel.de\\\/index.php\\\/2019\\\/10\\\/23\\\/neue-funktion-der-bildergalerie\\\/\",\"url\":\"https:\\\/\\\/erhardt-stiefel.de\\\/index.php\\\/2019\\\/10\\\/23\\\/neue-funktion-der-bildergalerie\\\/\",\"name\":\"Neue Funktion der Bildergalerie - Erhardt Stiefel&#039;s Fundgrube\",\"isPartOf\":{\"@id\":\"https:\\\/\\\/erhardt-stiefel.de\\\/#website\"},\"primaryImageOfPage\":{\"@id\":\"https:\\\/\\\/erhardt-stiefel.de\\\/index.php\\\/2019\\\/10\\\/23\\\/neue-funktion-der-bildergalerie\\\/#primaryimage\"},\"image\":{\"@id\":\"https:\\\/\\\/erhardt-stiefel.de\\\/index.php\\\/2019\\\/10\\\/23\\\/neue-funktion-der-bildergalerie\\\/#primaryimage\"},\"thumbnailUrl\":\"https:\\\/\\\/erhardt-stiefel.de\\\/wp-content\\\/uploads\\\/2019\\\/10\\\/Stichwortwahl.jpg\",\"datePublished\":\"2019-10-23T10:18:56+00:00\",\"dateModified\":\"2019-11-13T12:06:42+00:00\",\"author\":{\"@id\":\"https:\\\/\\\/erhardt-stiefel.de\\\/#\\\/schema\\\/person\\\/623af879bb14c4ae6622ece81ec006ef\"},\"breadcrumb\":{\"@id\":\"https:\\\/\\\/erhardt-stiefel.de\\\/index.php\\\/2019\\\/10\\\/23\\\/neue-funktion-der-bildergalerie\\\/#breadcrumb\"},\"inLanguage\":\"de\",\"potentialAction\":[{\"@type\":\"ReadAction\",\"target\":[\"https:\\\/\\\/erhardt-stiefel.de\\\/index.php\\\/2019\\\/10\\\/23\\\/neue-funktion-der-bildergalerie\\\/\"]}]},{\"@type\":\"ImageObject\",\"inLanguage\":\"de\",\"@id\":\"https:\\\/\\\/erhardt-stiefel.de\\\/index.php\\\/2019\\\/10\\\/23\\\/neue-funktion-der-bildergalerie\\\/#primaryimage\",\"url\":\"https:\\\/\\\/erhardt-stiefel.de\\\/wp-content\\\/uploads\\\/2019\\\/10\\\/Stichwortwahl.jpg\",\"contentUrl\":\"https:\\\/\\\/erhardt-stiefel.de\\\/wp-content\\\/uploads\\\/2019\\\/10\\\/Stichwortwahl.jpg\",\"width\":723,\"height\":207},{\"@type\":\"BreadcrumbList\",\"@id\":\"https:\\\/\\\/erhardt-stiefel.de\\\/index.php\\\/2019\\\/10\\\/23\\\/neue-funktion-der-bildergalerie\\\/#breadcrumb\",\"itemListElement\":[{\"@type\":\"ListItem\",\"position\":1,\"name\":\"Home\",\"item\":\"https:\\\/\\\/erhardt-stiefel.de\\\/\"},{\"@type\":\"ListItem\",\"position\":2,\"name\":\"Neue Funktion der Bildergalerie\"}]},{\"@type\":\"WebSite\",\"@id\":\"https:\\\/\\\/erhardt-stiefel.de\\\/#website\",\"url\":\"https:\\\/\\\/erhardt-stiefel.de\\\/\",\"name\":\"Erhardt Stiefel&#039;s Fundgrube\",\"description\":\"Erfahrungen mit CMS, Genealogie, Gott und der Welt - die ich sehr gerne mit dir teilen w\u00fcrde\",\"potentialAction\":[{\"@type\":\"SearchAction\",\"target\":{\"@type\":\"EntryPoint\",\"urlTemplate\":\"https:\\\/\\\/erhardt-stiefel.de\\\/?s={search_term_string}\"},\"query-input\":{\"@type\":\"PropertyValueSpecification\",\"valueRequired\":true,\"valueName\":\"search_term_string\"}}],\"inLanguage\":\"de\"},{\"@type\":\"Person\",\"@id\":\"https:\\\/\\\/erhardt-stiefel.de\\\/#\\\/schema\\\/person\\\/623af879bb14c4ae6622ece81ec006ef\",\"name\":\"Erhardt\",\"image\":{\"@type\":\"ImageObject\",\"inLanguage\":\"de\",\"@id\":\"https:\\\/\\\/secure.gravatar.com\\\/avatar\\\/086c9cb068fa330c15ed0aabfea0b66ecfa387fd1d6eb1a1a3b0a963becd7f74?s=96&d=mm&r=g\",\"url\":\"https:\\\/\\\/secure.gravatar.com\\\/avatar\\\/086c9cb068fa330c15ed0aabfea0b66ecfa387fd1d6eb1a1a3b0a963becd7f74?s=96&d=mm&r=g\",\"contentUrl\":\"https:\\\/\\\/secure.gravatar.com\\\/avatar\\\/086c9cb068fa330c15ed0aabfea0b66ecfa387fd1d6eb1a1a3b0a963becd7f74?s=96&d=mm&r=g\",\"caption\":\"Erhardt\"},\"sameAs\":[\"https:\\\/\\\/erhardt-stiefel.de\",\"https:\\\/\\\/x.com\\\/erhardtstiefel77\"],\"url\":\"https:\\\/\\\/erhardt-stiefel.de\\\/index.php\\\/author\\\/erhardt_stiefel\\\/\"}]}<\/script>\n<!-- \/ Yoast SEO plugin. -->","yoast_head_json":{"title":"Neue Funktion der Bildergalerie - Erhardt Stiefel&#039;s Fundgrube","robots":{"index":"index","follow":"follow","max-snippet":"max-snippet:-1","max-image-preview":"max-image-preview:large","max-video-preview":"max-video-preview:-1"},"canonical":"https:\/\/erhardt-stiefel.de\/index.php\/2019\/10\/23\/neue-funktion-der-bildergalerie\/","og_locale":"de_DE","og_type":"article","og_title":"Neue Funktion der Bildergalerie - Erhardt Stiefel&#039;s Fundgrube","og_description":"Weil die Bildergalerie der Mittwochsgruppe inzwischen mehr 300 Bilder enth\u00e4lt und nicht jeder alle Bilder durchsuchen m\u00f6chte um ein ganz bestimmtes Bild zu finden, habe ich diese neue Funktion eingef\u00fchrt um die Bildanzeige nach Stichworten filtern zu k\u00f6nnen. Wei\u00df man ungef\u00e4hr in welchem Jahr das gesuchte Bild gemacht wurde (z.B. 2005) oder welche Aktion&nbsp; da &hellip; \u201eNeue Funktion der Bildergalerie\u201c weiterlesen","og_url":"https:\/\/erhardt-stiefel.de\/index.php\/2019\/10\/23\/neue-funktion-der-bildergalerie\/","og_site_name":"Erhardt Stiefel&#039;s Fundgrube","article_published_time":"2019-10-23T10:18:56+00:00","article_modified_time":"2019-11-13T12:06:42+00:00","og_image":[{"url":"https:\/\/erhardt-stiefel.de\/wp-content\/uploads\/2019\/10\/Stichwortwahl.jpg","type":"","width":"","height":""}],"author":"Erhardt","twitter_card":"summary_large_image","twitter_creator":"@erhardtstiefel77","twitter_misc":{"Geschrieben von":"Erhardt","Gesch\u00e4tzte Lesezeit":"1\u00a0Minute"},"schema":{"@context":"https:\/\/schema.org","@graph":[{"@type":"Article","@id":"https:\/\/erhardt-stiefel.de\/index.php\/2019\/10\/23\/neue-funktion-der-bildergalerie\/#article","isPartOf":{"@id":"https:\/\/erhardt-stiefel.de\/index.php\/2019\/10\/23\/neue-funktion-der-bildergalerie\/"},"author":{"name":"Erhardt","@id":"https:\/\/erhardt-stiefel.de\/#\/schema\/person\/623af879bb14c4ae6622ece81ec006ef"},"headline":"Neue Funktion der Bildergalerie","datePublished":"2019-10-23T10:18:56+00:00","dateModified":"2019-11-13T12:06:42+00:00","mainEntityOfPage":{"@id":"https:\/\/erhardt-stiefel.de\/index.php\/2019\/10\/23\/neue-funktion-der-bildergalerie\/"},"wordCount":137,"commentCount":0,"image":{"@id":"https:\/\/erhardt-stiefel.de\/index.php\/2019\/10\/23\/neue-funktion-der-bildergalerie\/#primaryimage"},"thumbnailUrl":"https:\/\/erhardt-stiefel.de\/wp-content\/uploads\/2019\/10\/Stichwortwahl.jpg","keywords":["Bildergalerie","Gruppenbilder","Mittwochsgruppe"],"articleSection":["Mittwochsgruppe"],"inLanguage":"de","potentialAction":[{"@type":"CommentAction","name":"Comment","target":["https:\/\/erhardt-stiefel.de\/index.php\/2019\/10\/23\/neue-funktion-der-bildergalerie\/#respond"]}]},{"@type":"WebPage","@id":"https:\/\/erhardt-stiefel.de\/index.php\/2019\/10\/23\/neue-funktion-der-bildergalerie\/","url":"https:\/\/erhardt-stiefel.de\/index.php\/2019\/10\/23\/neue-funktion-der-bildergalerie\/","name":"Neue Funktion der Bildergalerie - Erhardt Stiefel&#039;s Fundgrube","isPartOf":{"@id":"https:\/\/erhardt-stiefel.de\/#website"},"primaryImageOfPage":{"@id":"https:\/\/erhardt-stiefel.de\/index.php\/2019\/10\/23\/neue-funktion-der-bildergalerie\/#primaryimage"},"image":{"@id":"https:\/\/erhardt-stiefel.de\/index.php\/2019\/10\/23\/neue-funktion-der-bildergalerie\/#primaryimage"},"thumbnailUrl":"https:\/\/erhardt-stiefel.de\/wp-content\/uploads\/2019\/10\/Stichwortwahl.jpg","datePublished":"2019-10-23T10:18:56+00:00","dateModified":"2019-11-13T12:06:42+00:00","author":{"@id":"https:\/\/erhardt-stiefel.de\/#\/schema\/person\/623af879bb14c4ae6622ece81ec006ef"},"breadcrumb":{"@id":"https:\/\/erhardt-stiefel.de\/index.php\/2019\/10\/23\/neue-funktion-der-bildergalerie\/#breadcrumb"},"inLanguage":"de","potentialAction":[{"@type":"ReadAction","target":["https:\/\/erhardt-stiefel.de\/index.php\/2019\/10\/23\/neue-funktion-der-bildergalerie\/"]}]},{"@type":"ImageObject","inLanguage":"de","@id":"https:\/\/erhardt-stiefel.de\/index.php\/2019\/10\/23\/neue-funktion-der-bildergalerie\/#primaryimage","url":"https:\/\/erhardt-stiefel.de\/wp-content\/uploads\/2019\/10\/Stichwortwahl.jpg","contentUrl":"https:\/\/erhardt-stiefel.de\/wp-content\/uploads\/2019\/10\/Stichwortwahl.jpg","width":723,"height":207},{"@type":"BreadcrumbList","@id":"https:\/\/erhardt-stiefel.de\/index.php\/2019\/10\/23\/neue-funktion-der-bildergalerie\/#breadcrumb","itemListElement":[{"@type":"ListItem","position":1,"name":"Home","item":"https:\/\/erhardt-stiefel.de\/"},{"@type":"ListItem","position":2,"name":"Neue Funktion der Bildergalerie"}]},{"@type":"WebSite","@id":"https:\/\/erhardt-stiefel.de\/#website","url":"https:\/\/erhardt-stiefel.de\/","name":"Erhardt Stiefel&#039;s Fundgrube","description":"Erfahrungen mit CMS, Genealogie, Gott und der Welt - die ich sehr gerne mit dir teilen w\u00fcrde","potentialAction":[{"@type":"SearchAction","target":{"@type":"EntryPoint","urlTemplate":"https:\/\/erhardt-stiefel.de\/?s={search_term_string}"},"query-input":{"@type":"PropertyValueSpecification","valueRequired":true,"valueName":"search_term_string"}}],"inLanguage":"de"},{"@type":"Person","@id":"https:\/\/erhardt-stiefel.de\/#\/schema\/person\/623af879bb14c4ae6622ece81ec006ef","name":"Erhardt","image":{"@type":"ImageObject","inLanguage":"de","@id":"https:\/\/secure.gravatar.com\/avatar\/086c9cb068fa330c15ed0aabfea0b66ecfa387fd1d6eb1a1a3b0a963becd7f74?s=96&d=mm&r=g","url":"https:\/\/secure.gravatar.com\/avatar\/086c9cb068fa330c15ed0aabfea0b66ecfa387fd1d6eb1a1a3b0a963becd7f74?s=96&d=mm&r=g","contentUrl":"https:\/\/secure.gravatar.com\/avatar\/086c9cb068fa330c15ed0aabfea0b66ecfa387fd1d6eb1a1a3b0a963becd7f74?s=96&d=mm&r=g","caption":"Erhardt"},"sameAs":["https:\/\/erhardt-stiefel.de","https:\/\/x.com\/erhardtstiefel77"],"url":"https:\/\/erhardt-stiefel.de\/index.php\/author\/erhardt_stiefel\/"}]}},"jetpack_publicize_connections":[],"jetpack_featured_media_url":"","jetpack_sharing_enabled":true,"jetpack_shortlink":"https:\/\/wp.me\/paRlFh-PE","_links":{"self":[{"href":"https:\/\/erhardt-stiefel.de\/index.php\/wp-json\/wp\/v2\/posts\/3202","targetHints":{"allow":["GET"]}}],"collection":[{"href":"https:\/\/erhardt-stiefel.de\/index.php\/wp-json\/wp\/v2\/posts"}],"about":[{"href":"https:\/\/erhardt-stiefel.de\/index.php\/wp-json\/wp\/v2\/types\/post"}],"author":[{"embeddable":true,"href":"https:\/\/erhardt-stiefel.de\/index.php\/wp-json\/wp\/v2\/users\/1"}],"replies":[{"embeddable":true,"href":"https:\/\/erhardt-stiefel.de\/index.php\/wp-json\/wp\/v2\/comments?post=3202"}],"version-history":[{"count":5,"href":"https:\/\/erhardt-stiefel.de\/index.php\/wp-json\/wp\/v2\/posts\/3202\/revisions"}],"predecessor-version":[{"id":3220,"href":"https:\/\/erhardt-stiefel.de\/index.php\/wp-json\/wp\/v2\/posts\/3202\/revisions\/3220"}],"wp:attachment":[{"href":"https:\/\/erhardt-stiefel.de\/index.php\/wp-json\/wp\/v2\/media?parent=3202"}],"wp:term":[{"taxonomy":"category","embeddable":true,"href":"https:\/\/erhardt-stiefel.de\/index.php\/wp-json\/wp\/v2\/categories?post=3202"},{"taxonomy":"post_tag","embeddable":true,"href":"https:\/\/erhardt-stiefel.de\/index.php\/wp-json\/wp\/v2\/tags?post=3202"}],"curies":[{"name":"wp","href":"https:\/\/api.w.org\/{rel}","templated":true}]}}