{"id":3449,"date":"2019-11-17T18:49:50","date_gmt":"2019-11-17T18:49:50","guid":{"rendered":"https:\/\/erhardt-stiefel.de\/?p=3449"},"modified":"2020-01-12T11:52:17","modified_gmt":"2020-01-12T11:52:17","slug":"ein-tag-mit-hohem-erinnerungswert","status":"publish","type":"post","link":"https:\/\/erhardt-stiefel.de\/index.php\/2019\/11\/17\/ein-tag-mit-hohem-erinnerungswert\/","title":{"rendered":"Ein Tag mit hohem Erinnerungswert"},"content":{"rendered":"<p><img loading=\"lazy\" decoding=\"async\" class=\"aligncenter size-full wp-image-497\" src=\"https:\/\/erhardt-stiefel.de\/wp-content\/uploads\/2019\/04\/Mittwochsgruppe_gro\u00df-1.jpg\" alt=\"\" width=\"800\" height=\"557\" srcset=\"https:\/\/erhardt-stiefel.de\/wp-content\/uploads\/2019\/04\/Mittwochsgruppe_gro\u00df-1.jpg 800w, https:\/\/erhardt-stiefel.de\/wp-content\/uploads\/2019\/04\/Mittwochsgruppe_gro\u00df-1-300x209.jpg 300w, https:\/\/erhardt-stiefel.de\/wp-content\/uploads\/2019\/04\/Mittwochsgruppe_gro\u00df-1-768x535.jpg 768w\" sizes=\"auto, (max-width: 767px) 89vw, (max-width: 1000px) 54vw, (max-width: 1071px) 543px, 580px\" \/><\/p>\n<p>Die Aktion im November 2019 verlief f\u00fcr mich aussergew\u00f6hnlich und&nbsp; bemerkenswert. Nicht nur, weil die <strong>Mittwochsgruppe<\/strong> ihre Aktion an einem <strong>Freitag<\/strong> erlebte, sondern weil sich der Ausflug sehr harmonisch gestaltete. In der <span style=\"color: #3366ff;\"><a style=\"color: #3366ff;\" href=\"https:\/\/erhardt-stiefel.de\/index.php\/2019\/10\/12\/november-2019\/\">Einladung zur Novemberaktion<\/a><\/span> hatte mich haupts\u00e4chlich der Werksbesuch bei der <span style=\"color: #3366ff;\"><a style=\"color: #3366ff;\" href=\"https:\/\/www.perrot-turmuhren.de\/\" target=\"_blank\" rel=\"noopener noreferrer\">Fa. Perrot<\/a><\/span> gereizt. Von <span style=\"color: #3366ff;\"><a style=\"color: #3366ff;\" href=\"https:\/\/www.hermann-hesse.de\/biografie\" target=\"_blank\" rel=\"noopener noreferrer\">Hermann Hesse<\/a><\/span> hatte ich zwar schon einiges gelesen, aber <span style=\"color: #3366ff;\"><strong><a style=\"color: #3366ff;\" href=\"https:\/\/www.calw.de\/Stadtportrait\" target=\"_blank\" rel=\"noopener noreferrer\">Calw<\/a><\/strong><\/span> hatte ich auf dem Weg in den Schwarzwald immer nur &#8218;en passant&#8216; in Erinnerung. Doch der Reihe nach &#8230;<\/p>\n<p><!--more--><br \/>\nWir sollten ja Fahrgemeinschaften bilden und weil meine Frau nicht mit konnte, fragte ich meinen Nachbarn ob er noch einen Platz frei h\u00e4tte, &#8211; damit ich nicht alleine fahren musste. So wurde ich vor meinem Haus abgeholt und auch dahin zur\u00fcck gebracht. Super! Danke Peter!<br \/>\nAls wir in Calw aus dem <span style=\"color: #3366ff;\"><a style=\"color: #3366ff;\" href=\"https:\/\/www.stadtwerke-calw.de\/parkhaus-kaufland.html\" target=\"_blank\" rel=\"noopener noreferrer\">Parkhaus Kaufland<\/a><\/span> kamen, sahen wir schon die B\u00e4ckerei Sehne vor uns, wo in <span style=\"color: #3366ff;\"><a style=\"color: #3366ff;\" href=\"https:\/\/erhardt-stiefel.de\/wp-content\/gallery\/mittwochsgruppe\/2019_11_15_Calw1.png\" target=\"_blank\" rel=\"noopener noreferrer\">Heinrichs Caf\u00e9<\/a><\/span> schon ca. 25 Teilnehmer beim Kaffee sa\u00dfen und auf uns warteten. Ein toller Anfang!<br \/>\nDanach f\u00fchrte uns <span style=\"color: #3366ff;\"><a style=\"color: #3366ff;\" href=\"https:\/\/erhardt-stiefel.de\/wp-content\/gallery\/mittwochsgruppe\/1_1_Eugen_Hornickel.jpg\" target=\"_blank\" rel=\"noopener noreferrer\">Eugen Hornickel<\/a><\/span>, der Organisator des Tages, durch die <a href=\"https:\/\/www.calw.de\/Einkaufen\" target=\"_blank\" rel=\"noopener noreferrer\"><span style=\"color: #3366ff;\">Fu\u00dfg\u00e4ngerzone von Calw<\/span><\/a>, wo wir in der Lederstrasse ein &nbsp;<em><strong>\u2192 <span style=\"color: #993366;\"><a style=\"color: #993366;\" href=\"https:\/\/erhardt-stiefel.de\/wp-content\/gallery\/mittwochsgruppe\/2019_11_15_Calw.jpg\" target=\"_blank\" rel=\"noopener noreferrer\">Gruppenbild<\/a><\/span><\/strong><\/em> machten. Dann gings durch die Marktstrasse zum <span style=\"color: #3366ff;\"><a style=\"color: #3366ff;\" href=\"https:\/\/www.calw.de\/Ausflugsziel?view=publish&amp;item=tripDestination&amp;id=218\" target=\"_blank\" rel=\"noopener noreferrer\">Hermann-Hesse-Platz<\/a><\/span> am s\u00fcdlichen Nagoldufer der Nikolausbr\u00fccke, auf der au\u00dfer der Nikolauskapelle auch eine Skulptur von Hermann Hesse steht.<br \/>\nHier gab uns Eugen einen kleinen Vorgeschmack auf das, was wir sp\u00e4ter bei der F\u00fchrung im <span style=\"color: #3366ff;\"><a style=\"color: #3366ff;\" href=\"https:\/\/www.calw.de\/Hermann-Hesse-Museum\" target=\"_blank\" rel=\"noopener noreferrer\">Hermann-Hesse-Museum<\/a><\/span> h\u00f6ren sollten. Dorthin f\u00fchrte uns der weitere Weg \u00fcber die Marktstrasse zum Marktplatz, dem Zentrum des&nbsp; <span style=\"color: #3366ff;\"><a style=\"color: #3366ff;\" href=\"https:\/\/www.calw.de\/de\/Kultur-Tourismus\/Calw-historisch\/Stadtgeschichte\" target=\"_blank\" rel=\"noopener noreferrer\">Stadtlebens fr\u00fcherer Zeit<\/a><\/span>, vorbei an <span style=\"color: #3366ff;\"><a style=\"color: #3366ff;\" href=\"https:\/\/www.outdooractive.com\/de\/poi\/noerdlicher-schwarzwald\/haus-schaber-geburtshaus-von-hermann-hesse\/5068750\/\" target=\"_blank\" rel=\"noopener noreferrer\">Hesse&#8217;s Geburtshaus<\/a><\/span> und zum Museum gegen\u00fcber der Evangelischen Stadtkirche (von der wir sp\u00e4ter bei Perrot noch den alten Glockenstuhl sehen w\u00fcrden).<\/p>\n<p>Das Museum ist in <em><strong>neun<\/strong> <\/em>R\u00e4umen einer ehemaligen Wohnung untergebracht und unsere sehr passionierte F\u00fchrerin brachte uns zum Beginn in das sog. <a href=\"https:\/\/www.calw.de\/de\/Kultur-Tourismus\/Calw-kulturell\/Museen-und-Ausstellungen\/Hermann-Hesse-Museum\/Raeumlichkeiten#faqAnchor_1\" target=\"_blank\" rel=\"noopener noreferrer\"><span style=\"color: #3366ff;\">&#8222;indische&#8220; Zimmer<\/span><\/a>. Hier waren noch ein paar St\u00fchle zur &#8222;Erholung&#8220; der \u00e4lteren Teilnehmer &#8211; nach dem Stadtbummel und dem Aufstieg in den 2.Stock waren doch manche schon m\u00fcde &#8211; aber die restliche Stunde, gab es keine Sitzm\u00f6glichkeiten. Die F\u00fchrung war sehr beeindruckend, aber wegen der Enge in den kleinen R\u00e4umen, durch die vielen Exponate und durch unsere gro\u00dfe Gruppe, konnte man sich nur wenig in Ruhe genau ansehen. Trotzdem gelang mir dieses<span style=\"color: #3366ff;\"><span style=\"color: #000000;\"><strong> \u2022 <span style=\"color: #993366;\"><a style=\"color: #993366;\" href=\"https:\/\/erhardt-stiefel.de\/wp-content\/gallery\/mittwochsgruppe\/2019_11_15_Calw2.jpg\" target=\"_blank\" rel=\"noopener noreferrer\">Foto<\/a><\/span> \u2022<\/strong> <\/span><\/span>eines Gedankens von Hermann Hesse, dass ihn m.E. deutlich charakterisiert. Ich nahm mir vor mit meiner Frau wieder zu kommen und <span style=\"color: #3366ff;\"><a style=\"color: #3366ff;\" href=\"https:\/\/www.hermann-hesse.de\/museen\/calw\/rundgang-01\" target=\"_blank\" rel=\"noopener noreferrer\">diese Bilder<\/a><\/span> vor Ort genauer anzuschauen.<\/p>\n<p>Dank Eugen&#8217;s Vorarbeit konnten wir uns schon daheim das Mittagessen im <span style=\"color: #3366ff;\"><a style=\"color: #3366ff;\" href=\"https:\/\/www.brauhaus-schoenbuch.de\/calw\/lokation.html\" target=\"_blank\" rel=\"noopener noreferrer\">Brauhaus Sch\u00f6nbuch<\/a><\/span> &#8211; einer ehemaligen Turnhalle &#8211; heraus suchen und so blieben keine W\u00fcnsche offen.<\/p>\n<p>Die Weiterfahrt verlief in ein Industriegebiet von Calw, wo die <span style=\"color: #3366ff;\"><a style=\"color: #3366ff;\" href=\"https:\/\/www.perrot-turmuhren.de\/\" target=\"_blank\" rel=\"noopener noreferrer\">Fa. Perrot<\/a><\/span> in einem schmucken Fabrikgeb\u00e4ude Turmuhren und L\u00e4uteanlagen baut, die <span style=\"color: #3366ff;\"><a style=\"color: #3366ff;\" href=\"https:\/\/www.perrot-turmuhren.de\/uhrenmanufaktur-turmuhrenfabrik-uhren-hersteller\/uhrenfertigung-weltweit-internationaler-uhrenhersteller.html\">weltweit<\/a> <\/span>im Einsatz sind. Johannes Perrot, der j\u00fcngste der drei Perrot Br\u00fcder, die den Familien-Betrieb schon in der f\u00fcnften Generation betreiben, erz\u00e4hlte uns zur Begr\u00fc\u00dfung im Foyer, dass die m\u00e4nnlichen Nachkommen der <span style=\"color: #3366ff;\"><a style=\"color: #3366ff;\" href=\"https:\/\/www.perrot-turmuhren.de\/uhrenmanufaktur-turmuhrenfabrik-uhren-hersteller\/uhrenfertigung-historie\/johann-immanuel-perrot.html\">Waldenser-Familie Perrot<\/a><\/span> den zweiten Vornamen <strong>Immanuel<\/strong> (= Gott mit uns) tragen und dass dies auch ihr Firmen-Motto ist.<\/p>\n<p>Die F\u00fchrung \u00fcbertraf f\u00fcr mich, als gelernten Werkzeugmacher, Elektroniker und Entwicklungs-Ingenieur alle Erwartungen, denn Johannes Perrot erkl\u00e4rte uns sehr ausf\u00fchrlich und begeisternd nicht nur Funktion und Herstellung der Uhrwerke in den unterschiedlichsten Dimensionen, sondern auch der Zifferbl\u00e4tter, Zeiger,&nbsp; L\u00e4utewerke mit ihren Antrieben und Steuerungen. Die F\u00fchrung dauerte l\u00e4nger als geplant und war f\u00fcr manchen (fast) zu lang, weil es auch hier kaum Sitzgelegenheiten gab.<br \/>\nWoran man ein Zifferblatt von der Fa. Perrot erkennt, sieht man auf dem Bild dieses <span style=\"color: #3366ff;\"><a style=\"color: #3366ff;\" href=\"https:\/\/www.perrot-turmuhren.de\/fileadmin\/perrot\/Public\/Content\/Images\/Content\/Neuigkeiten\/20180331_WiMi_Hoffmeister-Kraut_PERROT.PDF\" target=\"_blank\" rel=\"noopener noreferrer\">Zeitungsartikel<\/a><\/span>, auf dem auch unser freundlicher F\u00fchrer zu sehen ist.<br \/>\nEs lohnt sich die gro\u00dfartige Website der Firma zu durchst\u00f6bern, wo man auch den Bericht \u00fcber die gr\u00f6\u00dfte und h\u00f6chste <span style=\"color: #3366ff;\"><a style=\"color: #3366ff;\" href=\"https:\/\/www.perrot-turmuhren.de\/turmuhren-laeuteanlagen-sonderuhren-turmzieren-glockenspiele\/besondere-uhren-spezialuhren\/groesste-turmuhr-makkah-clock.html\" target=\"_blank\" rel=\"noopener noreferrer\">Turmuhr in Mekka<\/a><\/span> findet, die hier gebaut wurde.<\/p>\n<p>Insgesamt ein ausgef\u00fcllter Tag mit vielen unvergesslichen Eindr\u00fccken, die wir dem erfahrenen Organisator des Tages verdanken: Vielen Dank Eugen!<\/p>\n","protected":false},"excerpt":{"rendered":"<p>Die Aktion im November 2019 verlief f\u00fcr mich aussergew\u00f6hnlich und&nbsp; bemerkenswert. Nicht nur, weil die Mittwochsgruppe ihre Aktion an einem Freitag erlebte, sondern weil sich der Ausflug sehr harmonisch gestaltete. In der Einladung zur Novemberaktion hatte mich haupts\u00e4chlich der Werksbesuch bei der Fa. Perrot gereizt. Von Hermann Hesse hatte ich zwar schon einiges gelesen, aber &hellip; <\/p>\n<p class=\"link-more\"><a href=\"https:\/\/erhardt-stiefel.de\/index.php\/2019\/11\/17\/ein-tag-mit-hohem-erinnerungswert\/\" class=\"more-link\"><span class=\"screen-reader-text\">\u201eEin Tag mit hohem Erinnerungswert\u201c<\/span> weiterlesen<\/a><\/p>\n","protected":false},"author":1,"featured_media":0,"comment_status":"open","ping_status":"closed","sticky":false,"template":"","format":"standard","meta":{"_exactmetrics_skip_tracking":false,"_exactmetrics_sitenote_active":false,"_exactmetrics_sitenote_note":"","_exactmetrics_sitenote_category":0,"ngg_post_thumbnail":0,"jetpack_post_was_ever_published":false,"_jetpack_newsletter_access":"","_jetpack_dont_email_post_to_subs":false,"_jetpack_newsletter_tier_id":0,"_jetpack_memberships_contains_paywalled_content":false,"_jetpack_memberships_contains_paid_content":false,"footnotes":"","jetpack_publicize_message":"","jetpack_publicize_feature_enabled":true,"jetpack_social_post_already_shared":false,"jetpack_social_options":{"image_generator_settings":{"template":"highway","default_image_id":0,"font":"","enabled":false},"version":2}},"categories":[15],"tags":[257,258,114],"class_list":["post-3449","post","type-post","status-publish","format-standard","hentry","category-mittwochsgruppe","tag-hermann-hesse","tag-mekka","tag-perrot"],"yoast_head":"<!-- This site is optimized with the Yoast SEO plugin v27.5 - https:\/\/yoast.com\/product\/yoast-seo-wordpress\/ -->\n<title>Ein Tag mit hohem Erinnerungswert - Erhardt Stiefel&#039;s Fundgrube<\/title>\n<meta name=\"robots\" content=\"index, follow, max-snippet:-1, max-image-preview:large, max-video-preview:-1\" \/>\n<link rel=\"canonical\" href=\"https:\/\/erhardt-stiefel.de\/index.php\/2019\/11\/17\/ein-tag-mit-hohem-erinnerungswert\/\" \/>\n<meta property=\"og:locale\" content=\"de_DE\" \/>\n<meta property=\"og:type\" content=\"article\" \/>\n<meta property=\"og:title\" content=\"Ein Tag mit hohem Erinnerungswert - Erhardt Stiefel&#039;s Fundgrube\" \/>\n<meta property=\"og:description\" content=\"Die Aktion im November 2019 verlief f\u00fcr mich aussergew\u00f6hnlich und&nbsp; bemerkenswert. Nicht nur, weil die Mittwochsgruppe ihre Aktion an einem Freitag erlebte, sondern weil sich der Ausflug sehr harmonisch gestaltete. In der Einladung zur Novemberaktion hatte mich haupts\u00e4chlich der Werksbesuch bei der Fa. Perrot gereizt. Von Hermann Hesse hatte ich zwar schon einiges gelesen, aber &hellip; \u201eEin Tag mit hohem Erinnerungswert\u201c weiterlesen\" \/>\n<meta property=\"og:url\" content=\"https:\/\/erhardt-stiefel.de\/index.php\/2019\/11\/17\/ein-tag-mit-hohem-erinnerungswert\/\" \/>\n<meta property=\"og:site_name\" content=\"Erhardt Stiefel&#039;s Fundgrube\" \/>\n<meta property=\"article:published_time\" content=\"2019-11-17T18:49:50+00:00\" \/>\n<meta property=\"article:modified_time\" content=\"2020-01-12T11:52:17+00:00\" \/>\n<meta property=\"og:image\" content=\"https:\/\/erhardt-stiefel.de\/wp-content\/uploads\/2019\/04\/Mittwochsgruppe_gro\u00df-1.jpg\" \/>\n<meta name=\"author\" content=\"Erhardt\" \/>\n<meta name=\"twitter:card\" content=\"summary_large_image\" \/>\n<meta name=\"twitter:creator\" content=\"@erhardtstiefel77\" \/>\n<meta name=\"twitter:label1\" content=\"Geschrieben von\" \/>\n\t<meta name=\"twitter:data1\" content=\"Erhardt\" \/>\n\t<meta name=\"twitter:label2\" content=\"Gesch\u00e4tzte Lesezeit\" \/>\n\t<meta name=\"twitter:data2\" content=\"3\u00a0Minuten\" \/>\n<script type=\"application\/ld+json\" class=\"yoast-schema-graph\">{\"@context\":\"https:\\\/\\\/schema.org\",\"@graph\":[{\"@type\":\"Article\",\"@id\":\"https:\\\/\\\/erhardt-stiefel.de\\\/index.php\\\/2019\\\/11\\\/17\\\/ein-tag-mit-hohem-erinnerungswert\\\/#article\",\"isPartOf\":{\"@id\":\"https:\\\/\\\/erhardt-stiefel.de\\\/index.php\\\/2019\\\/11\\\/17\\\/ein-tag-mit-hohem-erinnerungswert\\\/\"},\"author\":{\"name\":\"Erhardt\",\"@id\":\"https:\\\/\\\/erhardt-stiefel.de\\\/#\\\/schema\\\/person\\\/623af879bb14c4ae6622ece81ec006ef\"},\"headline\":\"Ein Tag mit hohem Erinnerungswert\",\"datePublished\":\"2019-11-17T18:49:50+00:00\",\"dateModified\":\"2020-01-12T11:52:17+00:00\",\"mainEntityOfPage\":{\"@id\":\"https:\\\/\\\/erhardt-stiefel.de\\\/index.php\\\/2019\\\/11\\\/17\\\/ein-tag-mit-hohem-erinnerungswert\\\/\"},\"wordCount\":676,\"commentCount\":0,\"keywords\":[\"Hermann Hesse\",\"Mekka\",\"Perrot\"],\"articleSection\":[\"Mittwochsgruppe\"],\"inLanguage\":\"de\",\"potentialAction\":[{\"@type\":\"CommentAction\",\"name\":\"Comment\",\"target\":[\"https:\\\/\\\/erhardt-stiefel.de\\\/index.php\\\/2019\\\/11\\\/17\\\/ein-tag-mit-hohem-erinnerungswert\\\/#respond\"]}]},{\"@type\":\"WebPage\",\"@id\":\"https:\\\/\\\/erhardt-stiefel.de\\\/index.php\\\/2019\\\/11\\\/17\\\/ein-tag-mit-hohem-erinnerungswert\\\/\",\"url\":\"https:\\\/\\\/erhardt-stiefel.de\\\/index.php\\\/2019\\\/11\\\/17\\\/ein-tag-mit-hohem-erinnerungswert\\\/\",\"name\":\"Ein Tag mit hohem Erinnerungswert - Erhardt Stiefel&#039;s Fundgrube\",\"isPartOf\":{\"@id\":\"https:\\\/\\\/erhardt-stiefel.de\\\/#website\"},\"datePublished\":\"2019-11-17T18:49:50+00:00\",\"dateModified\":\"2020-01-12T11:52:17+00:00\",\"author\":{\"@id\":\"https:\\\/\\\/erhardt-stiefel.de\\\/#\\\/schema\\\/person\\\/623af879bb14c4ae6622ece81ec006ef\"},\"breadcrumb\":{\"@id\":\"https:\\\/\\\/erhardt-stiefel.de\\\/index.php\\\/2019\\\/11\\\/17\\\/ein-tag-mit-hohem-erinnerungswert\\\/#breadcrumb\"},\"inLanguage\":\"de\",\"potentialAction\":[{\"@type\":\"ReadAction\",\"target\":[\"https:\\\/\\\/erhardt-stiefel.de\\\/index.php\\\/2019\\\/11\\\/17\\\/ein-tag-mit-hohem-erinnerungswert\\\/\"]}]},{\"@type\":\"BreadcrumbList\",\"@id\":\"https:\\\/\\\/erhardt-stiefel.de\\\/index.php\\\/2019\\\/11\\\/17\\\/ein-tag-mit-hohem-erinnerungswert\\\/#breadcrumb\",\"itemListElement\":[{\"@type\":\"ListItem\",\"position\":1,\"name\":\"Home\",\"item\":\"https:\\\/\\\/erhardt-stiefel.de\\\/\"},{\"@type\":\"ListItem\",\"position\":2,\"name\":\"Ein Tag mit hohem Erinnerungswert\"}]},{\"@type\":\"WebSite\",\"@id\":\"https:\\\/\\\/erhardt-stiefel.de\\\/#website\",\"url\":\"https:\\\/\\\/erhardt-stiefel.de\\\/\",\"name\":\"Erhardt Stiefel&#039;s Fundgrube\",\"description\":\"Erfahrungen mit CMS, Genealogie, Gott und der Welt - die ich sehr gerne mit dir teilen w\u00fcrde\",\"potentialAction\":[{\"@type\":\"SearchAction\",\"target\":{\"@type\":\"EntryPoint\",\"urlTemplate\":\"https:\\\/\\\/erhardt-stiefel.de\\\/?s={search_term_string}\"},\"query-input\":{\"@type\":\"PropertyValueSpecification\",\"valueRequired\":true,\"valueName\":\"search_term_string\"}}],\"inLanguage\":\"de\"},{\"@type\":\"Person\",\"@id\":\"https:\\\/\\\/erhardt-stiefel.de\\\/#\\\/schema\\\/person\\\/623af879bb14c4ae6622ece81ec006ef\",\"name\":\"Erhardt\",\"image\":{\"@type\":\"ImageObject\",\"inLanguage\":\"de\",\"@id\":\"https:\\\/\\\/secure.gravatar.com\\\/avatar\\\/086c9cb068fa330c15ed0aabfea0b66ecfa387fd1d6eb1a1a3b0a963becd7f74?s=96&d=mm&r=g\",\"url\":\"https:\\\/\\\/secure.gravatar.com\\\/avatar\\\/086c9cb068fa330c15ed0aabfea0b66ecfa387fd1d6eb1a1a3b0a963becd7f74?s=96&d=mm&r=g\",\"contentUrl\":\"https:\\\/\\\/secure.gravatar.com\\\/avatar\\\/086c9cb068fa330c15ed0aabfea0b66ecfa387fd1d6eb1a1a3b0a963becd7f74?s=96&d=mm&r=g\",\"caption\":\"Erhardt\"},\"sameAs\":[\"https:\\\/\\\/erhardt-stiefel.de\",\"https:\\\/\\\/x.com\\\/erhardtstiefel77\"],\"url\":\"https:\\\/\\\/erhardt-stiefel.de\\\/index.php\\\/author\\\/erhardt_stiefel\\\/\"}]}<\/script>\n<!-- \/ Yoast SEO plugin. -->","yoast_head_json":{"title":"Ein Tag mit hohem Erinnerungswert - Erhardt Stiefel&#039;s Fundgrube","robots":{"index":"index","follow":"follow","max-snippet":"max-snippet:-1","max-image-preview":"max-image-preview:large","max-video-preview":"max-video-preview:-1"},"canonical":"https:\/\/erhardt-stiefel.de\/index.php\/2019\/11\/17\/ein-tag-mit-hohem-erinnerungswert\/","og_locale":"de_DE","og_type":"article","og_title":"Ein Tag mit hohem Erinnerungswert - Erhardt Stiefel&#039;s Fundgrube","og_description":"Die Aktion im November 2019 verlief f\u00fcr mich aussergew\u00f6hnlich und&nbsp; bemerkenswert. Nicht nur, weil die Mittwochsgruppe ihre Aktion an einem Freitag erlebte, sondern weil sich der Ausflug sehr harmonisch gestaltete. In der Einladung zur Novemberaktion hatte mich haupts\u00e4chlich der Werksbesuch bei der Fa. Perrot gereizt. Von Hermann Hesse hatte ich zwar schon einiges gelesen, aber &hellip; \u201eEin Tag mit hohem Erinnerungswert\u201c weiterlesen","og_url":"https:\/\/erhardt-stiefel.de\/index.php\/2019\/11\/17\/ein-tag-mit-hohem-erinnerungswert\/","og_site_name":"Erhardt Stiefel&#039;s Fundgrube","article_published_time":"2019-11-17T18:49:50+00:00","article_modified_time":"2020-01-12T11:52:17+00:00","og_image":[{"url":"https:\/\/erhardt-stiefel.de\/wp-content\/uploads\/2019\/04\/Mittwochsgruppe_gro\u00df-1.jpg","type":"","width":"","height":""}],"author":"Erhardt","twitter_card":"summary_large_image","twitter_creator":"@erhardtstiefel77","twitter_misc":{"Geschrieben von":"Erhardt","Gesch\u00e4tzte Lesezeit":"3\u00a0Minuten"},"schema":{"@context":"https:\/\/schema.org","@graph":[{"@type":"Article","@id":"https:\/\/erhardt-stiefel.de\/index.php\/2019\/11\/17\/ein-tag-mit-hohem-erinnerungswert\/#article","isPartOf":{"@id":"https:\/\/erhardt-stiefel.de\/index.php\/2019\/11\/17\/ein-tag-mit-hohem-erinnerungswert\/"},"author":{"name":"Erhardt","@id":"https:\/\/erhardt-stiefel.de\/#\/schema\/person\/623af879bb14c4ae6622ece81ec006ef"},"headline":"Ein Tag mit hohem Erinnerungswert","datePublished":"2019-11-17T18:49:50+00:00","dateModified":"2020-01-12T11:52:17+00:00","mainEntityOfPage":{"@id":"https:\/\/erhardt-stiefel.de\/index.php\/2019\/11\/17\/ein-tag-mit-hohem-erinnerungswert\/"},"wordCount":676,"commentCount":0,"keywords":["Hermann Hesse","Mekka","Perrot"],"articleSection":["Mittwochsgruppe"],"inLanguage":"de","potentialAction":[{"@type":"CommentAction","name":"Comment","target":["https:\/\/erhardt-stiefel.de\/index.php\/2019\/11\/17\/ein-tag-mit-hohem-erinnerungswert\/#respond"]}]},{"@type":"WebPage","@id":"https:\/\/erhardt-stiefel.de\/index.php\/2019\/11\/17\/ein-tag-mit-hohem-erinnerungswert\/","url":"https:\/\/erhardt-stiefel.de\/index.php\/2019\/11\/17\/ein-tag-mit-hohem-erinnerungswert\/","name":"Ein Tag mit hohem Erinnerungswert - Erhardt Stiefel&#039;s Fundgrube","isPartOf":{"@id":"https:\/\/erhardt-stiefel.de\/#website"},"datePublished":"2019-11-17T18:49:50+00:00","dateModified":"2020-01-12T11:52:17+00:00","author":{"@id":"https:\/\/erhardt-stiefel.de\/#\/schema\/person\/623af879bb14c4ae6622ece81ec006ef"},"breadcrumb":{"@id":"https:\/\/erhardt-stiefel.de\/index.php\/2019\/11\/17\/ein-tag-mit-hohem-erinnerungswert\/#breadcrumb"},"inLanguage":"de","potentialAction":[{"@type":"ReadAction","target":["https:\/\/erhardt-stiefel.de\/index.php\/2019\/11\/17\/ein-tag-mit-hohem-erinnerungswert\/"]}]},{"@type":"BreadcrumbList","@id":"https:\/\/erhardt-stiefel.de\/index.php\/2019\/11\/17\/ein-tag-mit-hohem-erinnerungswert\/#breadcrumb","itemListElement":[{"@type":"ListItem","position":1,"name":"Home","item":"https:\/\/erhardt-stiefel.de\/"},{"@type":"ListItem","position":2,"name":"Ein Tag mit hohem Erinnerungswert"}]},{"@type":"WebSite","@id":"https:\/\/erhardt-stiefel.de\/#website","url":"https:\/\/erhardt-stiefel.de\/","name":"Erhardt Stiefel&#039;s Fundgrube","description":"Erfahrungen mit CMS, Genealogie, Gott und der Welt - die ich sehr gerne mit dir teilen w\u00fcrde","potentialAction":[{"@type":"SearchAction","target":{"@type":"EntryPoint","urlTemplate":"https:\/\/erhardt-stiefel.de\/?s={search_term_string}"},"query-input":{"@type":"PropertyValueSpecification","valueRequired":true,"valueName":"search_term_string"}}],"inLanguage":"de"},{"@type":"Person","@id":"https:\/\/erhardt-stiefel.de\/#\/schema\/person\/623af879bb14c4ae6622ece81ec006ef","name":"Erhardt","image":{"@type":"ImageObject","inLanguage":"de","@id":"https:\/\/secure.gravatar.com\/avatar\/086c9cb068fa330c15ed0aabfea0b66ecfa387fd1d6eb1a1a3b0a963becd7f74?s=96&d=mm&r=g","url":"https:\/\/secure.gravatar.com\/avatar\/086c9cb068fa330c15ed0aabfea0b66ecfa387fd1d6eb1a1a3b0a963becd7f74?s=96&d=mm&r=g","contentUrl":"https:\/\/secure.gravatar.com\/avatar\/086c9cb068fa330c15ed0aabfea0b66ecfa387fd1d6eb1a1a3b0a963becd7f74?s=96&d=mm&r=g","caption":"Erhardt"},"sameAs":["https:\/\/erhardt-stiefel.de","https:\/\/x.com\/erhardtstiefel77"],"url":"https:\/\/erhardt-stiefel.de\/index.php\/author\/erhardt_stiefel\/"}]}},"jetpack_publicize_connections":[],"jetpack_featured_media_url":"","jetpack_sharing_enabled":true,"jetpack_shortlink":"https:\/\/wp.me\/paRlFh-TD","_links":{"self":[{"href":"https:\/\/erhardt-stiefel.de\/index.php\/wp-json\/wp\/v2\/posts\/3449","targetHints":{"allow":["GET"]}}],"collection":[{"href":"https:\/\/erhardt-stiefel.de\/index.php\/wp-json\/wp\/v2\/posts"}],"about":[{"href":"https:\/\/erhardt-stiefel.de\/index.php\/wp-json\/wp\/v2\/types\/post"}],"author":[{"embeddable":true,"href":"https:\/\/erhardt-stiefel.de\/index.php\/wp-json\/wp\/v2\/users\/1"}],"replies":[{"embeddable":true,"href":"https:\/\/erhardt-stiefel.de\/index.php\/wp-json\/wp\/v2\/comments?post=3449"}],"version-history":[{"count":14,"href":"https:\/\/erhardt-stiefel.de\/index.php\/wp-json\/wp\/v2\/posts\/3449\/revisions"}],"predecessor-version":[{"id":3468,"href":"https:\/\/erhardt-stiefel.de\/index.php\/wp-json\/wp\/v2\/posts\/3449\/revisions\/3468"}],"wp:attachment":[{"href":"https:\/\/erhardt-stiefel.de\/index.php\/wp-json\/wp\/v2\/media?parent=3449"}],"wp:term":[{"taxonomy":"category","embeddable":true,"href":"https:\/\/erhardt-stiefel.de\/index.php\/wp-json\/wp\/v2\/categories?post=3449"},{"taxonomy":"post_tag","embeddable":true,"href":"https:\/\/erhardt-stiefel.de\/index.php\/wp-json\/wp\/v2\/tags?post=3449"}],"curies":[{"name":"wp","href":"https:\/\/api.w.org\/{rel}","templated":true}]}}