{"id":4749,"date":"2021-05-02T11:11:27","date_gmt":"2021-05-02T11:11:27","guid":{"rendered":"https:\/\/erhardt-stiefel.de\/?p=4749"},"modified":"2022-10-21T15:58:35","modified_gmt":"2022-10-21T13:58:35","slug":"eine-geniale-predigt","status":"publish","type":"post","link":"https:\/\/erhardt-stiefel.de\/index.php\/2021\/05\/02\/eine-geniale-predigt\/","title":{"rendered":"Eine geniale Predigt &#8230;"},"content":{"rendered":"<p><img loading=\"lazy\" decoding=\"async\" class=\"aligncenter size-full wp-image-4748\" src=\"https:\/\/erhardt-stiefel.de\/wp-content\/uploads\/2021\/05\/2021-05-02-1.jpg\" alt=\"\" width=\"718\" height=\"709\" srcset=\"https:\/\/erhardt-stiefel.de\/wp-content\/uploads\/2021\/05\/2021-05-02-1.jpg 718w, https:\/\/erhardt-stiefel.de\/wp-content\/uploads\/2021\/05\/2021-05-02-1-300x296.jpg 300w, https:\/\/erhardt-stiefel.de\/wp-content\/uploads\/2021\/05\/2021-05-02-1-100x100.jpg 100w\" sizes=\"auto, (max-width: 718px) 100vw, 718px\" \/><\/p>\n<p>Die Predigt von <strong>Arno Backhaus<\/strong> hat mich schon im <span style=\"color: #0000ff;\"><a style=\"color: #0000ff;\" href=\"https:\/\/www.erf.de\/erf-mediathek\/sendungen-a-z\/erf-gottesdienst\/das-orchester-des-lebens\/4929-576\" target=\"_blank\" rel=\"noopener\"><strong>ERF Gottesdienst<\/strong><\/a><\/span> von 2019 so sehr angesprochen, dass ich ihr auch heute, bei der durch Corona bedingten Wiederholung, die 5 Sterne gab. Die Predigt beginnt in der 21. Minute und ist zweiteilig, aber auch die Liedbeitr\u00e4ge sind sehr h\u00f6renswert.<\/p>\n<p>Mitte der 80er Jahre gingen Arno Backhaus und Andreas Malessa zusammen auf Tournee und als sie auch in unserer Gemeinde in Pforzheim gastierten, waren nicht nur ich, sondern auch meine Kinder von ihren musikalischen und rednerischen Talenten sehr angetan. Die LP <span style=\"color: #0000ff;\"><a style=\"color: #0000ff;\" href=\"https:\/\/www.arnobackhaus.de\/cds\/arno-andreas\/1598\/langarbeitsheftspielscheibe-cd\" target=\"_blank\" rel=\"noopener\">Langarbeitsheftspielscheibe<\/a><\/span>, die wir damals von ihnen erwarben, beeindruckte mich sehr; zeigte sie doch die Genialit\u00e4t der Beiden, Musikliebhabern auf besonders ansprechende Weise das Wort Gottes nahezubringen.<br \/>\nDen Text eines Liedes von <strong>Andreas Malessa<\/strong> auf dieser Platte habe ich bis heute nicht vergessen:&nbsp; <strong><em>Kopf und Herz sind wie ein Beet &#8230;<\/em><br \/>\n<\/strong><!--more--><\/p>\n<div class=\"lied\">\n<p><strong>1)<\/strong> Kopf und Herz sind wie ein Beet,<br \/>\ngute Saat wird ausges\u00e4t,<br \/>\nwenn ihr zuh\u00f6rt und versteht,<br \/>\nwo euch Gottes Wort erreicht.<br \/>\nGib dem kleinen Senfkorn Raum,<br \/>\nund es w\u00e4chst ein gro\u00dfer Baum.<br \/>\nWenn wir Gottes Wort vertrau&#8217;n,<br \/>\nwird man Fr\u00fcchte wachsen seh&#8217;n.<\/p>\n<p><strong>2)<\/strong> Liebevoll, geduldig sein,<br \/>\ngern des andern Schuld verzeih&#8217;n,<br \/>\nsich noch wie ein Kind zu freu&#8217;n,<br \/>\ndas l\u00e4sst Gott in uns entsteh&#8217;n.<br \/>\nEine Frucht ist Freundlichkeit,<br \/>\nman kann zuh\u00f6r&#8217;n und hat Zeit.<br \/>\nEs er\u00fcbrigt manchen Streit,<br \/>\nwenn der Friede bei uns bl\u00fcht.<\/p>\n<p><strong>3)<\/strong> Wachstum ist aus Gottes Sicht<br \/>\nauch die Freiheit zum Verzicht,<br \/>\ndass man h\u00e4lt, was man verspricht,<br \/>\nweil die Liebe uns bestimmt.<br \/>\nKopf und Herz sind wie ein Beet.<br \/>\nWenn der G\u00e4rtner vor euch steht,<br \/>\ndreht ihr euch nur um und seht,<br \/>\ndass es Jesus Christus ist.<\/p>\n<p><strong>Nachtrag vom 21.10.2022:<\/strong><\/p>\n<p>Die Predigt ist aus rechtlichen Gr\u00fcnden nicht mehr in der ERF Mediathek zu h\u00f6ren. Ich habe vom Ev. S\u00e4ngerbund&nbsp; einen Ausdruck davon bekommen.<br \/>\nWer mir schreibt, bekommt eine Kopie davon per mail zugesandt.<\/p>\n<\/div>\n","protected":false},"excerpt":{"rendered":"<p>Die Predigt von Arno Backhaus hat mich schon im ERF Gottesdienst von 2019 so sehr angesprochen, dass ich ihr auch heute, bei der durch Corona bedingten Wiederholung, die 5 Sterne gab. Die Predigt beginnt in der 21. Minute und ist zweiteilig, aber auch die Liedbeitr\u00e4ge sind sehr h\u00f6renswert. Mitte der 80er Jahre gingen Arno Backhaus &hellip; <\/p>\n<p class=\"link-more\"><a href=\"https:\/\/erhardt-stiefel.de\/index.php\/2021\/05\/02\/eine-geniale-predigt\/\" class=\"more-link\"><span class=\"screen-reader-text\">\u201eEine geniale Predigt &#8230;\u201c<\/span> weiterlesen<\/a><\/p>\n","protected":false},"author":1,"featured_media":0,"comment_status":"open","ping_status":"closed","sticky":false,"template":"","format":"standard","meta":{"_exactmetrics_skip_tracking":false,"_exactmetrics_sitenote_active":false,"_exactmetrics_sitenote_note":"","_exactmetrics_sitenote_category":0,"ngg_post_thumbnail":0,"jetpack_post_was_ever_published":false,"_jetpack_newsletter_access":"","_jetpack_dont_email_post_to_subs":false,"_jetpack_newsletter_tier_id":0,"_jetpack_memberships_contains_paywalled_content":false,"_jetpack_memberships_contains_paid_content":false,"footnotes":"","jetpack_publicize_message":"","jetpack_publicize_feature_enabled":true,"jetpack_social_post_already_shared":true,"jetpack_social_options":{"image_generator_settings":{"template":"highway","default_image_id":0,"font":"","enabled":false},"version":2}},"categories":[439],"tags":[388,353],"class_list":["post-4749","post","type-post","status-publish","format-standard","hentry","category-erf-gottesdienst","tag-arno-backhaus","tag-erf-gottesdienst"],"yoast_head":"<!-- This site is optimized with the Yoast SEO plugin v27.5 - https:\/\/yoast.com\/product\/yoast-seo-wordpress\/ -->\n<title>Eine geniale Predigt ... - Erhardt Stiefel&#039;s Fundgrube<\/title>\n<meta name=\"robots\" content=\"index, follow, max-snippet:-1, max-image-preview:large, max-video-preview:-1\" \/>\n<link rel=\"canonical\" href=\"https:\/\/erhardt-stiefel.de\/index.php\/2021\/05\/02\/eine-geniale-predigt\/\" \/>\n<meta property=\"og:locale\" content=\"de_DE\" \/>\n<meta property=\"og:type\" content=\"article\" \/>\n<meta property=\"og:title\" content=\"Eine geniale Predigt ... - Erhardt Stiefel&#039;s Fundgrube\" \/>\n<meta property=\"og:description\" content=\"Die Predigt von Arno Backhaus hat mich schon im ERF Gottesdienst von 2019 so sehr angesprochen, dass ich ihr auch heute, bei der durch Corona bedingten Wiederholung, die 5 Sterne gab. Die Predigt beginnt in der 21. Minute und ist zweiteilig, aber auch die Liedbeitr\u00e4ge sind sehr h\u00f6renswert. Mitte der 80er Jahre gingen Arno Backhaus &hellip; \u201eEine geniale Predigt &#8230;\u201c weiterlesen\" \/>\n<meta property=\"og:url\" content=\"https:\/\/erhardt-stiefel.de\/index.php\/2021\/05\/02\/eine-geniale-predigt\/\" \/>\n<meta property=\"og:site_name\" content=\"Erhardt Stiefel&#039;s Fundgrube\" \/>\n<meta property=\"article:published_time\" content=\"2021-05-02T11:11:27+00:00\" \/>\n<meta property=\"article:modified_time\" content=\"2022-10-21T13:58:35+00:00\" \/>\n<meta property=\"og:image\" content=\"https:\/\/erhardt-stiefel.de\/wp-content\/uploads\/2021\/05\/2021-05-02-1.jpg\" \/>\n<meta name=\"author\" content=\"Erhardt\" \/>\n<meta name=\"twitter:card\" content=\"summary_large_image\" \/>\n<meta name=\"twitter:creator\" content=\"@erhardtstiefel77\" \/>\n<meta name=\"twitter:label1\" content=\"Geschrieben von\" \/>\n\t<meta name=\"twitter:data1\" content=\"Erhardt\" \/>\n\t<meta name=\"twitter:label2\" content=\"Gesch\u00e4tzte Lesezeit\" \/>\n\t<meta name=\"twitter:data2\" content=\"2\u00a0Minuten\" \/>\n<script type=\"application\/ld+json\" class=\"yoast-schema-graph\">{\"@context\":\"https:\\\/\\\/schema.org\",\"@graph\":[{\"@type\":\"Article\",\"@id\":\"https:\\\/\\\/erhardt-stiefel.de\\\/index.php\\\/2021\\\/05\\\/02\\\/eine-geniale-predigt\\\/#article\",\"isPartOf\":{\"@id\":\"https:\\\/\\\/erhardt-stiefel.de\\\/index.php\\\/2021\\\/05\\\/02\\\/eine-geniale-predigt\\\/\"},\"author\":{\"name\":\"Erhardt\",\"@id\":\"https:\\\/\\\/erhardt-stiefel.de\\\/#\\\/schema\\\/person\\\/623af879bb14c4ae6622ece81ec006ef\"},\"headline\":\"Eine geniale Predigt &#8230;\",\"datePublished\":\"2021-05-02T11:11:27+00:00\",\"dateModified\":\"2022-10-21T13:58:35+00:00\",\"mainEntityOfPage\":{\"@id\":\"https:\\\/\\\/erhardt-stiefel.de\\\/index.php\\\/2021\\\/05\\\/02\\\/eine-geniale-predigt\\\/\"},\"wordCount\":321,\"commentCount\":0,\"image\":{\"@id\":\"https:\\\/\\\/erhardt-stiefel.de\\\/index.php\\\/2021\\\/05\\\/02\\\/eine-geniale-predigt\\\/#primaryimage\"},\"thumbnailUrl\":\"https:\\\/\\\/erhardt-stiefel.de\\\/wp-content\\\/uploads\\\/2021\\\/05\\\/2021-05-02-1.jpg\",\"keywords\":[\"Arno Backhaus\",\"ERF Gottesdienst\"],\"articleSection\":[\"ERF-Gottesdienst\"],\"inLanguage\":\"de\",\"potentialAction\":[{\"@type\":\"CommentAction\",\"name\":\"Comment\",\"target\":[\"https:\\\/\\\/erhardt-stiefel.de\\\/index.php\\\/2021\\\/05\\\/02\\\/eine-geniale-predigt\\\/#respond\"]}]},{\"@type\":\"WebPage\",\"@id\":\"https:\\\/\\\/erhardt-stiefel.de\\\/index.php\\\/2021\\\/05\\\/02\\\/eine-geniale-predigt\\\/\",\"url\":\"https:\\\/\\\/erhardt-stiefel.de\\\/index.php\\\/2021\\\/05\\\/02\\\/eine-geniale-predigt\\\/\",\"name\":\"Eine geniale Predigt ... - Erhardt Stiefel&#039;s Fundgrube\",\"isPartOf\":{\"@id\":\"https:\\\/\\\/erhardt-stiefel.de\\\/#website\"},\"primaryImageOfPage\":{\"@id\":\"https:\\\/\\\/erhardt-stiefel.de\\\/index.php\\\/2021\\\/05\\\/02\\\/eine-geniale-predigt\\\/#primaryimage\"},\"image\":{\"@id\":\"https:\\\/\\\/erhardt-stiefel.de\\\/index.php\\\/2021\\\/05\\\/02\\\/eine-geniale-predigt\\\/#primaryimage\"},\"thumbnailUrl\":\"https:\\\/\\\/erhardt-stiefel.de\\\/wp-content\\\/uploads\\\/2021\\\/05\\\/2021-05-02-1.jpg\",\"datePublished\":\"2021-05-02T11:11:27+00:00\",\"dateModified\":\"2022-10-21T13:58:35+00:00\",\"author\":{\"@id\":\"https:\\\/\\\/erhardt-stiefel.de\\\/#\\\/schema\\\/person\\\/623af879bb14c4ae6622ece81ec006ef\"},\"breadcrumb\":{\"@id\":\"https:\\\/\\\/erhardt-stiefel.de\\\/index.php\\\/2021\\\/05\\\/02\\\/eine-geniale-predigt\\\/#breadcrumb\"},\"inLanguage\":\"de\",\"potentialAction\":[{\"@type\":\"ReadAction\",\"target\":[\"https:\\\/\\\/erhardt-stiefel.de\\\/index.php\\\/2021\\\/05\\\/02\\\/eine-geniale-predigt\\\/\"]}]},{\"@type\":\"ImageObject\",\"inLanguage\":\"de\",\"@id\":\"https:\\\/\\\/erhardt-stiefel.de\\\/index.php\\\/2021\\\/05\\\/02\\\/eine-geniale-predigt\\\/#primaryimage\",\"url\":\"https:\\\/\\\/erhardt-stiefel.de\\\/wp-content\\\/uploads\\\/2021\\\/05\\\/2021-05-02-1.jpg\",\"contentUrl\":\"https:\\\/\\\/erhardt-stiefel.de\\\/wp-content\\\/uploads\\\/2021\\\/05\\\/2021-05-02-1.jpg\",\"width\":718,\"height\":709},{\"@type\":\"BreadcrumbList\",\"@id\":\"https:\\\/\\\/erhardt-stiefel.de\\\/index.php\\\/2021\\\/05\\\/02\\\/eine-geniale-predigt\\\/#breadcrumb\",\"itemListElement\":[{\"@type\":\"ListItem\",\"position\":1,\"name\":\"Home\",\"item\":\"https:\\\/\\\/erhardt-stiefel.de\\\/\"},{\"@type\":\"ListItem\",\"position\":2,\"name\":\"Eine geniale Predigt &#8230;\"}]},{\"@type\":\"WebSite\",\"@id\":\"https:\\\/\\\/erhardt-stiefel.de\\\/#website\",\"url\":\"https:\\\/\\\/erhardt-stiefel.de\\\/\",\"name\":\"Erhardt Stiefel&#039;s Fundgrube\",\"description\":\"Erfahrungen mit CMS, Genealogie, Gott und der Welt - die ich sehr gerne mit dir teilen w\u00fcrde\",\"potentialAction\":[{\"@type\":\"SearchAction\",\"target\":{\"@type\":\"EntryPoint\",\"urlTemplate\":\"https:\\\/\\\/erhardt-stiefel.de\\\/?s={search_term_string}\"},\"query-input\":{\"@type\":\"PropertyValueSpecification\",\"valueRequired\":true,\"valueName\":\"search_term_string\"}}],\"inLanguage\":\"de\"},{\"@type\":\"Person\",\"@id\":\"https:\\\/\\\/erhardt-stiefel.de\\\/#\\\/schema\\\/person\\\/623af879bb14c4ae6622ece81ec006ef\",\"name\":\"Erhardt\",\"image\":{\"@type\":\"ImageObject\",\"inLanguage\":\"de\",\"@id\":\"https:\\\/\\\/secure.gravatar.com\\\/avatar\\\/086c9cb068fa330c15ed0aabfea0b66ecfa387fd1d6eb1a1a3b0a963becd7f74?s=96&d=mm&r=g\",\"url\":\"https:\\\/\\\/secure.gravatar.com\\\/avatar\\\/086c9cb068fa330c15ed0aabfea0b66ecfa387fd1d6eb1a1a3b0a963becd7f74?s=96&d=mm&r=g\",\"contentUrl\":\"https:\\\/\\\/secure.gravatar.com\\\/avatar\\\/086c9cb068fa330c15ed0aabfea0b66ecfa387fd1d6eb1a1a3b0a963becd7f74?s=96&d=mm&r=g\",\"caption\":\"Erhardt\"},\"sameAs\":[\"https:\\\/\\\/erhardt-stiefel.de\",\"https:\\\/\\\/x.com\\\/erhardtstiefel77\"],\"url\":\"https:\\\/\\\/erhardt-stiefel.de\\\/index.php\\\/author\\\/erhardt_stiefel\\\/\"}]}<\/script>\n<!-- \/ Yoast SEO plugin. -->","yoast_head_json":{"title":"Eine geniale Predigt ... - Erhardt Stiefel&#039;s Fundgrube","robots":{"index":"index","follow":"follow","max-snippet":"max-snippet:-1","max-image-preview":"max-image-preview:large","max-video-preview":"max-video-preview:-1"},"canonical":"https:\/\/erhardt-stiefel.de\/index.php\/2021\/05\/02\/eine-geniale-predigt\/","og_locale":"de_DE","og_type":"article","og_title":"Eine geniale Predigt ... - Erhardt Stiefel&#039;s Fundgrube","og_description":"Die Predigt von Arno Backhaus hat mich schon im ERF Gottesdienst von 2019 so sehr angesprochen, dass ich ihr auch heute, bei der durch Corona bedingten Wiederholung, die 5 Sterne gab. Die Predigt beginnt in der 21. Minute und ist zweiteilig, aber auch die Liedbeitr\u00e4ge sind sehr h\u00f6renswert. Mitte der 80er Jahre gingen Arno Backhaus &hellip; \u201eEine geniale Predigt &#8230;\u201c weiterlesen","og_url":"https:\/\/erhardt-stiefel.de\/index.php\/2021\/05\/02\/eine-geniale-predigt\/","og_site_name":"Erhardt Stiefel&#039;s Fundgrube","article_published_time":"2021-05-02T11:11:27+00:00","article_modified_time":"2022-10-21T13:58:35+00:00","og_image":[{"url":"https:\/\/erhardt-stiefel.de\/wp-content\/uploads\/2021\/05\/2021-05-02-1.jpg","type":"","width":"","height":""}],"author":"Erhardt","twitter_card":"summary_large_image","twitter_creator":"@erhardtstiefel77","twitter_misc":{"Geschrieben von":"Erhardt","Gesch\u00e4tzte Lesezeit":"2\u00a0Minuten"},"schema":{"@context":"https:\/\/schema.org","@graph":[{"@type":"Article","@id":"https:\/\/erhardt-stiefel.de\/index.php\/2021\/05\/02\/eine-geniale-predigt\/#article","isPartOf":{"@id":"https:\/\/erhardt-stiefel.de\/index.php\/2021\/05\/02\/eine-geniale-predigt\/"},"author":{"name":"Erhardt","@id":"https:\/\/erhardt-stiefel.de\/#\/schema\/person\/623af879bb14c4ae6622ece81ec006ef"},"headline":"Eine geniale Predigt &#8230;","datePublished":"2021-05-02T11:11:27+00:00","dateModified":"2022-10-21T13:58:35+00:00","mainEntityOfPage":{"@id":"https:\/\/erhardt-stiefel.de\/index.php\/2021\/05\/02\/eine-geniale-predigt\/"},"wordCount":321,"commentCount":0,"image":{"@id":"https:\/\/erhardt-stiefel.de\/index.php\/2021\/05\/02\/eine-geniale-predigt\/#primaryimage"},"thumbnailUrl":"https:\/\/erhardt-stiefel.de\/wp-content\/uploads\/2021\/05\/2021-05-02-1.jpg","keywords":["Arno Backhaus","ERF Gottesdienst"],"articleSection":["ERF-Gottesdienst"],"inLanguage":"de","potentialAction":[{"@type":"CommentAction","name":"Comment","target":["https:\/\/erhardt-stiefel.de\/index.php\/2021\/05\/02\/eine-geniale-predigt\/#respond"]}]},{"@type":"WebPage","@id":"https:\/\/erhardt-stiefel.de\/index.php\/2021\/05\/02\/eine-geniale-predigt\/","url":"https:\/\/erhardt-stiefel.de\/index.php\/2021\/05\/02\/eine-geniale-predigt\/","name":"Eine geniale Predigt ... - Erhardt Stiefel&#039;s Fundgrube","isPartOf":{"@id":"https:\/\/erhardt-stiefel.de\/#website"},"primaryImageOfPage":{"@id":"https:\/\/erhardt-stiefel.de\/index.php\/2021\/05\/02\/eine-geniale-predigt\/#primaryimage"},"image":{"@id":"https:\/\/erhardt-stiefel.de\/index.php\/2021\/05\/02\/eine-geniale-predigt\/#primaryimage"},"thumbnailUrl":"https:\/\/erhardt-stiefel.de\/wp-content\/uploads\/2021\/05\/2021-05-02-1.jpg","datePublished":"2021-05-02T11:11:27+00:00","dateModified":"2022-10-21T13:58:35+00:00","author":{"@id":"https:\/\/erhardt-stiefel.de\/#\/schema\/person\/623af879bb14c4ae6622ece81ec006ef"},"breadcrumb":{"@id":"https:\/\/erhardt-stiefel.de\/index.php\/2021\/05\/02\/eine-geniale-predigt\/#breadcrumb"},"inLanguage":"de","potentialAction":[{"@type":"ReadAction","target":["https:\/\/erhardt-stiefel.de\/index.php\/2021\/05\/02\/eine-geniale-predigt\/"]}]},{"@type":"ImageObject","inLanguage":"de","@id":"https:\/\/erhardt-stiefel.de\/index.php\/2021\/05\/02\/eine-geniale-predigt\/#primaryimage","url":"https:\/\/erhardt-stiefel.de\/wp-content\/uploads\/2021\/05\/2021-05-02-1.jpg","contentUrl":"https:\/\/erhardt-stiefel.de\/wp-content\/uploads\/2021\/05\/2021-05-02-1.jpg","width":718,"height":709},{"@type":"BreadcrumbList","@id":"https:\/\/erhardt-stiefel.de\/index.php\/2021\/05\/02\/eine-geniale-predigt\/#breadcrumb","itemListElement":[{"@type":"ListItem","position":1,"name":"Home","item":"https:\/\/erhardt-stiefel.de\/"},{"@type":"ListItem","position":2,"name":"Eine geniale Predigt &#8230;"}]},{"@type":"WebSite","@id":"https:\/\/erhardt-stiefel.de\/#website","url":"https:\/\/erhardt-stiefel.de\/","name":"Erhardt Stiefel&#039;s Fundgrube","description":"Erfahrungen mit CMS, Genealogie, Gott und der Welt - die ich sehr gerne mit dir teilen w\u00fcrde","potentialAction":[{"@type":"SearchAction","target":{"@type":"EntryPoint","urlTemplate":"https:\/\/erhardt-stiefel.de\/?s={search_term_string}"},"query-input":{"@type":"PropertyValueSpecification","valueRequired":true,"valueName":"search_term_string"}}],"inLanguage":"de"},{"@type":"Person","@id":"https:\/\/erhardt-stiefel.de\/#\/schema\/person\/623af879bb14c4ae6622ece81ec006ef","name":"Erhardt","image":{"@type":"ImageObject","inLanguage":"de","@id":"https:\/\/secure.gravatar.com\/avatar\/086c9cb068fa330c15ed0aabfea0b66ecfa387fd1d6eb1a1a3b0a963becd7f74?s=96&d=mm&r=g","url":"https:\/\/secure.gravatar.com\/avatar\/086c9cb068fa330c15ed0aabfea0b66ecfa387fd1d6eb1a1a3b0a963becd7f74?s=96&d=mm&r=g","contentUrl":"https:\/\/secure.gravatar.com\/avatar\/086c9cb068fa330c15ed0aabfea0b66ecfa387fd1d6eb1a1a3b0a963becd7f74?s=96&d=mm&r=g","caption":"Erhardt"},"sameAs":["https:\/\/erhardt-stiefel.de","https:\/\/x.com\/erhardtstiefel77"],"url":"https:\/\/erhardt-stiefel.de\/index.php\/author\/erhardt_stiefel\/"}]}},"jetpack_publicize_connections":[],"jetpack_featured_media_url":"","jetpack_sharing_enabled":true,"jetpack_shortlink":"https:\/\/wp.me\/paRlFh-1eB","_links":{"self":[{"href":"https:\/\/erhardt-stiefel.de\/index.php\/wp-json\/wp\/v2\/posts\/4749","targetHints":{"allow":["GET"]}}],"collection":[{"href":"https:\/\/erhardt-stiefel.de\/index.php\/wp-json\/wp\/v2\/posts"}],"about":[{"href":"https:\/\/erhardt-stiefel.de\/index.php\/wp-json\/wp\/v2\/types\/post"}],"author":[{"embeddable":true,"href":"https:\/\/erhardt-stiefel.de\/index.php\/wp-json\/wp\/v2\/users\/1"}],"replies":[{"embeddable":true,"href":"https:\/\/erhardt-stiefel.de\/index.php\/wp-json\/wp\/v2\/comments?post=4749"}],"version-history":[{"count":6,"href":"https:\/\/erhardt-stiefel.de\/index.php\/wp-json\/wp\/v2\/posts\/4749\/revisions"}],"predecessor-version":[{"id":6976,"href":"https:\/\/erhardt-stiefel.de\/index.php\/wp-json\/wp\/v2\/posts\/4749\/revisions\/6976"}],"wp:attachment":[{"href":"https:\/\/erhardt-stiefel.de\/index.php\/wp-json\/wp\/v2\/media?parent=4749"}],"wp:term":[{"taxonomy":"category","embeddable":true,"href":"https:\/\/erhardt-stiefel.de\/index.php\/wp-json\/wp\/v2\/categories?post=4749"},{"taxonomy":"post_tag","embeddable":true,"href":"https:\/\/erhardt-stiefel.de\/index.php\/wp-json\/wp\/v2\/tags?post=4749"}],"curies":[{"name":"wp","href":"https:\/\/api.w.org\/{rel}","templated":true}]}}