{"id":8353,"date":"2023-11-02T09:47:29","date_gmt":"2023-11-02T08:47:29","guid":{"rendered":"https:\/\/erhardt-stiefel.de\/?p=8353"},"modified":"2023-11-02T09:47:29","modified_gmt":"2023-11-02T08:47:29","slug":"der-mensch-im-mittelpunkt","status":"publish","type":"post","link":"https:\/\/erhardt-stiefel.de\/index.php\/2023\/11\/02\/der-mensch-im-mittelpunkt\/","title":{"rendered":"Der Mensch im Mittelpunkt"},"content":{"rendered":"<p><img loading=\"lazy\" decoding=\"async\" class=\"aligncenter size-full wp-image-5630\" src=\"https:\/\/erhardt-stiefel.de\/wp-content\/uploads\/2021\/11\/01.jpg\" alt=\"\" width=\"800\" height=\"887\" srcset=\"https:\/\/erhardt-stiefel.de\/wp-content\/uploads\/2021\/11\/01.jpg 800w, https:\/\/erhardt-stiefel.de\/wp-content\/uploads\/2021\/11\/01-271x300.jpg 271w, https:\/\/erhardt-stiefel.de\/wp-content\/uploads\/2021\/11\/01-768x852.jpg 768w\" sizes=\"auto, (max-width: 767px) 89vw, (max-width: 1000px) 54vw, (max-width: 1071px) 543px, 580px\" \/><\/p>\n<p><strong>Denn in ihm hat er uns erw\u00e4hlt, ehe der Welt Grund gelegt war, dass wir sollten heilig und untadelig sein vor ihm. <span style=\"color: #0000ff;\"><a style=\"color: #0000ff;\" href=\"https:\/\/www.bibleserver.com\/LUT\/Epheser1%2C4\" target=\"_blank\" rel=\"noopener noreferrer nofollow\">Epheser 1, 4<\/a><\/span><\/strong><\/p>\n<p>Heute Morgen las ich diesen Text, &#8211; nicht zum ersten Mal, aber noch nie so wie jetzt. Ich schloss die Augen und lie\u00df alle Worte langsam an mir vor\u00fcbergehen.<\/p>\n<p>Was war der Grund, dass Gott Himmel und Erde schuf? Was hat ihn bewegt, zu sagen: Es werde Licht? &#8211; Es war der Mensch. Sein Geist sollte staunen und sich an den unermesslichen Weiten des Universums erfreuen. So f\u00fcllte er es mit Myriaden von Sternen und Planeten. Sein Herz sollte sich freuen und so vertraute er ihm die Erde und alle Kreaturen an. Er sollte sich nicht einsam f\u00fchlen und so stellte er ihm eine Eva an die Seite. Sein Verlangen nach Lebensf\u00fclle sollte gestillt werden und so stellte er ihm den Baum des Lebens mitten in den Garten.<\/p>\n<p>Dieser Mensch sollte sein wie sein Sch\u00f6pfer &#8211; heilig, unstr\u00e4flich und mit Machtf\u00fclle ausgestattet. Er sollte sein Gegen\u00fcber sein, &#8211; sein Sohn und seine Tochter. Mit ihnen wollte er seine Liebe teilen, denn lieben kann man nicht allein. Ihm gab er sch\u00f6pferische F\u00e4higkeiten. Sie sollten ihm ebenb\u00fcrtig sein.<\/p>\n<p>Ich werde an <a href=\"https:\/\/www.bibleserver.com\/LUT\/Psalm8%2C4-7\" target=\"_blank\" rel=\"noopener noreferrer nofollow\"><span style=\"color: #0000ff;\">Psalm 8, 4-7<\/span><\/a> erinnert, wo es hei\u00dft: <em>Wenn ich sehe die Himmel, deiner H\u00e4nde Werk, den Mond und die Sterne, die du bereitet hast: Was ist der Mensch, dass du seiner gedenkst, und des Menschen Kind, dass du dich seiner annimmst? Du hast ihn wenig niedriger gemacht als Gott, mit Ehre und Herrlichkeit hast du ihn gekr\u00f6nt. Du hast ihn zum Herrn gemacht \u00fcber deiner H\u00e4nde Werk, alles hast du unter seine F\u00fc\u00dfe getan. <\/em><span style=\"color: #0000ff;\"><a style=\"color: #0000ff;\" href=\"https:\/\/www.bibleserver.com\/LUT\/Psalm8%2C4-7\" target=\"_blank\" rel=\"noopener noreferrer nofollow\">Ps. 8, 4-7<\/a><\/span>.<\/p>\n<p>Sind wir uns eigentlich unserer Berufung bewusst? Du und ich sind der Mittelpunkt aller g\u00f6ttlichen Interessen. Wir sind das Beste und Wertvollste, das Gott hat, wertvoller als alle Engel. Wir sind seine Ansprechpartner und wenn Gott etwas sagen will, dann m\u00f6chte er seine Gedanken mit uns teilen, &#8211; und das hat er auch getan. Er lie\u00df alle seine Gedanken und Pl\u00e4ne aufschreiben und \u00fcbergab sie uns als sein Wort. Er gestattet uns den Zugang zu seinem Thron und wir k\u00f6nnen mit ihm reden und, wenn wir das Verlangen danach haben, k\u00f6nnen wir unser Herz vor ihm aussch\u00fctten.<\/p>\n<p>Die Gestirne ziehen ihre Bahn und wir stehen mitten drin, damit wir verstehen k\u00f6nnen, dass Gott auch mit uns einen Plan verfolgt. Alle Menschen kommen von ihm und alle enden vor seinem Thron. K\u00f6nnen wir uns vorstellen, welche Gedanken die haben werden, die das zeitlebens nicht wahrhaben wollten? Sie werden einmal sagen: \u201eIch dachte, ich sterbe und das Leben ist zu Ende und nun steht mein ganzes Leben vor mir, von der Geburt an bis zum letzten Tag. Was habe ich daraus gemacht, mit welchen Inhalten habe ich es gef\u00fcllt?\u201c K\u00f6nnen wir uns vorstellen, dass an jenem Tage niemand mehr eine Frage stellen wird?<\/p>\n<p>Gott wird sagen: \u201eIch habe dein Leben vor Grundlegung der Welt geplant mit der Absicht, dass du dir deiner Berufung bewusst wirst. Ich gab dir ein Gewissen, das nach Moral fragt und alles B\u00f6se verabscheut. Ich gab dir einen Geist, damit du Fragen stellst und nach Antworten suchst. Ich gab dir ein Herz, das sich nach Liebe sehnt, nach Frieden und Gerechtigkeit und einer lebendigen Hoffnung. Wie bist du damit umgegangen?\u201c<\/p>\n","protected":false},"excerpt":{"rendered":"<p>Denn in ihm hat er uns erw\u00e4hlt, ehe der Welt Grund gelegt war, dass wir sollten heilig und untadelig sein vor ihm. Epheser 1, 4 Heute Morgen las ich diesen Text, &#8211; nicht zum ersten Mal, aber noch nie so wie jetzt. Ich schloss die Augen und lie\u00df alle Worte langsam an mir vor\u00fcbergehen. Was &hellip; <\/p>\n<p class=\"link-more\"><a href=\"https:\/\/erhardt-stiefel.de\/index.php\/2023\/11\/02\/der-mensch-im-mittelpunkt\/\" class=\"more-link\"><span class=\"screen-reader-text\">\u201eDer Mensch im Mittelpunkt\u201c<\/span> weiterlesen<\/a><\/p>\n","protected":false},"author":1,"featured_media":0,"comment_status":"open","ping_status":"closed","sticky":false,"template":"","format":"standard","meta":{"_exactmetrics_skip_tracking":false,"_exactmetrics_sitenote_active":false,"_exactmetrics_sitenote_note":"","_exactmetrics_sitenote_category":0,"ngg_post_thumbnail":0,"jetpack_post_was_ever_published":false,"_jetpack_newsletter_access":"","_jetpack_dont_email_post_to_subs":false,"_jetpack_newsletter_tier_id":0,"_jetpack_memberships_contains_paywalled_content":false,"_jetpack_memberships_contains_paid_content":false,"footnotes":"","jetpack_publicize_message":"","jetpack_publicize_feature_enabled":true,"jetpack_social_post_already_shared":true,"jetpack_social_options":{"image_generator_settings":{"template":"highway","default_image_id":0,"font":"","enabled":false},"version":2}},"categories":[319,311],"tags":[348,317,328,335],"class_list":["post-8353","post","type-post","status-publish","format-standard","hentry","category-adlerbotschaft","category-predigten","tag-348","tag-adler","tag-epheser","tag-november"],"yoast_head":"<!-- This site is optimized with the Yoast SEO plugin v27.5 - https:\/\/yoast.com\/product\/yoast-seo-wordpress\/ -->\n<title>Der Mensch im Mittelpunkt - Erhardt Stiefel&#039;s Fundgrube<\/title>\n<meta name=\"robots\" content=\"index, follow, max-snippet:-1, max-image-preview:large, max-video-preview:-1\" \/>\n<link rel=\"canonical\" href=\"https:\/\/erhardt-stiefel.de\/index.php\/2023\/11\/02\/der-mensch-im-mittelpunkt\/\" \/>\n<meta property=\"og:locale\" content=\"de_DE\" \/>\n<meta property=\"og:type\" content=\"article\" \/>\n<meta property=\"og:title\" content=\"Der Mensch im Mittelpunkt - Erhardt Stiefel&#039;s Fundgrube\" \/>\n<meta property=\"og:description\" content=\"Denn in ihm hat er uns erw\u00e4hlt, ehe der Welt Grund gelegt war, dass wir sollten heilig und untadelig sein vor ihm. Epheser 1, 4 Heute Morgen las ich diesen Text, &#8211; nicht zum ersten Mal, aber noch nie so wie jetzt. Ich schloss die Augen und lie\u00df alle Worte langsam an mir vor\u00fcbergehen. Was &hellip; \u201eDer Mensch im Mittelpunkt\u201c weiterlesen\" \/>\n<meta property=\"og:url\" content=\"https:\/\/erhardt-stiefel.de\/index.php\/2023\/11\/02\/der-mensch-im-mittelpunkt\/\" \/>\n<meta property=\"og:site_name\" content=\"Erhardt Stiefel&#039;s Fundgrube\" \/>\n<meta property=\"article:published_time\" content=\"2023-11-02T08:47:29+00:00\" \/>\n<meta property=\"og:image\" content=\"https:\/\/erhardt-stiefel.de\/wp-content\/uploads\/2021\/11\/01.jpg\" \/>\n<meta name=\"author\" content=\"Erhardt\" \/>\n<meta name=\"twitter:card\" content=\"summary_large_image\" \/>\n<meta name=\"twitter:creator\" content=\"@erhardtstiefel77\" \/>\n<meta name=\"twitter:label1\" content=\"Geschrieben von\" \/>\n\t<meta name=\"twitter:data1\" content=\"Erhardt\" \/>\n\t<meta name=\"twitter:label2\" content=\"Gesch\u00e4tzte Lesezeit\" \/>\n\t<meta name=\"twitter:data2\" content=\"4\u00a0Minuten\" \/>\n<script type=\"application\/ld+json\" class=\"yoast-schema-graph\">{\"@context\":\"https:\\\/\\\/schema.org\",\"@graph\":[{\"@type\":\"Article\",\"@id\":\"https:\\\/\\\/erhardt-stiefel.de\\\/index.php\\\/2023\\\/11\\\/02\\\/der-mensch-im-mittelpunkt\\\/#article\",\"isPartOf\":{\"@id\":\"https:\\\/\\\/erhardt-stiefel.de\\\/index.php\\\/2023\\\/11\\\/02\\\/der-mensch-im-mittelpunkt\\\/\"},\"author\":{\"name\":\"Erhardt\",\"@id\":\"https:\\\/\\\/erhardt-stiefel.de\\\/#\\\/schema\\\/person\\\/623af879bb14c4ae6622ece81ec006ef\"},\"headline\":\"Der Mensch im Mittelpunkt\",\"datePublished\":\"2023-11-02T08:47:29+00:00\",\"mainEntityOfPage\":{\"@id\":\"https:\\\/\\\/erhardt-stiefel.de\\\/index.php\\\/2023\\\/11\\\/02\\\/der-mensch-im-mittelpunkt\\\/\"},\"wordCount\":581,\"commentCount\":0,\"image\":{\"@id\":\"https:\\\/\\\/erhardt-stiefel.de\\\/index.php\\\/2023\\\/11\\\/02\\\/der-mensch-im-mittelpunkt\\\/#primaryimage\"},\"thumbnailUrl\":\"https:\\\/\\\/erhardt-stiefel.de\\\/wp-content\\\/uploads\\\/2021\\\/11\\\/01.jpg\",\"keywords\":[\"***\",\"Adler\",\"Epheser\",\"November\"],\"articleSection\":[\"Adlerbotschaft\",\"Predigten\"],\"inLanguage\":\"de\",\"potentialAction\":[{\"@type\":\"CommentAction\",\"name\":\"Comment\",\"target\":[\"https:\\\/\\\/erhardt-stiefel.de\\\/index.php\\\/2023\\\/11\\\/02\\\/der-mensch-im-mittelpunkt\\\/#respond\"]}]},{\"@type\":\"WebPage\",\"@id\":\"https:\\\/\\\/erhardt-stiefel.de\\\/index.php\\\/2023\\\/11\\\/02\\\/der-mensch-im-mittelpunkt\\\/\",\"url\":\"https:\\\/\\\/erhardt-stiefel.de\\\/index.php\\\/2023\\\/11\\\/02\\\/der-mensch-im-mittelpunkt\\\/\",\"name\":\"Der Mensch im Mittelpunkt - Erhardt Stiefel&#039;s Fundgrube\",\"isPartOf\":{\"@id\":\"https:\\\/\\\/erhardt-stiefel.de\\\/#website\"},\"primaryImageOfPage\":{\"@id\":\"https:\\\/\\\/erhardt-stiefel.de\\\/index.php\\\/2023\\\/11\\\/02\\\/der-mensch-im-mittelpunkt\\\/#primaryimage\"},\"image\":{\"@id\":\"https:\\\/\\\/erhardt-stiefel.de\\\/index.php\\\/2023\\\/11\\\/02\\\/der-mensch-im-mittelpunkt\\\/#primaryimage\"},\"thumbnailUrl\":\"https:\\\/\\\/erhardt-stiefel.de\\\/wp-content\\\/uploads\\\/2021\\\/11\\\/01.jpg\",\"datePublished\":\"2023-11-02T08:47:29+00:00\",\"author\":{\"@id\":\"https:\\\/\\\/erhardt-stiefel.de\\\/#\\\/schema\\\/person\\\/623af879bb14c4ae6622ece81ec006ef\"},\"breadcrumb\":{\"@id\":\"https:\\\/\\\/erhardt-stiefel.de\\\/index.php\\\/2023\\\/11\\\/02\\\/der-mensch-im-mittelpunkt\\\/#breadcrumb\"},\"inLanguage\":\"de\",\"potentialAction\":[{\"@type\":\"ReadAction\",\"target\":[\"https:\\\/\\\/erhardt-stiefel.de\\\/index.php\\\/2023\\\/11\\\/02\\\/der-mensch-im-mittelpunkt\\\/\"]}]},{\"@type\":\"ImageObject\",\"inLanguage\":\"de\",\"@id\":\"https:\\\/\\\/erhardt-stiefel.de\\\/index.php\\\/2023\\\/11\\\/02\\\/der-mensch-im-mittelpunkt\\\/#primaryimage\",\"url\":\"https:\\\/\\\/erhardt-stiefel.de\\\/wp-content\\\/uploads\\\/2021\\\/11\\\/01.jpg\",\"contentUrl\":\"https:\\\/\\\/erhardt-stiefel.de\\\/wp-content\\\/uploads\\\/2021\\\/11\\\/01.jpg\",\"width\":800,\"height\":887},{\"@type\":\"BreadcrumbList\",\"@id\":\"https:\\\/\\\/erhardt-stiefel.de\\\/index.php\\\/2023\\\/11\\\/02\\\/der-mensch-im-mittelpunkt\\\/#breadcrumb\",\"itemListElement\":[{\"@type\":\"ListItem\",\"position\":1,\"name\":\"Home\",\"item\":\"https:\\\/\\\/erhardt-stiefel.de\\\/\"},{\"@type\":\"ListItem\",\"position\":2,\"name\":\"Der Mensch im Mittelpunkt\"}]},{\"@type\":\"WebSite\",\"@id\":\"https:\\\/\\\/erhardt-stiefel.de\\\/#website\",\"url\":\"https:\\\/\\\/erhardt-stiefel.de\\\/\",\"name\":\"Erhardt Stiefel&#039;s Fundgrube\",\"description\":\"Erfahrungen mit CMS, Genealogie, Gott und der Welt - die ich sehr gerne mit dir teilen w\u00fcrde\",\"potentialAction\":[{\"@type\":\"SearchAction\",\"target\":{\"@type\":\"EntryPoint\",\"urlTemplate\":\"https:\\\/\\\/erhardt-stiefel.de\\\/?s={search_term_string}\"},\"query-input\":{\"@type\":\"PropertyValueSpecification\",\"valueRequired\":true,\"valueName\":\"search_term_string\"}}],\"inLanguage\":\"de\"},{\"@type\":\"Person\",\"@id\":\"https:\\\/\\\/erhardt-stiefel.de\\\/#\\\/schema\\\/person\\\/623af879bb14c4ae6622ece81ec006ef\",\"name\":\"Erhardt\",\"image\":{\"@type\":\"ImageObject\",\"inLanguage\":\"de\",\"@id\":\"https:\\\/\\\/secure.gravatar.com\\\/avatar\\\/086c9cb068fa330c15ed0aabfea0b66ecfa387fd1d6eb1a1a3b0a963becd7f74?s=96&d=mm&r=g\",\"url\":\"https:\\\/\\\/secure.gravatar.com\\\/avatar\\\/086c9cb068fa330c15ed0aabfea0b66ecfa387fd1d6eb1a1a3b0a963becd7f74?s=96&d=mm&r=g\",\"contentUrl\":\"https:\\\/\\\/secure.gravatar.com\\\/avatar\\\/086c9cb068fa330c15ed0aabfea0b66ecfa387fd1d6eb1a1a3b0a963becd7f74?s=96&d=mm&r=g\",\"caption\":\"Erhardt\"},\"sameAs\":[\"https:\\\/\\\/erhardt-stiefel.de\",\"https:\\\/\\\/x.com\\\/erhardtstiefel77\"],\"url\":\"https:\\\/\\\/erhardt-stiefel.de\\\/index.php\\\/author\\\/erhardt_stiefel\\\/\"}]}<\/script>\n<!-- \/ Yoast SEO plugin. -->","yoast_head_json":{"title":"Der Mensch im Mittelpunkt - Erhardt Stiefel&#039;s Fundgrube","robots":{"index":"index","follow":"follow","max-snippet":"max-snippet:-1","max-image-preview":"max-image-preview:large","max-video-preview":"max-video-preview:-1"},"canonical":"https:\/\/erhardt-stiefel.de\/index.php\/2023\/11\/02\/der-mensch-im-mittelpunkt\/","og_locale":"de_DE","og_type":"article","og_title":"Der Mensch im Mittelpunkt - Erhardt Stiefel&#039;s Fundgrube","og_description":"Denn in ihm hat er uns erw\u00e4hlt, ehe der Welt Grund gelegt war, dass wir sollten heilig und untadelig sein vor ihm. Epheser 1, 4 Heute Morgen las ich diesen Text, &#8211; nicht zum ersten Mal, aber noch nie so wie jetzt. Ich schloss die Augen und lie\u00df alle Worte langsam an mir vor\u00fcbergehen. Was &hellip; \u201eDer Mensch im Mittelpunkt\u201c weiterlesen","og_url":"https:\/\/erhardt-stiefel.de\/index.php\/2023\/11\/02\/der-mensch-im-mittelpunkt\/","og_site_name":"Erhardt Stiefel&#039;s Fundgrube","article_published_time":"2023-11-02T08:47:29+00:00","og_image":[{"url":"https:\/\/erhardt-stiefel.de\/wp-content\/uploads\/2021\/11\/01.jpg","type":"","width":"","height":""}],"author":"Erhardt","twitter_card":"summary_large_image","twitter_creator":"@erhardtstiefel77","twitter_misc":{"Geschrieben von":"Erhardt","Gesch\u00e4tzte Lesezeit":"4\u00a0Minuten"},"schema":{"@context":"https:\/\/schema.org","@graph":[{"@type":"Article","@id":"https:\/\/erhardt-stiefel.de\/index.php\/2023\/11\/02\/der-mensch-im-mittelpunkt\/#article","isPartOf":{"@id":"https:\/\/erhardt-stiefel.de\/index.php\/2023\/11\/02\/der-mensch-im-mittelpunkt\/"},"author":{"name":"Erhardt","@id":"https:\/\/erhardt-stiefel.de\/#\/schema\/person\/623af879bb14c4ae6622ece81ec006ef"},"headline":"Der Mensch im Mittelpunkt","datePublished":"2023-11-02T08:47:29+00:00","mainEntityOfPage":{"@id":"https:\/\/erhardt-stiefel.de\/index.php\/2023\/11\/02\/der-mensch-im-mittelpunkt\/"},"wordCount":581,"commentCount":0,"image":{"@id":"https:\/\/erhardt-stiefel.de\/index.php\/2023\/11\/02\/der-mensch-im-mittelpunkt\/#primaryimage"},"thumbnailUrl":"https:\/\/erhardt-stiefel.de\/wp-content\/uploads\/2021\/11\/01.jpg","keywords":["***","Adler","Epheser","November"],"articleSection":["Adlerbotschaft","Predigten"],"inLanguage":"de","potentialAction":[{"@type":"CommentAction","name":"Comment","target":["https:\/\/erhardt-stiefel.de\/index.php\/2023\/11\/02\/der-mensch-im-mittelpunkt\/#respond"]}]},{"@type":"WebPage","@id":"https:\/\/erhardt-stiefel.de\/index.php\/2023\/11\/02\/der-mensch-im-mittelpunkt\/","url":"https:\/\/erhardt-stiefel.de\/index.php\/2023\/11\/02\/der-mensch-im-mittelpunkt\/","name":"Der Mensch im Mittelpunkt - Erhardt Stiefel&#039;s Fundgrube","isPartOf":{"@id":"https:\/\/erhardt-stiefel.de\/#website"},"primaryImageOfPage":{"@id":"https:\/\/erhardt-stiefel.de\/index.php\/2023\/11\/02\/der-mensch-im-mittelpunkt\/#primaryimage"},"image":{"@id":"https:\/\/erhardt-stiefel.de\/index.php\/2023\/11\/02\/der-mensch-im-mittelpunkt\/#primaryimage"},"thumbnailUrl":"https:\/\/erhardt-stiefel.de\/wp-content\/uploads\/2021\/11\/01.jpg","datePublished":"2023-11-02T08:47:29+00:00","author":{"@id":"https:\/\/erhardt-stiefel.de\/#\/schema\/person\/623af879bb14c4ae6622ece81ec006ef"},"breadcrumb":{"@id":"https:\/\/erhardt-stiefel.de\/index.php\/2023\/11\/02\/der-mensch-im-mittelpunkt\/#breadcrumb"},"inLanguage":"de","potentialAction":[{"@type":"ReadAction","target":["https:\/\/erhardt-stiefel.de\/index.php\/2023\/11\/02\/der-mensch-im-mittelpunkt\/"]}]},{"@type":"ImageObject","inLanguage":"de","@id":"https:\/\/erhardt-stiefel.de\/index.php\/2023\/11\/02\/der-mensch-im-mittelpunkt\/#primaryimage","url":"https:\/\/erhardt-stiefel.de\/wp-content\/uploads\/2021\/11\/01.jpg","contentUrl":"https:\/\/erhardt-stiefel.de\/wp-content\/uploads\/2021\/11\/01.jpg","width":800,"height":887},{"@type":"BreadcrumbList","@id":"https:\/\/erhardt-stiefel.de\/index.php\/2023\/11\/02\/der-mensch-im-mittelpunkt\/#breadcrumb","itemListElement":[{"@type":"ListItem","position":1,"name":"Home","item":"https:\/\/erhardt-stiefel.de\/"},{"@type":"ListItem","position":2,"name":"Der Mensch im Mittelpunkt"}]},{"@type":"WebSite","@id":"https:\/\/erhardt-stiefel.de\/#website","url":"https:\/\/erhardt-stiefel.de\/","name":"Erhardt Stiefel&#039;s Fundgrube","description":"Erfahrungen mit CMS, Genealogie, Gott und der Welt - die ich sehr gerne mit dir teilen w\u00fcrde","potentialAction":[{"@type":"SearchAction","target":{"@type":"EntryPoint","urlTemplate":"https:\/\/erhardt-stiefel.de\/?s={search_term_string}"},"query-input":{"@type":"PropertyValueSpecification","valueRequired":true,"valueName":"search_term_string"}}],"inLanguage":"de"},{"@type":"Person","@id":"https:\/\/erhardt-stiefel.de\/#\/schema\/person\/623af879bb14c4ae6622ece81ec006ef","name":"Erhardt","image":{"@type":"ImageObject","inLanguage":"de","@id":"https:\/\/secure.gravatar.com\/avatar\/086c9cb068fa330c15ed0aabfea0b66ecfa387fd1d6eb1a1a3b0a963becd7f74?s=96&d=mm&r=g","url":"https:\/\/secure.gravatar.com\/avatar\/086c9cb068fa330c15ed0aabfea0b66ecfa387fd1d6eb1a1a3b0a963becd7f74?s=96&d=mm&r=g","contentUrl":"https:\/\/secure.gravatar.com\/avatar\/086c9cb068fa330c15ed0aabfea0b66ecfa387fd1d6eb1a1a3b0a963becd7f74?s=96&d=mm&r=g","caption":"Erhardt"},"sameAs":["https:\/\/erhardt-stiefel.de","https:\/\/x.com\/erhardtstiefel77"],"url":"https:\/\/erhardt-stiefel.de\/index.php\/author\/erhardt_stiefel\/"}]}},"jetpack_publicize_connections":[],"jetpack_featured_media_url":"","jetpack_sharing_enabled":true,"jetpack_shortlink":"https:\/\/wp.me\/paRlFh-2aJ","_links":{"self":[{"href":"https:\/\/erhardt-stiefel.de\/index.php\/wp-json\/wp\/v2\/posts\/8353","targetHints":{"allow":["GET"]}}],"collection":[{"href":"https:\/\/erhardt-stiefel.de\/index.php\/wp-json\/wp\/v2\/posts"}],"about":[{"href":"https:\/\/erhardt-stiefel.de\/index.php\/wp-json\/wp\/v2\/types\/post"}],"author":[{"embeddable":true,"href":"https:\/\/erhardt-stiefel.de\/index.php\/wp-json\/wp\/v2\/users\/1"}],"replies":[{"embeddable":true,"href":"https:\/\/erhardt-stiefel.de\/index.php\/wp-json\/wp\/v2\/comments?post=8353"}],"version-history":[{"count":1,"href":"https:\/\/erhardt-stiefel.de\/index.php\/wp-json\/wp\/v2\/posts\/8353\/revisions"}],"predecessor-version":[{"id":8354,"href":"https:\/\/erhardt-stiefel.de\/index.php\/wp-json\/wp\/v2\/posts\/8353\/revisions\/8354"}],"wp:attachment":[{"href":"https:\/\/erhardt-stiefel.de\/index.php\/wp-json\/wp\/v2\/media?parent=8353"}],"wp:term":[{"taxonomy":"category","embeddable":true,"href":"https:\/\/erhardt-stiefel.de\/index.php\/wp-json\/wp\/v2\/categories?post=8353"},{"taxonomy":"post_tag","embeddable":true,"href":"https:\/\/erhardt-stiefel.de\/index.php\/wp-json\/wp\/v2\/tags?post=8353"}],"curies":[{"name":"wp","href":"https:\/\/api.w.org\/{rel}","templated":true}]}}