{"id":9362,"date":"2024-08-31T13:32:05","date_gmt":"2024-08-31T11:32:05","guid":{"rendered":"https:\/\/erhardt-stiefel.de\/?p=9362"},"modified":"2024-08-31T13:32:05","modified_gmt":"2024-08-31T11:32:05","slug":"portraet-oder-karikatur-2","status":"publish","type":"post","link":"https:\/\/erhardt-stiefel.de\/index.php\/2024\/08\/31\/portraet-oder-karikatur-2\/","title":{"rendered":"Portr\u00e4t oder Karikatur"},"content":{"rendered":"<p><img loading=\"lazy\" decoding=\"async\" class=\"aligncenter size-full wp-image-5340\" src=\"https:\/\/erhardt-stiefel.de\/wp-content\/uploads\/2021\/08\/31.jpg\" alt=\"\" width=\"792\" height=\"887\" srcset=\"https:\/\/erhardt-stiefel.de\/wp-content\/uploads\/2021\/08\/31.jpg 792w, https:\/\/erhardt-stiefel.de\/wp-content\/uploads\/2021\/08\/31-268x300.jpg 268w, https:\/\/erhardt-stiefel.de\/wp-content\/uploads\/2021\/08\/31-768x860.jpg 768w\" sizes=\"auto, (max-width: 767px) 89vw, (max-width: 1000px) 54vw, (max-width: 1071px) 543px, 580px\" \/><\/p>\n<p><strong>O ihr unverst\u00e4ndigen Galater! Wer hat euch bezaubert, denen doch Jesus Christus vor die Augen gemalt war als der Gekreuzigte. <a href=\"https:\/\/www.bibleserver.com\/LUT\/Galater3%2C1\" target=\"_blank\" rel=\"noopener noreferrer nofollow\"><span style=\"color: #0000ff;\">Galater 3, 1<\/span><\/a><\/strong><\/p>\n<p>Eine englische \u00dcbersetzung benutzt f\u00fcr \u201emalen\u201c das Wort \u201eportr\u00e4tieren\u201c. Paulus hatte den Galatern ein Portr\u00e4t von Christus gemalt, das dem Original zum Anfassen \u00e4hnlich war.<\/p>\n<p>Der Begriff Portr\u00e4t f\u00fchrt uns in das Atelier eines K\u00fcnstlers, der K\u00f6nige und Herrscher lebensecht darstellt. \u00c4gyptische Herrscher lie\u00dfen sich portr\u00e4tieren und an den W\u00e4nden ihrer Grabkammern verewigen. Bei uns h\u00e4ngen in Schl\u00f6ssern und Galerien Portr\u00e4ts von Herrschern und K\u00f6nigen, als Erinnerung an ihre Macht und Bedeutsamkeit. Eines der ber\u00fchmtesten Portr\u00e4ts, angeblich von Rembrandt gemalt, kann in der Gem\u00e4ldegalerie in Berlin bewundert werden. Es ist \u201eDer Mann mit dem Goldhelm\u201c. Es wurde 1887 aus Schweizer Privatbesitz f\u00fcr 20.000 Goldmark erworben.<\/p>\n<p>Die K\u00fcnstler der damaligen Zeit stellten ihre Farben oft selbst her. Das Purpurrot wurde aus der Purpurschnecke gewonnen, wobei aus 8000 Schnecken ein Gramm Farbe gewonnen wurde. Aus dem Halbedelstein Lapislazuli gewann man das Blau f\u00fcr den Himmel ihrer Bilder oder die Gew\u00e4nder von Herrschern.<!--more--><\/p>\n<p>Paulus war kein J\u00fcnger Jesu. Es gab sogar eine Zeit, in der er die Christen verfolgte. Aber Gott hatte sich ihm offenbart und seit dieser Zeit begann er, mit den sch\u00f6nsten Farben der Hoffnung ein herrliches Portr\u00e4t von seinem Erl\u00f6ser zu malen, wenn er sagte: <em>Er ist das Ebenbild des unsichtbaren Gottes, der Erstgeborene vor aller Sch\u00f6pfung. Denn in ihm ist alles geschaffen, was im Himmel und auf Erden ist, das Sichtbare und das Unsichtbare, es seien Throne oder Herrschaften oder M\u00e4chte oder Gewalten; es ist alles durch ihn und zu ihm geschaffen. Und er ist vor allem, und es besteht alles in ihm. Und er ist das Haupt des Leibes, n\u00e4mlich der Gemeinde. Er ist der Anfang, der Erstgeborene von den Toten, damit er in allem der Erste sei. Denn es hat Gott wohlgefallen, dass in ihm alle F\u00fclle wohnen sollte und er durch ihn alles mit sich vers\u00f6hnte, es sei auf Erden oder im Himmel, indem er Frieden machte durch sein Blut am Kreuz<\/em>. <a href=\"https:\/\/www.bibleserver.com\/LUT\/Kolosser1%2C15-20\" target=\"_blank\" rel=\"noopener noreferrer nofollow\"><span style=\"color: #0000ff;\">Kolosser 1, 15-20<\/span><\/a>.<\/p>\n<p>Ein solches Portr\u00e4t zeigte Wirkung. Seinen H\u00f6rern drangen solche Worte tief ins Herz und wirkten Glauben. So zog er von Stadt zu Stadt und der Heilige Geist ver\u00e4nderte Menschen. Gemeinden entstanden.<\/p>\n<p>Der Teufel l\u00e4sst nichts unversucht, Christus aus unseren Gottesdiensten zu verdr\u00e4ngen, oder seine Herrlichkeit als Karikatur zu verzerren. Bei den Galatern war ihm das gelungen. Sie hatten religi\u00f6se Br\u00e4uche und Sitten aus dem Judentum \u00fcbernommen und hofften, Gott damit besser dienen zu k\u00f6nnen. Paulus erkannte, was daraus entstehen w\u00fcrde und schrieb: <em>Wenn ihr das tut, habt ihr Christus verloren. Ihr seid aus der Gnade gefallen und euer Glaube war vergeblich. <\/em><a href=\"https:\/\/www.bibleserver.com\/LUT\/Galater5%2C4-5\" target=\"_blank\" rel=\"noopener noreferrer nofollow\"><span style=\"color: #0000ff;\">Gal. 5, 4-5<\/span><\/a>. Kirchen und Gemeinden, in denen den H\u00f6rern Christus mit den sch\u00f6nsten Farben der Hoffung vor Augen gemalt wird, sind attraktiv. Glaube wird geboren und der Wunsch entsteht, ihn ber\u00fchren zu d\u00fcrfen, weil eine Kraft von ihm ausgeht. Wie ist es bei dir?<\/p>\n","protected":false},"excerpt":{"rendered":"<p>O ihr unverst\u00e4ndigen Galater! Wer hat euch bezaubert, denen doch Jesus Christus vor die Augen gemalt war als der Gekreuzigte. Galater 3, 1 Eine englische \u00dcbersetzung benutzt f\u00fcr \u201emalen\u201c das Wort \u201eportr\u00e4tieren\u201c. Paulus hatte den Galatern ein Portr\u00e4t von Christus gemalt, das dem Original zum Anfassen \u00e4hnlich war. Der Begriff Portr\u00e4t f\u00fchrt uns in das &hellip; <\/p>\n<p class=\"link-more\"><a href=\"https:\/\/erhardt-stiefel.de\/index.php\/2024\/08\/31\/portraet-oder-karikatur-2\/\" class=\"more-link\"><span class=\"screen-reader-text\">\u201ePortr\u00e4t oder Karikatur\u201c<\/span> weiterlesen<\/a><\/p>\n","protected":false},"author":1,"featured_media":0,"comment_status":"open","ping_status":"closed","sticky":false,"template":"","format":"standard","meta":{"_exactmetrics_skip_tracking":false,"_exactmetrics_sitenote_active":false,"_exactmetrics_sitenote_note":"","_exactmetrics_sitenote_category":0,"ngg_post_thumbnail":0,"jetpack_post_was_ever_published":false,"_jetpack_newsletter_access":"","_jetpack_dont_email_post_to_subs":false,"_jetpack_newsletter_tier_id":0,"_jetpack_memberships_contains_paywalled_content":false,"_jetpack_memberships_contains_paid_content":false,"footnotes":"","jetpack_publicize_message":"","jetpack_publicize_feature_enabled":true,"jetpack_social_post_already_shared":true,"jetpack_social_options":{"image_generator_settings":{"template":"highway","default_image_id":0,"font":"","enabled":false},"version":2}},"categories":[319,311],"tags":[317,405,357],"class_list":["post-9362","post","type-post","status-publish","format-standard","hentry","category-adlerbotschaft","category-predigten","tag-adler","tag-august","tag-galater"],"yoast_head":"<!-- This site is optimized with the Yoast SEO plugin v27.5 - https:\/\/yoast.com\/product\/yoast-seo-wordpress\/ -->\n<title>Portr\u00e4t oder Karikatur - Erhardt Stiefel&#039;s Fundgrube<\/title>\n<meta name=\"robots\" content=\"index, follow, max-snippet:-1, max-image-preview:large, max-video-preview:-1\" \/>\n<link rel=\"canonical\" href=\"https:\/\/erhardt-stiefel.de\/index.php\/2024\/08\/31\/portraet-oder-karikatur-2\/\" \/>\n<meta property=\"og:locale\" content=\"de_DE\" \/>\n<meta property=\"og:type\" content=\"article\" \/>\n<meta property=\"og:title\" content=\"Portr\u00e4t oder Karikatur - Erhardt Stiefel&#039;s Fundgrube\" \/>\n<meta property=\"og:description\" content=\"O ihr unverst\u00e4ndigen Galater! Wer hat euch bezaubert, denen doch Jesus Christus vor die Augen gemalt war als der Gekreuzigte. Galater 3, 1 Eine englische \u00dcbersetzung benutzt f\u00fcr \u201emalen\u201c das Wort \u201eportr\u00e4tieren\u201c. Paulus hatte den Galatern ein Portr\u00e4t von Christus gemalt, das dem Original zum Anfassen \u00e4hnlich war. Der Begriff Portr\u00e4t f\u00fchrt uns in das &hellip; \u201ePortr\u00e4t oder Karikatur\u201c weiterlesen\" \/>\n<meta property=\"og:url\" content=\"https:\/\/erhardt-stiefel.de\/index.php\/2024\/08\/31\/portraet-oder-karikatur-2\/\" \/>\n<meta property=\"og:site_name\" content=\"Erhardt Stiefel&#039;s Fundgrube\" \/>\n<meta property=\"article:published_time\" content=\"2024-08-31T11:32:05+00:00\" \/>\n<meta property=\"og:image\" content=\"https:\/\/erhardt-stiefel.de\/wp-content\/uploads\/2021\/08\/31.jpg\" \/>\n<meta name=\"author\" content=\"Erhardt\" \/>\n<meta name=\"twitter:card\" content=\"summary_large_image\" \/>\n<meta name=\"twitter:creator\" content=\"@erhardtstiefel77\" \/>\n<meta name=\"twitter:label1\" content=\"Geschrieben von\" \/>\n\t<meta name=\"twitter:data1\" content=\"Erhardt\" \/>\n\t<meta name=\"twitter:label2\" content=\"Gesch\u00e4tzte Lesezeit\" \/>\n\t<meta name=\"twitter:data2\" content=\"3\u00a0Minuten\" \/>\n<script type=\"application\/ld+json\" class=\"yoast-schema-graph\">{\"@context\":\"https:\\\/\\\/schema.org\",\"@graph\":[{\"@type\":\"Article\",\"@id\":\"https:\\\/\\\/erhardt-stiefel.de\\\/index.php\\\/2024\\\/08\\\/31\\\/portraet-oder-karikatur-2\\\/#article\",\"isPartOf\":{\"@id\":\"https:\\\/\\\/erhardt-stiefel.de\\\/index.php\\\/2024\\\/08\\\/31\\\/portraet-oder-karikatur-2\\\/\"},\"author\":{\"name\":\"Erhardt\",\"@id\":\"https:\\\/\\\/erhardt-stiefel.de\\\/#\\\/schema\\\/person\\\/623af879bb14c4ae6622ece81ec006ef\"},\"headline\":\"Portr\u00e4t oder Karikatur\",\"datePublished\":\"2024-08-31T11:32:05+00:00\",\"mainEntityOfPage\":{\"@id\":\"https:\\\/\\\/erhardt-stiefel.de\\\/index.php\\\/2024\\\/08\\\/31\\\/portraet-oder-karikatur-2\\\/\"},\"wordCount\":529,\"commentCount\":0,\"image\":{\"@id\":\"https:\\\/\\\/erhardt-stiefel.de\\\/index.php\\\/2024\\\/08\\\/31\\\/portraet-oder-karikatur-2\\\/#primaryimage\"},\"thumbnailUrl\":\"https:\\\/\\\/erhardt-stiefel.de\\\/wp-content\\\/uploads\\\/2021\\\/08\\\/31.jpg\",\"keywords\":[\"Adler\",\"August\",\"Galater\"],\"articleSection\":[\"Adlerbotschaft\",\"Predigten\"],\"inLanguage\":\"de\",\"potentialAction\":[{\"@type\":\"CommentAction\",\"name\":\"Comment\",\"target\":[\"https:\\\/\\\/erhardt-stiefel.de\\\/index.php\\\/2024\\\/08\\\/31\\\/portraet-oder-karikatur-2\\\/#respond\"]}]},{\"@type\":\"WebPage\",\"@id\":\"https:\\\/\\\/erhardt-stiefel.de\\\/index.php\\\/2024\\\/08\\\/31\\\/portraet-oder-karikatur-2\\\/\",\"url\":\"https:\\\/\\\/erhardt-stiefel.de\\\/index.php\\\/2024\\\/08\\\/31\\\/portraet-oder-karikatur-2\\\/\",\"name\":\"Portr\u00e4t oder Karikatur - Erhardt Stiefel&#039;s Fundgrube\",\"isPartOf\":{\"@id\":\"https:\\\/\\\/erhardt-stiefel.de\\\/#website\"},\"primaryImageOfPage\":{\"@id\":\"https:\\\/\\\/erhardt-stiefel.de\\\/index.php\\\/2024\\\/08\\\/31\\\/portraet-oder-karikatur-2\\\/#primaryimage\"},\"image\":{\"@id\":\"https:\\\/\\\/erhardt-stiefel.de\\\/index.php\\\/2024\\\/08\\\/31\\\/portraet-oder-karikatur-2\\\/#primaryimage\"},\"thumbnailUrl\":\"https:\\\/\\\/erhardt-stiefel.de\\\/wp-content\\\/uploads\\\/2021\\\/08\\\/31.jpg\",\"datePublished\":\"2024-08-31T11:32:05+00:00\",\"author\":{\"@id\":\"https:\\\/\\\/erhardt-stiefel.de\\\/#\\\/schema\\\/person\\\/623af879bb14c4ae6622ece81ec006ef\"},\"breadcrumb\":{\"@id\":\"https:\\\/\\\/erhardt-stiefel.de\\\/index.php\\\/2024\\\/08\\\/31\\\/portraet-oder-karikatur-2\\\/#breadcrumb\"},\"inLanguage\":\"de\",\"potentialAction\":[{\"@type\":\"ReadAction\",\"target\":[\"https:\\\/\\\/erhardt-stiefel.de\\\/index.php\\\/2024\\\/08\\\/31\\\/portraet-oder-karikatur-2\\\/\"]}]},{\"@type\":\"ImageObject\",\"inLanguage\":\"de\",\"@id\":\"https:\\\/\\\/erhardt-stiefel.de\\\/index.php\\\/2024\\\/08\\\/31\\\/portraet-oder-karikatur-2\\\/#primaryimage\",\"url\":\"https:\\\/\\\/erhardt-stiefel.de\\\/wp-content\\\/uploads\\\/2021\\\/08\\\/31.jpg\",\"contentUrl\":\"https:\\\/\\\/erhardt-stiefel.de\\\/wp-content\\\/uploads\\\/2021\\\/08\\\/31.jpg\",\"width\":792,\"height\":887},{\"@type\":\"BreadcrumbList\",\"@id\":\"https:\\\/\\\/erhardt-stiefel.de\\\/index.php\\\/2024\\\/08\\\/31\\\/portraet-oder-karikatur-2\\\/#breadcrumb\",\"itemListElement\":[{\"@type\":\"ListItem\",\"position\":1,\"name\":\"Home\",\"item\":\"https:\\\/\\\/erhardt-stiefel.de\\\/\"},{\"@type\":\"ListItem\",\"position\":2,\"name\":\"Portr\u00e4t oder Karikatur\"}]},{\"@type\":\"WebSite\",\"@id\":\"https:\\\/\\\/erhardt-stiefel.de\\\/#website\",\"url\":\"https:\\\/\\\/erhardt-stiefel.de\\\/\",\"name\":\"Erhardt Stiefel&#039;s Fundgrube\",\"description\":\"Erfahrungen mit CMS, Genealogie, Gott und der Welt - die ich sehr gerne mit dir teilen w\u00fcrde\",\"potentialAction\":[{\"@type\":\"SearchAction\",\"target\":{\"@type\":\"EntryPoint\",\"urlTemplate\":\"https:\\\/\\\/erhardt-stiefel.de\\\/?s={search_term_string}\"},\"query-input\":{\"@type\":\"PropertyValueSpecification\",\"valueRequired\":true,\"valueName\":\"search_term_string\"}}],\"inLanguage\":\"de\"},{\"@type\":\"Person\",\"@id\":\"https:\\\/\\\/erhardt-stiefel.de\\\/#\\\/schema\\\/person\\\/623af879bb14c4ae6622ece81ec006ef\",\"name\":\"Erhardt\",\"image\":{\"@type\":\"ImageObject\",\"inLanguage\":\"de\",\"@id\":\"https:\\\/\\\/secure.gravatar.com\\\/avatar\\\/086c9cb068fa330c15ed0aabfea0b66ecfa387fd1d6eb1a1a3b0a963becd7f74?s=96&d=mm&r=g\",\"url\":\"https:\\\/\\\/secure.gravatar.com\\\/avatar\\\/086c9cb068fa330c15ed0aabfea0b66ecfa387fd1d6eb1a1a3b0a963becd7f74?s=96&d=mm&r=g\",\"contentUrl\":\"https:\\\/\\\/secure.gravatar.com\\\/avatar\\\/086c9cb068fa330c15ed0aabfea0b66ecfa387fd1d6eb1a1a3b0a963becd7f74?s=96&d=mm&r=g\",\"caption\":\"Erhardt\"},\"sameAs\":[\"https:\\\/\\\/erhardt-stiefel.de\",\"https:\\\/\\\/x.com\\\/erhardtstiefel77\"],\"url\":\"https:\\\/\\\/erhardt-stiefel.de\\\/index.php\\\/author\\\/erhardt_stiefel\\\/\"}]}<\/script>\n<!-- \/ Yoast SEO plugin. -->","yoast_head_json":{"title":"Portr\u00e4t oder Karikatur - Erhardt Stiefel&#039;s Fundgrube","robots":{"index":"index","follow":"follow","max-snippet":"max-snippet:-1","max-image-preview":"max-image-preview:large","max-video-preview":"max-video-preview:-1"},"canonical":"https:\/\/erhardt-stiefel.de\/index.php\/2024\/08\/31\/portraet-oder-karikatur-2\/","og_locale":"de_DE","og_type":"article","og_title":"Portr\u00e4t oder Karikatur - Erhardt Stiefel&#039;s Fundgrube","og_description":"O ihr unverst\u00e4ndigen Galater! Wer hat euch bezaubert, denen doch Jesus Christus vor die Augen gemalt war als der Gekreuzigte. Galater 3, 1 Eine englische \u00dcbersetzung benutzt f\u00fcr \u201emalen\u201c das Wort \u201eportr\u00e4tieren\u201c. Paulus hatte den Galatern ein Portr\u00e4t von Christus gemalt, das dem Original zum Anfassen \u00e4hnlich war. Der Begriff Portr\u00e4t f\u00fchrt uns in das &hellip; \u201ePortr\u00e4t oder Karikatur\u201c weiterlesen","og_url":"https:\/\/erhardt-stiefel.de\/index.php\/2024\/08\/31\/portraet-oder-karikatur-2\/","og_site_name":"Erhardt Stiefel&#039;s Fundgrube","article_published_time":"2024-08-31T11:32:05+00:00","og_image":[{"url":"https:\/\/erhardt-stiefel.de\/wp-content\/uploads\/2021\/08\/31.jpg","type":"","width":"","height":""}],"author":"Erhardt","twitter_card":"summary_large_image","twitter_creator":"@erhardtstiefel77","twitter_misc":{"Geschrieben von":"Erhardt","Gesch\u00e4tzte Lesezeit":"3\u00a0Minuten"},"schema":{"@context":"https:\/\/schema.org","@graph":[{"@type":"Article","@id":"https:\/\/erhardt-stiefel.de\/index.php\/2024\/08\/31\/portraet-oder-karikatur-2\/#article","isPartOf":{"@id":"https:\/\/erhardt-stiefel.de\/index.php\/2024\/08\/31\/portraet-oder-karikatur-2\/"},"author":{"name":"Erhardt","@id":"https:\/\/erhardt-stiefel.de\/#\/schema\/person\/623af879bb14c4ae6622ece81ec006ef"},"headline":"Portr\u00e4t oder Karikatur","datePublished":"2024-08-31T11:32:05+00:00","mainEntityOfPage":{"@id":"https:\/\/erhardt-stiefel.de\/index.php\/2024\/08\/31\/portraet-oder-karikatur-2\/"},"wordCount":529,"commentCount":0,"image":{"@id":"https:\/\/erhardt-stiefel.de\/index.php\/2024\/08\/31\/portraet-oder-karikatur-2\/#primaryimage"},"thumbnailUrl":"https:\/\/erhardt-stiefel.de\/wp-content\/uploads\/2021\/08\/31.jpg","keywords":["Adler","August","Galater"],"articleSection":["Adlerbotschaft","Predigten"],"inLanguage":"de","potentialAction":[{"@type":"CommentAction","name":"Comment","target":["https:\/\/erhardt-stiefel.de\/index.php\/2024\/08\/31\/portraet-oder-karikatur-2\/#respond"]}]},{"@type":"WebPage","@id":"https:\/\/erhardt-stiefel.de\/index.php\/2024\/08\/31\/portraet-oder-karikatur-2\/","url":"https:\/\/erhardt-stiefel.de\/index.php\/2024\/08\/31\/portraet-oder-karikatur-2\/","name":"Portr\u00e4t oder Karikatur - Erhardt Stiefel&#039;s Fundgrube","isPartOf":{"@id":"https:\/\/erhardt-stiefel.de\/#website"},"primaryImageOfPage":{"@id":"https:\/\/erhardt-stiefel.de\/index.php\/2024\/08\/31\/portraet-oder-karikatur-2\/#primaryimage"},"image":{"@id":"https:\/\/erhardt-stiefel.de\/index.php\/2024\/08\/31\/portraet-oder-karikatur-2\/#primaryimage"},"thumbnailUrl":"https:\/\/erhardt-stiefel.de\/wp-content\/uploads\/2021\/08\/31.jpg","datePublished":"2024-08-31T11:32:05+00:00","author":{"@id":"https:\/\/erhardt-stiefel.de\/#\/schema\/person\/623af879bb14c4ae6622ece81ec006ef"},"breadcrumb":{"@id":"https:\/\/erhardt-stiefel.de\/index.php\/2024\/08\/31\/portraet-oder-karikatur-2\/#breadcrumb"},"inLanguage":"de","potentialAction":[{"@type":"ReadAction","target":["https:\/\/erhardt-stiefel.de\/index.php\/2024\/08\/31\/portraet-oder-karikatur-2\/"]}]},{"@type":"ImageObject","inLanguage":"de","@id":"https:\/\/erhardt-stiefel.de\/index.php\/2024\/08\/31\/portraet-oder-karikatur-2\/#primaryimage","url":"https:\/\/erhardt-stiefel.de\/wp-content\/uploads\/2021\/08\/31.jpg","contentUrl":"https:\/\/erhardt-stiefel.de\/wp-content\/uploads\/2021\/08\/31.jpg","width":792,"height":887},{"@type":"BreadcrumbList","@id":"https:\/\/erhardt-stiefel.de\/index.php\/2024\/08\/31\/portraet-oder-karikatur-2\/#breadcrumb","itemListElement":[{"@type":"ListItem","position":1,"name":"Home","item":"https:\/\/erhardt-stiefel.de\/"},{"@type":"ListItem","position":2,"name":"Portr\u00e4t oder Karikatur"}]},{"@type":"WebSite","@id":"https:\/\/erhardt-stiefel.de\/#website","url":"https:\/\/erhardt-stiefel.de\/","name":"Erhardt Stiefel&#039;s Fundgrube","description":"Erfahrungen mit CMS, Genealogie, Gott und der Welt - die ich sehr gerne mit dir teilen w\u00fcrde","potentialAction":[{"@type":"SearchAction","target":{"@type":"EntryPoint","urlTemplate":"https:\/\/erhardt-stiefel.de\/?s={search_term_string}"},"query-input":{"@type":"PropertyValueSpecification","valueRequired":true,"valueName":"search_term_string"}}],"inLanguage":"de"},{"@type":"Person","@id":"https:\/\/erhardt-stiefel.de\/#\/schema\/person\/623af879bb14c4ae6622ece81ec006ef","name":"Erhardt","image":{"@type":"ImageObject","inLanguage":"de","@id":"https:\/\/secure.gravatar.com\/avatar\/086c9cb068fa330c15ed0aabfea0b66ecfa387fd1d6eb1a1a3b0a963becd7f74?s=96&d=mm&r=g","url":"https:\/\/secure.gravatar.com\/avatar\/086c9cb068fa330c15ed0aabfea0b66ecfa387fd1d6eb1a1a3b0a963becd7f74?s=96&d=mm&r=g","contentUrl":"https:\/\/secure.gravatar.com\/avatar\/086c9cb068fa330c15ed0aabfea0b66ecfa387fd1d6eb1a1a3b0a963becd7f74?s=96&d=mm&r=g","caption":"Erhardt"},"sameAs":["https:\/\/erhardt-stiefel.de","https:\/\/x.com\/erhardtstiefel77"],"url":"https:\/\/erhardt-stiefel.de\/index.php\/author\/erhardt_stiefel\/"}]}},"jetpack_publicize_connections":[],"jetpack_featured_media_url":"","jetpack_sharing_enabled":true,"jetpack_shortlink":"https:\/\/wp.me\/paRlFh-2r0","_links":{"self":[{"href":"https:\/\/erhardt-stiefel.de\/index.php\/wp-json\/wp\/v2\/posts\/9362","targetHints":{"allow":["GET"]}}],"collection":[{"href":"https:\/\/erhardt-stiefel.de\/index.php\/wp-json\/wp\/v2\/posts"}],"about":[{"href":"https:\/\/erhardt-stiefel.de\/index.php\/wp-json\/wp\/v2\/types\/post"}],"author":[{"embeddable":true,"href":"https:\/\/erhardt-stiefel.de\/index.php\/wp-json\/wp\/v2\/users\/1"}],"replies":[{"embeddable":true,"href":"https:\/\/erhardt-stiefel.de\/index.php\/wp-json\/wp\/v2\/comments?post=9362"}],"version-history":[{"count":1,"href":"https:\/\/erhardt-stiefel.de\/index.php\/wp-json\/wp\/v2\/posts\/9362\/revisions"}],"predecessor-version":[{"id":9363,"href":"https:\/\/erhardt-stiefel.de\/index.php\/wp-json\/wp\/v2\/posts\/9362\/revisions\/9363"}],"wp:attachment":[{"href":"https:\/\/erhardt-stiefel.de\/index.php\/wp-json\/wp\/v2\/media?parent=9362"}],"wp:term":[{"taxonomy":"category","embeddable":true,"href":"https:\/\/erhardt-stiefel.de\/index.php\/wp-json\/wp\/v2\/categories?post=9362"},{"taxonomy":"post_tag","embeddable":true,"href":"https:\/\/erhardt-stiefel.de\/index.php\/wp-json\/wp\/v2\/tags?post=9362"}],"curies":[{"name":"wp","href":"https:\/\/api.w.org\/{rel}","templated":true}]}}