{"id":9634,"date":"2024-12-03T10:54:34","date_gmt":"2024-12-03T09:54:34","guid":{"rendered":"https:\/\/erhardt-stiefel.de\/?p=9634"},"modified":"2024-12-03T10:54:34","modified_gmt":"2024-12-03T09:54:34","slug":"der-himmel-kann-hier-beginnen","status":"publish","type":"post","link":"https:\/\/erhardt-stiefel.de\/index.php\/2024\/12\/03\/der-himmel-kann-hier-beginnen\/","title":{"rendered":"Der Himmel kann hier beginnen"},"content":{"rendered":"<p><img loading=\"lazy\" decoding=\"async\" class=\"aligncenter size-full wp-image-3930\" src=\"https:\/\/erhardt-stiefel.de\/wp-content\/uploads\/2020\/12\/03.jpg\" alt=\"\" width=\"800\" height=\"887\" srcset=\"https:\/\/erhardt-stiefel.de\/wp-content\/uploads\/2020\/12\/03.jpg 800w, https:\/\/erhardt-stiefel.de\/wp-content\/uploads\/2020\/12\/03-271x300.jpg 271w, https:\/\/erhardt-stiefel.de\/wp-content\/uploads\/2020\/12\/03-768x852.jpg 768w\" sizes=\"auto, (max-width: 767px) 89vw, (max-width: 1000px) 54vw, (max-width: 1071px) 543px, 580px\" \/><\/p>\n<p style=\"text-align: left;\" align=\"JUSTIFY\"><strong>Zu derselben Stunde traten die J\u00fcnger zu Jesus und fragten: Wer ist doch der Gr\u00f6\u00dfte im Himmelreich? Jesus rief ein Kind zu sich und stellte es mitten unter sie und sprach: Wahrlich, ich sage euch: Wenn ihr nicht umkehrt und werdet wie die Kinder, so werdet ihr nicht ins Himmelreich kommen. Wer nun sich selbst erniedrigt und wird wie dies Kind, der ist der Gr\u00f6\u00dfte im Himmelreich. <span style=\"color: #0000ff;\"><a style=\"color: #0000ff;\" href=\"https:\/\/www.bibleserver.com\/LUT\/Matth%C3%A4us18%2C1-4\" target=\"_blank\" rel=\"noopener noreferrer\">Matth\u00e4us 18, 1-4<\/a><\/span>.<\/strong><\/p>\n<p style=\"text-align: left;\" align=\"JUSTIFY\">In diesen Tagen las ich eine Geschichte \u00fcber Amdorf in Ostfriesland. Vor vielen Jahren br\u00fctete hier noch j\u00e4hrlich ein Storchenpaar. Weil diese herrlichen V\u00f6gel recht selten waren, wartete man im Fr\u00fchjahr gespannt auf die Heimkehr des Storchenpaares aus Afrika, beobachtete und registrierte genau, ob das Nest wieder angenommen wurde und die Brut durchkam. Im n\u00e4chsten Jahr waren sie wieder gekommen. Mit viel Flei\u00df war das Nest wieder ausgebessert und das erste Ei war gelegt worden. Die Amdorfer waren zun\u00e4chst hoch erfreut, bis sie die Ankunft eines weiteren Storchenm\u00e4nnchens registrierten. Die Freude \u00fcber den dritten Storch war allerdings nur kurz: Zu ihrem Entsetzen mussten die Leute feststellen, dass von nun an Streit eingekehrt war bei Storchens und dar\u00fcber das Brutgesch\u00e4ft \u00fcbel vernachl\u00e4ssigt wurde. <!--more--><\/p>\n<p style=\"text-align: left;\" align=\"JUSTIFY\">Tag f\u00fcr Tag bekriegten sich die M\u00e4nnchen, dass die Federn nur so flogen. Das Weibchen hatte irgendwann aufgeh\u00f6rt, sich um Nest und Ei zu k\u00fcmmern und sa\u00df teilnahmslos auf dem Dach des Nachbarhauses. Selbst wenn man eines der M\u00e4nnchen abgeschossen h\u00e4tte, was aber nicht erlaubt wurde, w\u00e4re eine erfolgreiche Brut in dem Jahr sowieso nicht mehr gelungen. Jeder wollte der Gr\u00f6\u00dfte sein &#8211; und f\u00fcr die \u201eStorchengemeinde\u201c war nur Schaden entstanden und das nur, weil man \u00fcber den anderen herrschen wollte. In unseren Beziehungen spielt die Machtfrage eine wichtige Rolle. Man m\u00f6chte anerkannt sein, geehrt und geachtet werden. Man besteht auf seinem geb\u00fchrenden Platz in der Gesellschaft und sagt: Ich habe mehr geleistet, als die anderen. Ich wei\u00df es besser, weil ich studiert habe. Ich bin \u00e4lter und habe mehr Erfahrung. Ich bin hier unverzichtbar, und wenn ich es nicht in die Hand nehme, wird nichts daraus. Das Resultat davon? Sagen wir es mit dem Storchenpaar: Weil st\u00e4ndig gestritten wird, gehen alle leer aus. Alle Arbeit ist umsonst.<\/p>\n<p style=\"text-align: left;\" align=\"JUSTIFY\">Im Alltag kann das bedeuten, dass Ehen zerbrechen und die Kinder wie kleine V\u00f6gel aus dem Nest fallen und ein Opfer der Stra\u00dfe werden. Es kann bedeuten, dass Menschen sich gegenseitig verletzen und sogar Gemeinden zerbrechen. In der Politik kann es bedeuten, dass Parteien \u00fcbereinander herfallen und sich gegenseitig zerfleischen und so dem Volk gro\u00dfer Schaden zugef\u00fcgt wird.<\/p>\n<p style=\"text-align: left;\" align=\"JUSTIFY\">Was w\u00fcrde Jesus uns raten? <em>Er rief ein Kind zu sich und stellte es mitten unter sie und sagte: Wenn ihr nicht umkehrt und werdet wie die Kinder, so werdet ihr nicht ins Himmelreich kommen. Wer nun sich selbst erniedrigt und wird wie dies Kind, der ist der Gr\u00f6\u00dfte im Himmelreich<\/em>. Satan ist deshalb zum Inbegriff alles B\u00f6sen geworden, weil er stolz ist. So ist Demut der einzige Weg, wenn Gott sich auf unsere Seite stellen soll und wir in einer rauen Gesellschaft unbeschadet \u00fcberleben wollen. Jesus konnte das. Er sagt nicht umsonst: <em>Ich bin von Herzen dem\u00fctig.<\/em> Ein Dem\u00fctiger ist kein Feigling, der vor anderen am Boden kriecht. Im Gegenteil. Er \u00fcbt den aufrechten Gang und widersteht dem B\u00f6sen mit geistlichen Waffen. Er will nicht Recht haben, aber Rechtes tun. Er kann verzichten und ist bereit, alles zu tun, wenn es um Beziehungen geht, denn gute Beziehungen k\u00f6nnen schon hier zum Himmel auf Erden werden.<\/p>\n","protected":false},"excerpt":{"rendered":"<p>Zu derselben Stunde traten die J\u00fcnger zu Jesus und fragten: Wer ist doch der Gr\u00f6\u00dfte im Himmelreich? Jesus rief ein Kind zu sich und stellte es mitten unter sie und sprach: Wahrlich, ich sage euch: Wenn ihr nicht umkehrt und werdet wie die Kinder, so werdet ihr nicht ins Himmelreich kommen. Wer nun sich selbst &hellip; <\/p>\n<p class=\"link-more\"><a href=\"https:\/\/erhardt-stiefel.de\/index.php\/2024\/12\/03\/der-himmel-kann-hier-beginnen\/\" class=\"more-link\"><span class=\"screen-reader-text\">\u201eDer Himmel kann hier beginnen\u201c<\/span> weiterlesen<\/a><\/p>\n","protected":false},"author":1,"featured_media":0,"comment_status":"open","ping_status":"closed","sticky":false,"template":"","format":"standard","meta":{"_exactmetrics_skip_tracking":false,"_exactmetrics_sitenote_active":false,"_exactmetrics_sitenote_note":"","_exactmetrics_sitenote_category":0,"ngg_post_thumbnail":0,"jetpack_post_was_ever_published":false,"_jetpack_newsletter_access":"","_jetpack_dont_email_post_to_subs":false,"_jetpack_newsletter_tier_id":0,"_jetpack_memberships_contains_paywalled_content":false,"_jetpack_memberships_contains_paid_content":false,"footnotes":"","jetpack_publicize_message":"","jetpack_publicize_feature_enabled":true,"jetpack_social_post_already_shared":true,"jetpack_social_options":{"image_generator_settings":{"template":"highway","default_image_id":0,"font":"","enabled":false},"version":2}},"categories":[319,311],"tags":[317,336,338],"class_list":["post-9634","post","type-post","status-publish","format-standard","hentry","category-adlerbotschaft","category-predigten","tag-adler","tag-dezember","tag-matthaeus"],"yoast_head":"<!-- This site is optimized with the Yoast SEO plugin v27.5 - https:\/\/yoast.com\/product\/yoast-seo-wordpress\/ -->\n<title>Der Himmel kann hier beginnen - Erhardt Stiefel&#039;s Fundgrube<\/title>\n<meta name=\"robots\" content=\"index, follow, max-snippet:-1, max-image-preview:large, max-video-preview:-1\" \/>\n<link rel=\"canonical\" href=\"https:\/\/erhardt-stiefel.de\/index.php\/2024\/12\/03\/der-himmel-kann-hier-beginnen\/\" \/>\n<meta property=\"og:locale\" content=\"de_DE\" \/>\n<meta property=\"og:type\" content=\"article\" \/>\n<meta property=\"og:title\" content=\"Der Himmel kann hier beginnen - Erhardt Stiefel&#039;s Fundgrube\" \/>\n<meta property=\"og:description\" content=\"Zu derselben Stunde traten die J\u00fcnger zu Jesus und fragten: Wer ist doch der Gr\u00f6\u00dfte im Himmelreich? Jesus rief ein Kind zu sich und stellte es mitten unter sie und sprach: Wahrlich, ich sage euch: Wenn ihr nicht umkehrt und werdet wie die Kinder, so werdet ihr nicht ins Himmelreich kommen. Wer nun sich selbst &hellip; \u201eDer Himmel kann hier beginnen\u201c weiterlesen\" \/>\n<meta property=\"og:url\" content=\"https:\/\/erhardt-stiefel.de\/index.php\/2024\/12\/03\/der-himmel-kann-hier-beginnen\/\" \/>\n<meta property=\"og:site_name\" content=\"Erhardt Stiefel&#039;s Fundgrube\" \/>\n<meta property=\"article:published_time\" content=\"2024-12-03T09:54:34+00:00\" \/>\n<meta property=\"og:image\" content=\"https:\/\/erhardt-stiefel.de\/wp-content\/uploads\/2020\/12\/03.jpg\" \/>\n\t<meta property=\"og:image:width\" content=\"800\" \/>\n\t<meta property=\"og:image:height\" content=\"887\" \/>\n\t<meta property=\"og:image:type\" content=\"image\/jpeg\" \/>\n<meta name=\"author\" content=\"Erhardt\" \/>\n<meta name=\"twitter:card\" content=\"summary_large_image\" \/>\n<meta name=\"twitter:creator\" content=\"@erhardtstiefel77\" \/>\n<meta name=\"twitter:label1\" content=\"Geschrieben von\" \/>\n\t<meta name=\"twitter:data1\" content=\"Erhardt\" \/>\n\t<meta name=\"twitter:label2\" content=\"Gesch\u00e4tzte Lesezeit\" \/>\n\t<meta name=\"twitter:data2\" content=\"4\u00a0Minuten\" \/>\n<script type=\"application\/ld+json\" class=\"yoast-schema-graph\">{\"@context\":\"https:\\\/\\\/schema.org\",\"@graph\":[{\"@type\":\"Article\",\"@id\":\"https:\\\/\\\/erhardt-stiefel.de\\\/index.php\\\/2024\\\/12\\\/03\\\/der-himmel-kann-hier-beginnen\\\/#article\",\"isPartOf\":{\"@id\":\"https:\\\/\\\/erhardt-stiefel.de\\\/index.php\\\/2024\\\/12\\\/03\\\/der-himmel-kann-hier-beginnen\\\/\"},\"author\":{\"name\":\"Erhardt\",\"@id\":\"https:\\\/\\\/erhardt-stiefel.de\\\/#\\\/schema\\\/person\\\/623af879bb14c4ae6622ece81ec006ef\"},\"headline\":\"Der Himmel kann hier beginnen\",\"datePublished\":\"2024-12-03T09:54:34+00:00\",\"mainEntityOfPage\":{\"@id\":\"https:\\\/\\\/erhardt-stiefel.de\\\/index.php\\\/2024\\\/12\\\/03\\\/der-himmel-kann-hier-beginnen\\\/\"},\"wordCount\":615,\"commentCount\":0,\"image\":{\"@id\":\"https:\\\/\\\/erhardt-stiefel.de\\\/index.php\\\/2024\\\/12\\\/03\\\/der-himmel-kann-hier-beginnen\\\/#primaryimage\"},\"thumbnailUrl\":\"https:\\\/\\\/erhardt-stiefel.de\\\/wp-content\\\/uploads\\\/2020\\\/12\\\/03.jpg\",\"keywords\":[\"Adler\",\"Dezember\",\"Matth\u00e4us\"],\"articleSection\":[\"Adlerbotschaft\",\"Predigten\"],\"inLanguage\":\"de\",\"potentialAction\":[{\"@type\":\"CommentAction\",\"name\":\"Comment\",\"target\":[\"https:\\\/\\\/erhardt-stiefel.de\\\/index.php\\\/2024\\\/12\\\/03\\\/der-himmel-kann-hier-beginnen\\\/#respond\"]}]},{\"@type\":\"WebPage\",\"@id\":\"https:\\\/\\\/erhardt-stiefel.de\\\/index.php\\\/2024\\\/12\\\/03\\\/der-himmel-kann-hier-beginnen\\\/\",\"url\":\"https:\\\/\\\/erhardt-stiefel.de\\\/index.php\\\/2024\\\/12\\\/03\\\/der-himmel-kann-hier-beginnen\\\/\",\"name\":\"Der Himmel kann hier beginnen - Erhardt Stiefel&#039;s Fundgrube\",\"isPartOf\":{\"@id\":\"https:\\\/\\\/erhardt-stiefel.de\\\/#website\"},\"primaryImageOfPage\":{\"@id\":\"https:\\\/\\\/erhardt-stiefel.de\\\/index.php\\\/2024\\\/12\\\/03\\\/der-himmel-kann-hier-beginnen\\\/#primaryimage\"},\"image\":{\"@id\":\"https:\\\/\\\/erhardt-stiefel.de\\\/index.php\\\/2024\\\/12\\\/03\\\/der-himmel-kann-hier-beginnen\\\/#primaryimage\"},\"thumbnailUrl\":\"https:\\\/\\\/erhardt-stiefel.de\\\/wp-content\\\/uploads\\\/2020\\\/12\\\/03.jpg\",\"datePublished\":\"2024-12-03T09:54:34+00:00\",\"author\":{\"@id\":\"https:\\\/\\\/erhardt-stiefel.de\\\/#\\\/schema\\\/person\\\/623af879bb14c4ae6622ece81ec006ef\"},\"breadcrumb\":{\"@id\":\"https:\\\/\\\/erhardt-stiefel.de\\\/index.php\\\/2024\\\/12\\\/03\\\/der-himmel-kann-hier-beginnen\\\/#breadcrumb\"},\"inLanguage\":\"de\",\"potentialAction\":[{\"@type\":\"ReadAction\",\"target\":[\"https:\\\/\\\/erhardt-stiefel.de\\\/index.php\\\/2024\\\/12\\\/03\\\/der-himmel-kann-hier-beginnen\\\/\"]}]},{\"@type\":\"ImageObject\",\"inLanguage\":\"de\",\"@id\":\"https:\\\/\\\/erhardt-stiefel.de\\\/index.php\\\/2024\\\/12\\\/03\\\/der-himmel-kann-hier-beginnen\\\/#primaryimage\",\"url\":\"https:\\\/\\\/erhardt-stiefel.de\\\/wp-content\\\/uploads\\\/2020\\\/12\\\/03.jpg\",\"contentUrl\":\"https:\\\/\\\/erhardt-stiefel.de\\\/wp-content\\\/uploads\\\/2020\\\/12\\\/03.jpg\",\"width\":800,\"height\":887},{\"@type\":\"BreadcrumbList\",\"@id\":\"https:\\\/\\\/erhardt-stiefel.de\\\/index.php\\\/2024\\\/12\\\/03\\\/der-himmel-kann-hier-beginnen\\\/#breadcrumb\",\"itemListElement\":[{\"@type\":\"ListItem\",\"position\":1,\"name\":\"Home\",\"item\":\"https:\\\/\\\/erhardt-stiefel.de\\\/\"},{\"@type\":\"ListItem\",\"position\":2,\"name\":\"Der Himmel kann hier beginnen\"}]},{\"@type\":\"WebSite\",\"@id\":\"https:\\\/\\\/erhardt-stiefel.de\\\/#website\",\"url\":\"https:\\\/\\\/erhardt-stiefel.de\\\/\",\"name\":\"Erhardt Stiefel&#039;s Fundgrube\",\"description\":\"Erfahrungen mit CMS, Genealogie, Gott und der Welt - die ich sehr gerne mit dir teilen w\u00fcrde\",\"potentialAction\":[{\"@type\":\"SearchAction\",\"target\":{\"@type\":\"EntryPoint\",\"urlTemplate\":\"https:\\\/\\\/erhardt-stiefel.de\\\/?s={search_term_string}\"},\"query-input\":{\"@type\":\"PropertyValueSpecification\",\"valueRequired\":true,\"valueName\":\"search_term_string\"}}],\"inLanguage\":\"de\"},{\"@type\":\"Person\",\"@id\":\"https:\\\/\\\/erhardt-stiefel.de\\\/#\\\/schema\\\/person\\\/623af879bb14c4ae6622ece81ec006ef\",\"name\":\"Erhardt\",\"image\":{\"@type\":\"ImageObject\",\"inLanguage\":\"de\",\"@id\":\"https:\\\/\\\/secure.gravatar.com\\\/avatar\\\/086c9cb068fa330c15ed0aabfea0b66ecfa387fd1d6eb1a1a3b0a963becd7f74?s=96&d=mm&r=g\",\"url\":\"https:\\\/\\\/secure.gravatar.com\\\/avatar\\\/086c9cb068fa330c15ed0aabfea0b66ecfa387fd1d6eb1a1a3b0a963becd7f74?s=96&d=mm&r=g\",\"contentUrl\":\"https:\\\/\\\/secure.gravatar.com\\\/avatar\\\/086c9cb068fa330c15ed0aabfea0b66ecfa387fd1d6eb1a1a3b0a963becd7f74?s=96&d=mm&r=g\",\"caption\":\"Erhardt\"},\"sameAs\":[\"https:\\\/\\\/erhardt-stiefel.de\",\"https:\\\/\\\/x.com\\\/erhardtstiefel77\"],\"url\":\"https:\\\/\\\/erhardt-stiefel.de\\\/index.php\\\/author\\\/erhardt_stiefel\\\/\"}]}<\/script>\n<!-- \/ Yoast SEO plugin. -->","yoast_head_json":{"title":"Der Himmel kann hier beginnen - Erhardt Stiefel&#039;s Fundgrube","robots":{"index":"index","follow":"follow","max-snippet":"max-snippet:-1","max-image-preview":"max-image-preview:large","max-video-preview":"max-video-preview:-1"},"canonical":"https:\/\/erhardt-stiefel.de\/index.php\/2024\/12\/03\/der-himmel-kann-hier-beginnen\/","og_locale":"de_DE","og_type":"article","og_title":"Der Himmel kann hier beginnen - Erhardt Stiefel&#039;s Fundgrube","og_description":"Zu derselben Stunde traten die J\u00fcnger zu Jesus und fragten: Wer ist doch der Gr\u00f6\u00dfte im Himmelreich? Jesus rief ein Kind zu sich und stellte es mitten unter sie und sprach: Wahrlich, ich sage euch: Wenn ihr nicht umkehrt und werdet wie die Kinder, so werdet ihr nicht ins Himmelreich kommen. Wer nun sich selbst &hellip; \u201eDer Himmel kann hier beginnen\u201c weiterlesen","og_url":"https:\/\/erhardt-stiefel.de\/index.php\/2024\/12\/03\/der-himmel-kann-hier-beginnen\/","og_site_name":"Erhardt Stiefel&#039;s Fundgrube","article_published_time":"2024-12-03T09:54:34+00:00","og_image":[{"width":800,"height":887,"url":"https:\/\/erhardt-stiefel.de\/wp-content\/uploads\/2020\/12\/03.jpg","type":"image\/jpeg"}],"author":"Erhardt","twitter_card":"summary_large_image","twitter_creator":"@erhardtstiefel77","twitter_misc":{"Geschrieben von":"Erhardt","Gesch\u00e4tzte Lesezeit":"4\u00a0Minuten"},"schema":{"@context":"https:\/\/schema.org","@graph":[{"@type":"Article","@id":"https:\/\/erhardt-stiefel.de\/index.php\/2024\/12\/03\/der-himmel-kann-hier-beginnen\/#article","isPartOf":{"@id":"https:\/\/erhardt-stiefel.de\/index.php\/2024\/12\/03\/der-himmel-kann-hier-beginnen\/"},"author":{"name":"Erhardt","@id":"https:\/\/erhardt-stiefel.de\/#\/schema\/person\/623af879bb14c4ae6622ece81ec006ef"},"headline":"Der Himmel kann hier beginnen","datePublished":"2024-12-03T09:54:34+00:00","mainEntityOfPage":{"@id":"https:\/\/erhardt-stiefel.de\/index.php\/2024\/12\/03\/der-himmel-kann-hier-beginnen\/"},"wordCount":615,"commentCount":0,"image":{"@id":"https:\/\/erhardt-stiefel.de\/index.php\/2024\/12\/03\/der-himmel-kann-hier-beginnen\/#primaryimage"},"thumbnailUrl":"https:\/\/erhardt-stiefel.de\/wp-content\/uploads\/2020\/12\/03.jpg","keywords":["Adler","Dezember","Matth\u00e4us"],"articleSection":["Adlerbotschaft","Predigten"],"inLanguage":"de","potentialAction":[{"@type":"CommentAction","name":"Comment","target":["https:\/\/erhardt-stiefel.de\/index.php\/2024\/12\/03\/der-himmel-kann-hier-beginnen\/#respond"]}]},{"@type":"WebPage","@id":"https:\/\/erhardt-stiefel.de\/index.php\/2024\/12\/03\/der-himmel-kann-hier-beginnen\/","url":"https:\/\/erhardt-stiefel.de\/index.php\/2024\/12\/03\/der-himmel-kann-hier-beginnen\/","name":"Der Himmel kann hier beginnen - Erhardt Stiefel&#039;s Fundgrube","isPartOf":{"@id":"https:\/\/erhardt-stiefel.de\/#website"},"primaryImageOfPage":{"@id":"https:\/\/erhardt-stiefel.de\/index.php\/2024\/12\/03\/der-himmel-kann-hier-beginnen\/#primaryimage"},"image":{"@id":"https:\/\/erhardt-stiefel.de\/index.php\/2024\/12\/03\/der-himmel-kann-hier-beginnen\/#primaryimage"},"thumbnailUrl":"https:\/\/erhardt-stiefel.de\/wp-content\/uploads\/2020\/12\/03.jpg","datePublished":"2024-12-03T09:54:34+00:00","author":{"@id":"https:\/\/erhardt-stiefel.de\/#\/schema\/person\/623af879bb14c4ae6622ece81ec006ef"},"breadcrumb":{"@id":"https:\/\/erhardt-stiefel.de\/index.php\/2024\/12\/03\/der-himmel-kann-hier-beginnen\/#breadcrumb"},"inLanguage":"de","potentialAction":[{"@type":"ReadAction","target":["https:\/\/erhardt-stiefel.de\/index.php\/2024\/12\/03\/der-himmel-kann-hier-beginnen\/"]}]},{"@type":"ImageObject","inLanguage":"de","@id":"https:\/\/erhardt-stiefel.de\/index.php\/2024\/12\/03\/der-himmel-kann-hier-beginnen\/#primaryimage","url":"https:\/\/erhardt-stiefel.de\/wp-content\/uploads\/2020\/12\/03.jpg","contentUrl":"https:\/\/erhardt-stiefel.de\/wp-content\/uploads\/2020\/12\/03.jpg","width":800,"height":887},{"@type":"BreadcrumbList","@id":"https:\/\/erhardt-stiefel.de\/index.php\/2024\/12\/03\/der-himmel-kann-hier-beginnen\/#breadcrumb","itemListElement":[{"@type":"ListItem","position":1,"name":"Home","item":"https:\/\/erhardt-stiefel.de\/"},{"@type":"ListItem","position":2,"name":"Der Himmel kann hier beginnen"}]},{"@type":"WebSite","@id":"https:\/\/erhardt-stiefel.de\/#website","url":"https:\/\/erhardt-stiefel.de\/","name":"Erhardt Stiefel&#039;s Fundgrube","description":"Erfahrungen mit CMS, Genealogie, Gott und der Welt - die ich sehr gerne mit dir teilen w\u00fcrde","potentialAction":[{"@type":"SearchAction","target":{"@type":"EntryPoint","urlTemplate":"https:\/\/erhardt-stiefel.de\/?s={search_term_string}"},"query-input":{"@type":"PropertyValueSpecification","valueRequired":true,"valueName":"search_term_string"}}],"inLanguage":"de"},{"@type":"Person","@id":"https:\/\/erhardt-stiefel.de\/#\/schema\/person\/623af879bb14c4ae6622ece81ec006ef","name":"Erhardt","image":{"@type":"ImageObject","inLanguage":"de","@id":"https:\/\/secure.gravatar.com\/avatar\/086c9cb068fa330c15ed0aabfea0b66ecfa387fd1d6eb1a1a3b0a963becd7f74?s=96&d=mm&r=g","url":"https:\/\/secure.gravatar.com\/avatar\/086c9cb068fa330c15ed0aabfea0b66ecfa387fd1d6eb1a1a3b0a963becd7f74?s=96&d=mm&r=g","contentUrl":"https:\/\/secure.gravatar.com\/avatar\/086c9cb068fa330c15ed0aabfea0b66ecfa387fd1d6eb1a1a3b0a963becd7f74?s=96&d=mm&r=g","caption":"Erhardt"},"sameAs":["https:\/\/erhardt-stiefel.de","https:\/\/x.com\/erhardtstiefel77"],"url":"https:\/\/erhardt-stiefel.de\/index.php\/author\/erhardt_stiefel\/"}]}},"jetpack_publicize_connections":[],"jetpack_featured_media_url":"","jetpack_sharing_enabled":true,"jetpack_shortlink":"https:\/\/wp.me\/paRlFh-2vo","_links":{"self":[{"href":"https:\/\/erhardt-stiefel.de\/index.php\/wp-json\/wp\/v2\/posts\/9634","targetHints":{"allow":["GET"]}}],"collection":[{"href":"https:\/\/erhardt-stiefel.de\/index.php\/wp-json\/wp\/v2\/posts"}],"about":[{"href":"https:\/\/erhardt-stiefel.de\/index.php\/wp-json\/wp\/v2\/types\/post"}],"author":[{"embeddable":true,"href":"https:\/\/erhardt-stiefel.de\/index.php\/wp-json\/wp\/v2\/users\/1"}],"replies":[{"embeddable":true,"href":"https:\/\/erhardt-stiefel.de\/index.php\/wp-json\/wp\/v2\/comments?post=9634"}],"version-history":[{"count":1,"href":"https:\/\/erhardt-stiefel.de\/index.php\/wp-json\/wp\/v2\/posts\/9634\/revisions"}],"predecessor-version":[{"id":9635,"href":"https:\/\/erhardt-stiefel.de\/index.php\/wp-json\/wp\/v2\/posts\/9634\/revisions\/9635"}],"wp:attachment":[{"href":"https:\/\/erhardt-stiefel.de\/index.php\/wp-json\/wp\/v2\/media?parent=9634"}],"wp:term":[{"taxonomy":"category","embeddable":true,"href":"https:\/\/erhardt-stiefel.de\/index.php\/wp-json\/wp\/v2\/categories?post=9634"},{"taxonomy":"post_tag","embeddable":true,"href":"https:\/\/erhardt-stiefel.de\/index.php\/wp-json\/wp\/v2\/tags?post=9634"}],"curies":[{"name":"wp","href":"https:\/\/api.w.org\/{rel}","templated":true}]}}