{"id":9706,"date":"2024-12-19T09:28:59","date_gmt":"2024-12-19T08:28:59","guid":{"rendered":"https:\/\/erhardt-stiefel.de\/?p=9706"},"modified":"2024-12-19T09:28:59","modified_gmt":"2024-12-19T08:28:59","slug":"der-weg-ist-lang-und-dornig","status":"publish","type":"post","link":"https:\/\/erhardt-stiefel.de\/index.php\/2024\/12\/19\/der-weg-ist-lang-und-dornig\/","title":{"rendered":"Der Weg ist lang und dornig"},"content":{"rendered":"<p><img loading=\"lazy\" decoding=\"async\" class=\"aligncenter size-full wp-image-4016\" src=\"https:\/\/erhardt-stiefel.de\/wp-content\/uploads\/2020\/12\/19.jpg\" alt=\"\" width=\"800\" height=\"887\" srcset=\"https:\/\/erhardt-stiefel.de\/wp-content\/uploads\/2020\/12\/19.jpg 800w, https:\/\/erhardt-stiefel.de\/wp-content\/uploads\/2020\/12\/19-271x300.jpg 271w, https:\/\/erhardt-stiefel.de\/wp-content\/uploads\/2020\/12\/19-768x852.jpg 768w\" sizes=\"auto, (max-width: 767px) 89vw, (max-width: 1000px) 54vw, (max-width: 1071px) 543px, 580px\" \/><\/p>\n<p style=\"text-align: left;\"><strong>Denn so spricht der Hohe und Erhabene, der ewig wohnt, dessen Name heilig ist: Ich wohne in der H\u00f6he und im Heiligtum und bei denen, die zerschlagenen und dem\u00fctigen Geistes sind, auf dass ich erquicke den Geist der Gedem\u00fctigten und das Herz der Zerschlagenen. <span style=\"color: #0000ff;\"><a style=\"color: #0000ff;\" href=\"https:\/\/www.bibleserver.com\/LUT\/Jesaja57%2C15\" target=\"_blank\" rel=\"noopener\">Jesaja 57, 15<\/a><\/span><\/strong><\/p>\n<p style=\"text-align: left;\" align=\"JUSTIFY\">Ich werde an den Kampf um Stalingrad erinnert. Die sechste deutsche Armee mit 230.000 Soldaten war von russischen Truppen umzingelt und der Winter war mit aller H\u00e4rte \u00fcber die Soldaten hereingebrochen. Die Hoffnung auf Befreiung war geschwunden, ebenso ihr Vertrauen auf den gro\u00dfen F\u00fchrer, der ihnen ein Tausendj\u00e4hriges Reich versprochen hatte. Tausende waren bereits erfroren und andere waren halb verhungert, als die Bitte an das Hauptquartier erging, man m\u00f6ge ihnen Bibeln schicken. Die wenigen, die kamen, mussten reichen, damit jeder, der wollte, wenigstens eine Seite zum Lesen bekam. Dann hockten sie in ihren Gr\u00e4ben und lasen, was Gott zu sagen hatte. Viele lasen es immer wieder und jedes Wort erschien ihnen wie ein Gru\u00df aus einer anderen Welt. Als dann der Heilige Abend kam und das Lied \u201eStille Nacht, heilige Nacht\u201c durch die Lautsprecher ert\u00f6nte, blieb kein Auge trocken. Harte M\u00e4nner mit versteinerten Herzen begannen zum ersten Mal in ihrem Leben zu weinen. Es war, als lege sich eine heilige Atmosph\u00e4re \u00fcber die Todgeweihten. Ich lernte den Piloten eines der letzten Flugzeuge kennen, der Verwundete auszufliegen hatte. Er best\u00e4tigte mir die dramatischen Umst\u00e4nde und f\u00fcgte hinzu: \u201eDer Weg zu den Herzen meiner Kameraden war sehr lang und dornig, aber Gott hatte es geschafft, zu ihnen zu kommen.\u201c<\/p>\n<p style=\"text-align: left;\" align=\"JUSTIFY\">Der Mensch hat von Natur aus ein feindliches Verh\u00e4ltnis zu seinem Sch\u00f6pfer. Der ber\u00fchmte Physiker und Begr\u00fcnder der Relativit\u00e4tstheorie und Tr\u00e4ger des Nobelpreises 1921 Albert Einstein (1879-1955) beschrieb das so: \u201eDas einzig wahre Problem aller Zeiten liegt im Herzen und in den Gedanken des Menschen. Es geht dabei nicht um ein physikalisches, sondern um ein moralisches Problem. Es ist leichter, die Zusammensetzung des Plutoniums zu \u00e4ndern, als den schlechten Geist eines Menschen. Es ist nicht die Sprengkraft einer Atombombe, die uns erschreckt, sondern die boshafte Kraft des menschlichen Herzens.\u201c<\/p>\n<p style=\"text-align: left;\">Bei einer Weihnachtsfeier im Kindergarten wurden die Kleinen gefragt, warum Gott seinen Sohn nicht irgendwo in einem K\u00f6nigshaus zur Welt kommen lie\u00df, sondern ausgerechnet in Bethlehem, im letzten Winkel der Welt und dazu auch noch in einem Stall. Einen Augenblick herrschte nachdenkliche Stille. Dann meldet sich ein Kind zu Wort: \u201eIst doch klar\u201c, sagte es, \u201esonst h\u00e4tten ja die Hirten mit ihren schmutzigen Stiefeln nicht zum Jesuskind kommen k\u00f6nnen!\u201c Die Antwort trifft ins Schwarze. Gott ist deshalb ganz unten in der Gesellschaft eingezogen, damit die mit den schmutzigen Stiefeln zu ihm kommen k\u00f6nnen, um Frieden zu finden.<\/p>\n<p style=\"text-align: left;\" align=\"JUSTIFY\">Dieser verhei\u00dfene Friede ist nicht ein momentaner Waffenstillstand, der jederzeit wieder zusammenbrechen kann &#8211; so wie wir es im Nahen Osten dauernd erleben. Es ist viel mehr der Zustand einer Geborgenheit, wie sie sch\u00f6ner und tiefer nicht sein kann. Deshalb hei\u00dft es auch: <em>Friede bei den Menschen, auf denen Gottes Wohlgefallen ruht.<\/em> Egal, wie deine Situation auch sein mag, Gott sucht einen Weg, dir zu helfen. Aber er kann nur zu denen kommen, die sich vor ihm dem\u00fctigen und von sich selbst restlos entt\u00e4uscht sind. Geh\u00f6rst du dazu?<\/p>\n","protected":false},"excerpt":{"rendered":"<p>Denn so spricht der Hohe und Erhabene, der ewig wohnt, dessen Name heilig ist: Ich wohne in der H\u00f6he und im Heiligtum und bei denen, die zerschlagenen und dem\u00fctigen Geistes sind, auf dass ich erquicke den Geist der Gedem\u00fctigten und das Herz der Zerschlagenen. Jesaja 57, 15 Ich werde an den Kampf um Stalingrad erinnert. &hellip; <\/p>\n<p class=\"link-more\"><a href=\"https:\/\/erhardt-stiefel.de\/index.php\/2024\/12\/19\/der-weg-ist-lang-und-dornig\/\" class=\"more-link\"><span class=\"screen-reader-text\">\u201eDer Weg ist lang und dornig\u201c<\/span> weiterlesen<\/a><\/p>\n","protected":false},"author":1,"featured_media":0,"comment_status":"open","ping_status":"closed","sticky":false,"template":"","format":"standard","meta":{"_exactmetrics_skip_tracking":false,"_exactmetrics_sitenote_active":false,"_exactmetrics_sitenote_note":"","_exactmetrics_sitenote_category":0,"ngg_post_thumbnail":0,"jetpack_post_was_ever_published":false,"_jetpack_newsletter_access":"","_jetpack_dont_email_post_to_subs":false,"_jetpack_newsletter_tier_id":0,"_jetpack_memberships_contains_paywalled_content":false,"_jetpack_memberships_contains_paid_content":false,"footnotes":"","jetpack_publicize_message":"","jetpack_publicize_feature_enabled":true,"jetpack_social_post_already_shared":true,"jetpack_social_options":{"image_generator_settings":{"template":"highway","default_image_id":0,"font":"","enabled":false},"version":2}},"categories":[319,311],"tags":[317,336,340],"class_list":["post-9706","post","type-post","status-publish","format-standard","hentry","category-adlerbotschaft","category-predigten","tag-adler","tag-dezember","tag-jesaja"],"yoast_head":"<!-- This site is optimized with the Yoast SEO plugin v27.5 - https:\/\/yoast.com\/product\/yoast-seo-wordpress\/ -->\n<title>Der Weg ist lang und dornig - Erhardt Stiefel&#039;s Fundgrube<\/title>\n<meta name=\"robots\" content=\"index, follow, max-snippet:-1, max-image-preview:large, max-video-preview:-1\" \/>\n<link rel=\"canonical\" href=\"https:\/\/erhardt-stiefel.de\/index.php\/2024\/12\/19\/der-weg-ist-lang-und-dornig\/\" \/>\n<meta property=\"og:locale\" content=\"de_DE\" \/>\n<meta property=\"og:type\" content=\"article\" \/>\n<meta property=\"og:title\" content=\"Der Weg ist lang und dornig - Erhardt Stiefel&#039;s Fundgrube\" \/>\n<meta property=\"og:description\" content=\"Denn so spricht der Hohe und Erhabene, der ewig wohnt, dessen Name heilig ist: Ich wohne in der H\u00f6he und im Heiligtum und bei denen, die zerschlagenen und dem\u00fctigen Geistes sind, auf dass ich erquicke den Geist der Gedem\u00fctigten und das Herz der Zerschlagenen. Jesaja 57, 15 Ich werde an den Kampf um Stalingrad erinnert. &hellip; \u201eDer Weg ist lang und dornig\u201c weiterlesen\" \/>\n<meta property=\"og:url\" content=\"https:\/\/erhardt-stiefel.de\/index.php\/2024\/12\/19\/der-weg-ist-lang-und-dornig\/\" \/>\n<meta property=\"og:site_name\" content=\"Erhardt Stiefel&#039;s Fundgrube\" \/>\n<meta property=\"article:published_time\" content=\"2024-12-19T08:28:59+00:00\" \/>\n<meta property=\"og:image\" content=\"https:\/\/erhardt-stiefel.de\/wp-content\/uploads\/2020\/12\/19.jpg\" \/>\n\t<meta property=\"og:image:width\" content=\"800\" \/>\n\t<meta property=\"og:image:height\" content=\"887\" \/>\n\t<meta property=\"og:image:type\" content=\"image\/jpeg\" \/>\n<meta name=\"author\" content=\"Erhardt\" \/>\n<meta name=\"twitter:card\" content=\"summary_large_image\" \/>\n<meta name=\"twitter:creator\" content=\"@erhardtstiefel77\" \/>\n<meta name=\"twitter:label1\" content=\"Geschrieben von\" \/>\n\t<meta name=\"twitter:data1\" content=\"Erhardt\" \/>\n\t<meta name=\"twitter:label2\" content=\"Gesch\u00e4tzte Lesezeit\" \/>\n\t<meta name=\"twitter:data2\" content=\"4\u00a0Minuten\" \/>\n<script type=\"application\/ld+json\" class=\"yoast-schema-graph\">{\"@context\":\"https:\\\/\\\/schema.org\",\"@graph\":[{\"@type\":\"Article\",\"@id\":\"https:\\\/\\\/erhardt-stiefel.de\\\/index.php\\\/2024\\\/12\\\/19\\\/der-weg-ist-lang-und-dornig\\\/#article\",\"isPartOf\":{\"@id\":\"https:\\\/\\\/erhardt-stiefel.de\\\/index.php\\\/2024\\\/12\\\/19\\\/der-weg-ist-lang-und-dornig\\\/\"},\"author\":{\"name\":\"Erhardt\",\"@id\":\"https:\\\/\\\/erhardt-stiefel.de\\\/#\\\/schema\\\/person\\\/623af879bb14c4ae6622ece81ec006ef\"},\"headline\":\"Der Weg ist lang und dornig\",\"datePublished\":\"2024-12-19T08:28:59+00:00\",\"mainEntityOfPage\":{\"@id\":\"https:\\\/\\\/erhardt-stiefel.de\\\/index.php\\\/2024\\\/12\\\/19\\\/der-weg-ist-lang-und-dornig\\\/\"},\"wordCount\":561,\"commentCount\":0,\"image\":{\"@id\":\"https:\\\/\\\/erhardt-stiefel.de\\\/index.php\\\/2024\\\/12\\\/19\\\/der-weg-ist-lang-und-dornig\\\/#primaryimage\"},\"thumbnailUrl\":\"https:\\\/\\\/erhardt-stiefel.de\\\/wp-content\\\/uploads\\\/2020\\\/12\\\/19.jpg\",\"keywords\":[\"Adler\",\"Dezember\",\"Jesaja\"],\"articleSection\":[\"Adlerbotschaft\",\"Predigten\"],\"inLanguage\":\"de\",\"potentialAction\":[{\"@type\":\"CommentAction\",\"name\":\"Comment\",\"target\":[\"https:\\\/\\\/erhardt-stiefel.de\\\/index.php\\\/2024\\\/12\\\/19\\\/der-weg-ist-lang-und-dornig\\\/#respond\"]}]},{\"@type\":\"WebPage\",\"@id\":\"https:\\\/\\\/erhardt-stiefel.de\\\/index.php\\\/2024\\\/12\\\/19\\\/der-weg-ist-lang-und-dornig\\\/\",\"url\":\"https:\\\/\\\/erhardt-stiefel.de\\\/index.php\\\/2024\\\/12\\\/19\\\/der-weg-ist-lang-und-dornig\\\/\",\"name\":\"Der Weg ist lang und dornig - Erhardt Stiefel&#039;s Fundgrube\",\"isPartOf\":{\"@id\":\"https:\\\/\\\/erhardt-stiefel.de\\\/#website\"},\"primaryImageOfPage\":{\"@id\":\"https:\\\/\\\/erhardt-stiefel.de\\\/index.php\\\/2024\\\/12\\\/19\\\/der-weg-ist-lang-und-dornig\\\/#primaryimage\"},\"image\":{\"@id\":\"https:\\\/\\\/erhardt-stiefel.de\\\/index.php\\\/2024\\\/12\\\/19\\\/der-weg-ist-lang-und-dornig\\\/#primaryimage\"},\"thumbnailUrl\":\"https:\\\/\\\/erhardt-stiefel.de\\\/wp-content\\\/uploads\\\/2020\\\/12\\\/19.jpg\",\"datePublished\":\"2024-12-19T08:28:59+00:00\",\"author\":{\"@id\":\"https:\\\/\\\/erhardt-stiefel.de\\\/#\\\/schema\\\/person\\\/623af879bb14c4ae6622ece81ec006ef\"},\"breadcrumb\":{\"@id\":\"https:\\\/\\\/erhardt-stiefel.de\\\/index.php\\\/2024\\\/12\\\/19\\\/der-weg-ist-lang-und-dornig\\\/#breadcrumb\"},\"inLanguage\":\"de\",\"potentialAction\":[{\"@type\":\"ReadAction\",\"target\":[\"https:\\\/\\\/erhardt-stiefel.de\\\/index.php\\\/2024\\\/12\\\/19\\\/der-weg-ist-lang-und-dornig\\\/\"]}]},{\"@type\":\"ImageObject\",\"inLanguage\":\"de\",\"@id\":\"https:\\\/\\\/erhardt-stiefel.de\\\/index.php\\\/2024\\\/12\\\/19\\\/der-weg-ist-lang-und-dornig\\\/#primaryimage\",\"url\":\"https:\\\/\\\/erhardt-stiefel.de\\\/wp-content\\\/uploads\\\/2020\\\/12\\\/19.jpg\",\"contentUrl\":\"https:\\\/\\\/erhardt-stiefel.de\\\/wp-content\\\/uploads\\\/2020\\\/12\\\/19.jpg\",\"width\":800,\"height\":887},{\"@type\":\"BreadcrumbList\",\"@id\":\"https:\\\/\\\/erhardt-stiefel.de\\\/index.php\\\/2024\\\/12\\\/19\\\/der-weg-ist-lang-und-dornig\\\/#breadcrumb\",\"itemListElement\":[{\"@type\":\"ListItem\",\"position\":1,\"name\":\"Home\",\"item\":\"https:\\\/\\\/erhardt-stiefel.de\\\/\"},{\"@type\":\"ListItem\",\"position\":2,\"name\":\"Der Weg ist lang und dornig\"}]},{\"@type\":\"WebSite\",\"@id\":\"https:\\\/\\\/erhardt-stiefel.de\\\/#website\",\"url\":\"https:\\\/\\\/erhardt-stiefel.de\\\/\",\"name\":\"Erhardt Stiefel&#039;s Fundgrube\",\"description\":\"Erfahrungen mit CMS, Genealogie, Gott und der Welt - die ich sehr gerne mit dir teilen w\u00fcrde\",\"potentialAction\":[{\"@type\":\"SearchAction\",\"target\":{\"@type\":\"EntryPoint\",\"urlTemplate\":\"https:\\\/\\\/erhardt-stiefel.de\\\/?s={search_term_string}\"},\"query-input\":{\"@type\":\"PropertyValueSpecification\",\"valueRequired\":true,\"valueName\":\"search_term_string\"}}],\"inLanguage\":\"de\"},{\"@type\":\"Person\",\"@id\":\"https:\\\/\\\/erhardt-stiefel.de\\\/#\\\/schema\\\/person\\\/623af879bb14c4ae6622ece81ec006ef\",\"name\":\"Erhardt\",\"image\":{\"@type\":\"ImageObject\",\"inLanguage\":\"de\",\"@id\":\"https:\\\/\\\/secure.gravatar.com\\\/avatar\\\/086c9cb068fa330c15ed0aabfea0b66ecfa387fd1d6eb1a1a3b0a963becd7f74?s=96&d=mm&r=g\",\"url\":\"https:\\\/\\\/secure.gravatar.com\\\/avatar\\\/086c9cb068fa330c15ed0aabfea0b66ecfa387fd1d6eb1a1a3b0a963becd7f74?s=96&d=mm&r=g\",\"contentUrl\":\"https:\\\/\\\/secure.gravatar.com\\\/avatar\\\/086c9cb068fa330c15ed0aabfea0b66ecfa387fd1d6eb1a1a3b0a963becd7f74?s=96&d=mm&r=g\",\"caption\":\"Erhardt\"},\"sameAs\":[\"https:\\\/\\\/erhardt-stiefel.de\",\"https:\\\/\\\/x.com\\\/erhardtstiefel77\"],\"url\":\"https:\\\/\\\/erhardt-stiefel.de\\\/index.php\\\/author\\\/erhardt_stiefel\\\/\"}]}<\/script>\n<!-- \/ Yoast SEO plugin. -->","yoast_head_json":{"title":"Der Weg ist lang und dornig - Erhardt Stiefel&#039;s Fundgrube","robots":{"index":"index","follow":"follow","max-snippet":"max-snippet:-1","max-image-preview":"max-image-preview:large","max-video-preview":"max-video-preview:-1"},"canonical":"https:\/\/erhardt-stiefel.de\/index.php\/2024\/12\/19\/der-weg-ist-lang-und-dornig\/","og_locale":"de_DE","og_type":"article","og_title":"Der Weg ist lang und dornig - Erhardt Stiefel&#039;s Fundgrube","og_description":"Denn so spricht der Hohe und Erhabene, der ewig wohnt, dessen Name heilig ist: Ich wohne in der H\u00f6he und im Heiligtum und bei denen, die zerschlagenen und dem\u00fctigen Geistes sind, auf dass ich erquicke den Geist der Gedem\u00fctigten und das Herz der Zerschlagenen. Jesaja 57, 15 Ich werde an den Kampf um Stalingrad erinnert. &hellip; \u201eDer Weg ist lang und dornig\u201c weiterlesen","og_url":"https:\/\/erhardt-stiefel.de\/index.php\/2024\/12\/19\/der-weg-ist-lang-und-dornig\/","og_site_name":"Erhardt Stiefel&#039;s Fundgrube","article_published_time":"2024-12-19T08:28:59+00:00","og_image":[{"width":800,"height":887,"url":"https:\/\/erhardt-stiefel.de\/wp-content\/uploads\/2020\/12\/19.jpg","type":"image\/jpeg"}],"author":"Erhardt","twitter_card":"summary_large_image","twitter_creator":"@erhardtstiefel77","twitter_misc":{"Geschrieben von":"Erhardt","Gesch\u00e4tzte Lesezeit":"4\u00a0Minuten"},"schema":{"@context":"https:\/\/schema.org","@graph":[{"@type":"Article","@id":"https:\/\/erhardt-stiefel.de\/index.php\/2024\/12\/19\/der-weg-ist-lang-und-dornig\/#article","isPartOf":{"@id":"https:\/\/erhardt-stiefel.de\/index.php\/2024\/12\/19\/der-weg-ist-lang-und-dornig\/"},"author":{"name":"Erhardt","@id":"https:\/\/erhardt-stiefel.de\/#\/schema\/person\/623af879bb14c4ae6622ece81ec006ef"},"headline":"Der Weg ist lang und dornig","datePublished":"2024-12-19T08:28:59+00:00","mainEntityOfPage":{"@id":"https:\/\/erhardt-stiefel.de\/index.php\/2024\/12\/19\/der-weg-ist-lang-und-dornig\/"},"wordCount":561,"commentCount":0,"image":{"@id":"https:\/\/erhardt-stiefel.de\/index.php\/2024\/12\/19\/der-weg-ist-lang-und-dornig\/#primaryimage"},"thumbnailUrl":"https:\/\/erhardt-stiefel.de\/wp-content\/uploads\/2020\/12\/19.jpg","keywords":["Adler","Dezember","Jesaja"],"articleSection":["Adlerbotschaft","Predigten"],"inLanguage":"de","potentialAction":[{"@type":"CommentAction","name":"Comment","target":["https:\/\/erhardt-stiefel.de\/index.php\/2024\/12\/19\/der-weg-ist-lang-und-dornig\/#respond"]}]},{"@type":"WebPage","@id":"https:\/\/erhardt-stiefel.de\/index.php\/2024\/12\/19\/der-weg-ist-lang-und-dornig\/","url":"https:\/\/erhardt-stiefel.de\/index.php\/2024\/12\/19\/der-weg-ist-lang-und-dornig\/","name":"Der Weg ist lang und dornig - Erhardt Stiefel&#039;s Fundgrube","isPartOf":{"@id":"https:\/\/erhardt-stiefel.de\/#website"},"primaryImageOfPage":{"@id":"https:\/\/erhardt-stiefel.de\/index.php\/2024\/12\/19\/der-weg-ist-lang-und-dornig\/#primaryimage"},"image":{"@id":"https:\/\/erhardt-stiefel.de\/index.php\/2024\/12\/19\/der-weg-ist-lang-und-dornig\/#primaryimage"},"thumbnailUrl":"https:\/\/erhardt-stiefel.de\/wp-content\/uploads\/2020\/12\/19.jpg","datePublished":"2024-12-19T08:28:59+00:00","author":{"@id":"https:\/\/erhardt-stiefel.de\/#\/schema\/person\/623af879bb14c4ae6622ece81ec006ef"},"breadcrumb":{"@id":"https:\/\/erhardt-stiefel.de\/index.php\/2024\/12\/19\/der-weg-ist-lang-und-dornig\/#breadcrumb"},"inLanguage":"de","potentialAction":[{"@type":"ReadAction","target":["https:\/\/erhardt-stiefel.de\/index.php\/2024\/12\/19\/der-weg-ist-lang-und-dornig\/"]}]},{"@type":"ImageObject","inLanguage":"de","@id":"https:\/\/erhardt-stiefel.de\/index.php\/2024\/12\/19\/der-weg-ist-lang-und-dornig\/#primaryimage","url":"https:\/\/erhardt-stiefel.de\/wp-content\/uploads\/2020\/12\/19.jpg","contentUrl":"https:\/\/erhardt-stiefel.de\/wp-content\/uploads\/2020\/12\/19.jpg","width":800,"height":887},{"@type":"BreadcrumbList","@id":"https:\/\/erhardt-stiefel.de\/index.php\/2024\/12\/19\/der-weg-ist-lang-und-dornig\/#breadcrumb","itemListElement":[{"@type":"ListItem","position":1,"name":"Home","item":"https:\/\/erhardt-stiefel.de\/"},{"@type":"ListItem","position":2,"name":"Der Weg ist lang und dornig"}]},{"@type":"WebSite","@id":"https:\/\/erhardt-stiefel.de\/#website","url":"https:\/\/erhardt-stiefel.de\/","name":"Erhardt Stiefel&#039;s Fundgrube","description":"Erfahrungen mit CMS, Genealogie, Gott und der Welt - die ich sehr gerne mit dir teilen w\u00fcrde","potentialAction":[{"@type":"SearchAction","target":{"@type":"EntryPoint","urlTemplate":"https:\/\/erhardt-stiefel.de\/?s={search_term_string}"},"query-input":{"@type":"PropertyValueSpecification","valueRequired":true,"valueName":"search_term_string"}}],"inLanguage":"de"},{"@type":"Person","@id":"https:\/\/erhardt-stiefel.de\/#\/schema\/person\/623af879bb14c4ae6622ece81ec006ef","name":"Erhardt","image":{"@type":"ImageObject","inLanguage":"de","@id":"https:\/\/secure.gravatar.com\/avatar\/086c9cb068fa330c15ed0aabfea0b66ecfa387fd1d6eb1a1a3b0a963becd7f74?s=96&d=mm&r=g","url":"https:\/\/secure.gravatar.com\/avatar\/086c9cb068fa330c15ed0aabfea0b66ecfa387fd1d6eb1a1a3b0a963becd7f74?s=96&d=mm&r=g","contentUrl":"https:\/\/secure.gravatar.com\/avatar\/086c9cb068fa330c15ed0aabfea0b66ecfa387fd1d6eb1a1a3b0a963becd7f74?s=96&d=mm&r=g","caption":"Erhardt"},"sameAs":["https:\/\/erhardt-stiefel.de","https:\/\/x.com\/erhardtstiefel77"],"url":"https:\/\/erhardt-stiefel.de\/index.php\/author\/erhardt_stiefel\/"}]}},"jetpack_publicize_connections":[],"jetpack_featured_media_url":"","jetpack_sharing_enabled":true,"jetpack_shortlink":"https:\/\/wp.me\/paRlFh-2wy","_links":{"self":[{"href":"https:\/\/erhardt-stiefel.de\/index.php\/wp-json\/wp\/v2\/posts\/9706","targetHints":{"allow":["GET"]}}],"collection":[{"href":"https:\/\/erhardt-stiefel.de\/index.php\/wp-json\/wp\/v2\/posts"}],"about":[{"href":"https:\/\/erhardt-stiefel.de\/index.php\/wp-json\/wp\/v2\/types\/post"}],"author":[{"embeddable":true,"href":"https:\/\/erhardt-stiefel.de\/index.php\/wp-json\/wp\/v2\/users\/1"}],"replies":[{"embeddable":true,"href":"https:\/\/erhardt-stiefel.de\/index.php\/wp-json\/wp\/v2\/comments?post=9706"}],"version-history":[{"count":1,"href":"https:\/\/erhardt-stiefel.de\/index.php\/wp-json\/wp\/v2\/posts\/9706\/revisions"}],"predecessor-version":[{"id":9707,"href":"https:\/\/erhardt-stiefel.de\/index.php\/wp-json\/wp\/v2\/posts\/9706\/revisions\/9707"}],"wp:attachment":[{"href":"https:\/\/erhardt-stiefel.de\/index.php\/wp-json\/wp\/v2\/media?parent=9706"}],"wp:term":[{"taxonomy":"category","embeddable":true,"href":"https:\/\/erhardt-stiefel.de\/index.php\/wp-json\/wp\/v2\/categories?post=9706"},{"taxonomy":"post_tag","embeddable":true,"href":"https:\/\/erhardt-stiefel.de\/index.php\/wp-json\/wp\/v2\/tags?post=9706"}],"curies":[{"name":"wp","href":"https:\/\/api.w.org\/{rel}","templated":true}]}}